{"id":52655,"date":"2023-09-12T19:29:46","date_gmt":"2023-09-12T19:29:46","guid":{"rendered":"https:\/\/blog.corretoraideal.com.br\/?p=52655"},"modified":"2023-09-12T19:29:46","modified_gmt":"2023-09-12T19:29:46","slug":"o-que-e-usb-c-padrao-de-conexao-que-o-iphone-passa-a-adotar-depois-de-pressao-sobre-a-apple-tecnologia-g1","status":"publish","type":"post","link":"https:\/\/blog.corretoraideal.com.br\/index.php\/2023\/09\/12\/o-que-e-usb-c-padrao-de-conexao-que-o-iphone-passa-a-adotar-depois-de-pressao-sobre-a-apple-tecnologia-g1\/","title":{"rendered":"O que \u00e9 USB-C, padr\u00e3o de conex\u00e3o que o iPhone passa a adotar, depois de press\u00e3o sobre a Apple | Tecnologia | G1"},"content":{"rendered":"<p>      1 de 2&#013;Da esq para dir, cabos Lightning, usado pela Apple, e os padr\u00f5es USB-A (o mais comum) e USB-C \u2014 Foto: Henrique Martin\/g1    <\/p>\n<p> Da esq para dir, cabos Lightning, usado pela Apple, e os padr\u00f5es USB-A (o mais comum) e USB-C \u2014 Foto: Henrique Martin\/g1 <\/p>\n<p> O iPhone fica um pouco menos exclusivo a partir de agora: <a class href=\"https:\/\/g1.globo.com\/tecnologia\/noticia\/2023\/09\/12\/evento-da-apple.ghtml\">a linha 15 passa a adotar um padr\u00e3o mais &quot;popular&quot; de conex\u00e3o com o carregador<\/a> e <a class href=\"https:\/\/g1.globo.com\/tecnologia\/noticia\/2023\/09\/12\/apple-watch-9-tem-controle-por-gestos-veja-mais-novidades-do-relogio.ghtml\">outros dispositivos.<\/a> <\/p>\n<p> Sai o modelo Lightning, que era usado h\u00e1 dez anos pela <a class href=\"https:\/\/g1.globo.com\/tudo-sobre\/apple\/\">Apple<\/a>, e entra o USB-C (tamb\u00e9m conhecido como USB tipo C), presente em celulares como os da Samsung e diversas outras marcas. <\/p>\n<p> <strong>Leia tamb\u00e9m: <\/strong> <\/p>\n<ul>\n<li><a class href=\"https:\/\/g1.globo.com\/tecnologia\/noticia\/2023\/09\/12\/iphone-15-precos-e-novidades-dos-novos-modelos.ghtml\">Veja todos os pre\u00e7os do iPhone 15<\/a><\/li>\n<li><a class href=\"https:\/\/g1.globo.com\/tecnologia\/noticia\/2023\/09\/12\/iphone-15-vs-14-veja-comparacao-de-precos-no-brasil.ghtml\">iPhone 15 vs 14: veja compara\u00e7\u00e3o de pre\u00e7os no Brasil<\/a><\/li>\n<li><a class href=\"https:\/\/g1.globo.com\/tecnologia\/noticia\/2023\/09\/11\/iphone-15-3-polemicas-e-curiosidades-do-novo-lancamento-da-apple.ghtml\">Tr\u00eas pol\u00eamicas e curiosidades do novo lan\u00e7amento da Apple<\/a><\/li>\n<\/ul>\n<p> A novidade \u00e9 for\u00e7ada por uma <a class href=\"https:\/\/g1.globo.com\/tecnologia\/noticia\/2022\/10\/04\/carregador-universal-de-celular-sera-obrigatorio-na-ue-apple-tera-que-se-ajustar-a-norma-na-europa.ghtml\">determina\u00e7\u00e3o da Uni\u00e3o Europeia por padroniza\u00e7\u00e3o dos carregadores<\/a>. <\/p>\n<p>         2 de 2&#013;Apple j\u00e1 usava cabo tipo C em iPads e MacBooks \u2014 Foto: Altieres Rohr\/G1    <\/p>\n<p> Apple j\u00e1 usava cabo tipo C em iPads e MacBooks \u2014 Foto: Altieres Rohr\/G1 <\/p>\n<p> A <a class href=\"https:\/\/g1.globo.com\/tecnologia\/noticia\/2014\/04\/organizacao-mostra-pela-1-vez-imagens-do-novo-usb-reversivel.html\">tecnologia USB tipo C surgiu em 2014<\/a>, criada pelo USB Implementers Forum (USB-IF), grupo que re\u00fane fabricantes de softwares l\u00edderes do mercado. <\/p>\n<p> Juntas, essas empresas desenvolvem os padr\u00f5es a serem adotados nas especifica\u00e7\u00f5es t\u00e9cnicas do Universal Serial Bus (USB). <\/p>\n<p> Nos anos seguintes, o USB-C conquistaria o mercado pela praticidade, tamanho e velocidade de transmiss\u00e3o de dados. A pr\u00f3pria Apple j\u00e1 tinha adotado o padr\u00e3o para Macbook, iPad e os fones de ouvido Airpod. <\/p>\n<p> Al\u00e9m dele, existe o <strong>USB-A<\/strong>, que \u00e9 a conex\u00e3o mais comum. <\/p>\n<p><h2>Principais vantagens do USB-C<\/h2>\n<\/p>\n<p> &quot;A primeira vantagem dele \u00e9 o tamanho, j\u00e1 que os aparelhos eletr\u00f4nicos hoje est\u00e3o cada dia menores e mais r\u00e1pidos&quot;, explica Lu\u00eds Pinheiro, professor da Tech Channel Centro de Capacita\u00e7\u00e3o, empresa que prepara profissionais para atuar com reparos de celulares. <\/p>\n<p> Justamente por esse motivo, o USB-C j\u00e1 estava presente em MacBooks antes da determina\u00e7\u00e3o da Uni\u00e3o Europeia, j\u00e1 que as dimens\u00f5es do cabo possibilitavam a espessura de apenas 1,3 cm do computador. A Apple tamb\u00e9m j\u00e1 utiliza a entrada nos iPads. <\/p>\n<p> <strong>Veja mais: <\/strong> <\/p>\n<ul>\n<li><a class href=\"https:\/\/g1.globo.com\/tecnologia\/noticia\/2023\/09\/12\/apple-watch-9-tem-controle-por-gestos-veja-mais-novidades-do-relogio.ghtml\">Apple Watch 9 tem controle por gestos; veja pre\u00e7os e mais novidades do rel\u00f3gio<\/a><\/li>\n<li><a class href=\"https:\/\/g1.globo.com\/economia\/noticia\/2023\/09\/12\/iphone-15-custa-mais-de-5-salarios-minimos-veja-quanto-custaram-os-ultimos-aparelhos.ghtml\">iPhone 15 custa mais de 5 sal\u00e1rios m\u00ednimos<\/a> <\/li>\n<\/ul>\n<p> &quot;Al\u00e9m de alimentar (energizar aparelhos), o USB-C tem diversos protocolos, que permitem transmitir dados de \u00e1udio, v\u00eddeo e redes (internet), por exemplo&quot;, conta ao <a class href=\"https:\/\/g1.globo.com\/\"><strong>g1<\/strong><\/a> Murilo Zanini de Carvalho, professor de engenharia de computa\u00e7\u00e3o do Instituto Mau\u00e1 de Tecnologia (IMT). <\/p>\n<p> Uma das inova\u00e7\u00f5es da tecnologia tamb\u00e9m \u00e9 que o cabo \u00e9 revers\u00edvel. Ou seja, pode ser inserido &quot;de cabe\u00e7a para cima&quot; ou &quot;para baixo&quot; nos dispositivos e funciona da mesma forma. <\/p>\n<p> <strong>Outros benef\u00edcios do USB-C<\/strong> <\/p>\n<ul>\n<li><strong>Universal: <\/strong>pode ser usado em v\u00e1rios aparelhos diferentes;<\/li>\n<li><strong>Velocidade:<\/strong> transmiss\u00e3o de dados maior, a at\u00e9 10 Gbps (o suficiente para v\u00eddeos 4K);<\/li>\n<li><strong>Pot\u00eancia:<\/strong> com at\u00e9 100 W, pode carregar um computador. <\/li>\n<\/ul>\n<p><h2>Quais aparelhos j\u00e1 t\u00eam a conex\u00e3o <\/h2>\n<\/p>\n<p>&quot;A maioria dos dispositivos eletr\u00f4nicos \u2014 como computadores, notebooks e tablets \u2014 j\u00e1 utilizam essa tecnologia, mais r\u00e1pida para a troca de dados e com uma pot\u00eancia maior para carregar dispositivos&quot;, diz Pinheiro.<\/p>\n<p> A variedade \u00e9 ilustrada pela diversidade de aparelhos fabricados por membros do USB-IF, entre eles gigantes como Samsung, LG, Xiaomi, Acer, Microsoft, Dell, HP, Motorola, Sony e a pr\u00f3pria Apple. <\/p>\n<p> Dessa forma, a conex\u00e3o j\u00e1 \u00e9 encontrada em dispositivos como: <\/p>\n<ul>\n<li>celulares Android; <\/li>\n<li>tablets; <\/li>\n<li>notebooks;<\/li>\n<li>estojos de fones de ouvido; <\/li>\n<li>monitores; <\/li>\n<li>caixas de som;<\/li>\n<li>consoles de videogames.<\/li>\n<\/ul>\n<p>                   <img loading=\"lazy\" decoding=\"async\" class=\"aligncenter size-full wp-image-52657\" src=\"https:\/\/blog.corretoraideal.com.br\/wp-content\/uploads\/2023\/09\/g1-testa-iphone-14.jpeg\" alt=\"g1 testa iPhone 14\" width=\"800\" height=\"400\" \/>      <\/p>\n<p> g1 testa iPhone 14 <\/p>\n<p><h2><strong><\/strong>Celular perdido? Veja como localizar iPhone e Android pelo computador:<\/h2>\n<\/p>\n<p>      <a href=\"https:\/\/g1.globo.com\/economia\/tecnologia\/stories\/2022\/09\/15\/celular-perdido-veja-como-localizar-iphone-e-android-pelo-computador.ghtml\">Webstories<\/a>     <\/p>\n<ul>\n<li> <a href=\"https:\/\/g1.globo.com\/tudo-sobre\/apple\/\" class=\"entities__list-itemLink\" data-track-click=\"Apple\"> Apple <\/a> <\/li>\n<\/ul>\n","protected":false},"excerpt":{"rendered":"<p>1 de 2&#013;Da esq para dir, cabos Lightning, usado pela Apple, e os padr\u00f5es USB-A (o mais comum) e USB-C \u2014 Foto: Henrique Martin\/g1 Da esq para dir, cabos Lightning, usado pela Apple, e os padr\u00f5es USB-A (o mais comum) e USB-C \u2014 Foto: Henrique Martin\/g1 O iPhone fica um pouco menos exclusivo a partir [&hellip;]<\/p>\n","protected":false},"author":1,"featured_media":0,"comment_status":"closed","ping_status":"closed","sticky":false,"template":"","format":"standard","meta":{"footnotes":""},"categories":[],"tags":[],"class_list":["post-52655","post","type-post","status-publish","format-standard","hentry"],"_links":{"self":[{"href":"https:\/\/blog.corretoraideal.com.br\/index.php\/wp-json\/wp\/v2\/posts\/52655","targetHints":{"allow":["GET"]}}],"collection":[{"href":"https:\/\/blog.corretoraideal.com.br\/index.php\/wp-json\/wp\/v2\/posts"}],"about":[{"href":"https:\/\/blog.corretoraideal.com.br\/index.php\/wp-json\/wp\/v2\/types\/post"}],"author":[{"embeddable":true,"href":"https:\/\/blog.corretoraideal.com.br\/index.php\/wp-json\/wp\/v2\/users\/1"}],"replies":[{"embeddable":true,"href":"https:\/\/blog.corretoraideal.com.br\/index.php\/wp-json\/wp\/v2\/comments?post=52655"}],"version-history":[{"count":1,"href":"https:\/\/blog.corretoraideal.com.br\/index.php\/wp-json\/wp\/v2\/posts\/52655\/revisions"}],"predecessor-version":[{"id":52658,"href":"https:\/\/blog.corretoraideal.com.br\/index.php\/wp-json\/wp\/v2\/posts\/52655\/revisions\/52658"}],"wp:attachment":[{"href":"https:\/\/blog.corretoraideal.com.br\/index.php\/wp-json\/wp\/v2\/media?parent=52655"}],"wp:term":[{"taxonomy":"category","embeddable":true,"href":"https:\/\/blog.corretoraideal.com.br\/index.php\/wp-json\/wp\/v2\/categories?post=52655"},{"taxonomy":"post_tag","embeddable":true,"href":"https:\/\/blog.corretoraideal.com.br\/index.php\/wp-json\/wp\/v2\/tags?post=52655"}],"curies":[{"name":"wp","href":"https:\/\/api.w.org\/{rel}","templated":true}]}}