{"id":52659,"date":"2023-09-12T21:29:39","date_gmt":"2023-09-12T21:29:39","guid":{"rendered":"https:\/\/blog.corretoraideal.com.br\/?p=52659"},"modified":"2023-09-12T21:29:39","modified_gmt":"2023-09-12T21:29:39","slug":"macae-tera-atividades-pelo-dia-nacional-de-luta-da-pessoa-com-deficiencia-norte-fluminense-g1","status":"publish","type":"post","link":"https:\/\/blog.corretoraideal.com.br\/index.php\/2023\/09\/12\/macae-tera-atividades-pelo-dia-nacional-de-luta-da-pessoa-com-deficiencia-norte-fluminense-g1\/","title":{"rendered":"Maca\u00e9 ter\u00e1 atividades pelo Dia Nacional de Luta da Pessoa com Defici\u00eancia | Norte Fluminense | G1"},"content":{"rendered":"\n<p> O dia 21 de setembro marca o Dia Nacional de Luta da Pessoa com Defici\u00eancia e, para celebrar a data, <a class href=\"https:\/\/g1.globo.com\/rj\/regiao-dos-lagos\/cidade\/macae\/\">Maca\u00e9<\/a>, no Norte Fluminense, ter\u00e1 atividades nos dias 19 e 20 do mesmo m\u00eas. <\/p>\n<p> A programa\u00e7\u00e3o, desenvolvida pela Coordenadoria de Aten\u00e7\u00e3o \u00e0 Pessoa com Defici\u00eancia (vinculada \u00e0 Secretaria Adjunta de Aten\u00e7\u00e3o B\u00e1sica\/Secretaria de Sa\u00fade), tem como tem\u00e1tica \u201cCuidando do Cuidador\u201d. <\/p>\n<p> A coordenadora Liana do Amaral explica que o objetivo \u00e9 promover o cuidado aos que cuidam do outro e ensinar pr\u00e1ticas de auto cuidado nas tarefas e rela\u00e7\u00f5es do dia a dia. <\/p>\n<p> As atividades v\u00e3o ocorrer em locais e hor\u00e1rios diferentes, com vagas limitadas e mediante inscri\u00e7\u00e3o no link divulgado para cada atividade. <\/p>\n<p><h2>Confira a programa\u00e7\u00e3o:<\/h2>\n<\/p>\n<ul>\n<li><strong>19 de setembro (ter\u00e7a-feira)<\/strong><\/li>\n<li><strong>8h &#8211; Roda de Conversa <\/strong>\u2013 Terapia Comunit\u00e1ria Integrativa, aberta ao p\u00fablico, partindo de situa\u00e7\u00f5es problema\/emo\u00e7\u00f5es vividas pelos participantes, sem an\u00e1lises e conselhos. Ser\u00e1 na Casa de Conviv\u00eancia, \u00e0 Rua Visconde de Quissam\u00e3, 282, no Centro. <a class href=\"https:\/\/docs.google.com\/forms\/d\/e\/1FAIpQLScMK0gSJKuvB5t5FKizPL5Gfo48Sh8G2T5bH1LF0eo4v0ly1A\/viewform\" target=\"_blank\" rel=\"noopener noreferrer\">Clique para fazer sua inscri\u00e7\u00e3o. <\/a><\/li>\n<li><strong>10h30 &#8211; Tai Chi Chuan \u2013<\/strong> pr\u00e1tica corporal da Medicina Tradicional Chinesa, realizada atrav\u00e9s de movimentos lentos e calma mental. Tamb\u00e9m na Casa de Conviv\u00eancia. <a class href=\"https:\/\/forms.gle\/PQi3BJoiADgnKQx3A\" target=\"_blank\" rel=\"noopener noreferrer\">Clique para fazer sua inscri\u00e7\u00e3o.<\/a><\/li>\n<li><strong>14h &#8211; Mindflulness \/ Aten\u00e7\u00e3o Plena \u2013 <\/strong>Consiste na capacidade de vivenciar o momento presente com mais foco e consci\u00eancia, promovendo bem-estar, al\u00edvio do estresse e al\u00edvio da ansiedade. Ser\u00e1 na Casa da Crian\u00e7a e do Adolescente, \u00e0 Rua Dr. T\u00e9lio Barreto, 316, Audit\u00f3rio A, 4\u00ba andar, no Centro. <a class href=\"https:\/\/forms.gle\/Xyion3kqWLBg39RQ9\" target=\"_blank\" rel=\"noopener noreferrer\">Clique para fazer sua inscri\u00e7\u00e3o. <\/a><\/li>\n<\/ul>\n<p> <strong>20 de setembro (quarta-feira)<\/strong> <\/p>\n<ul>\n<li><strong>9h \u00e0s 13h &#8211;<\/strong> Haver\u00e1 a\u00e7\u00e3o aberta ao p\u00fablico, no Cal\u00e7ad\u00e3o da Avenida Rui Barbosa, das 9h \u00e0s 13h, com apresenta\u00e7\u00f5es culturais, como a Oficina Projeto Contos e Cantos do Centro de Conviv\u00eancia e Cultura Benedicto Lacerda, vinculado ao Programa de Sa\u00fade Mental. Tamb\u00e9m contar\u00e1 com a participa\u00e7\u00e3o da Associa\u00e7\u00e3o de Pais e Amigos dos Excepcionais (Apae Maca\u00e9).<\/li>\n<\/ul>\n<p> &quot;Nesta a\u00e7\u00e3o, a Coordenadoria far\u00e1, tamb\u00e9m, a divulga\u00e7\u00e3o de folder com os servi\u00e7os da rede p\u00fablica municipal de Sa\u00fade para que a popula\u00e7\u00e3o conhe\u00e7a o que o munic\u00edpio oferece, gratuitamente, na \u00e1rea&quot;, divulga a Prefeituta. <\/p>\n<ul>\n<li> <a href=\"https:\/\/g1.globo.com\/rj\/regiao-dos-lagos\/cidade\/macae\/\" class=\"entities__list-itemLink\" data-track-click=\"Maca\u00e9\"> Maca\u00e9 <\/a> <\/li>\n<\/ul>\n","protected":false},"excerpt":{"rendered":"<p>O dia 21 de setembro marca o Dia Nacional de Luta da Pessoa com Defici\u00eancia e, para celebrar a data, Maca\u00e9, no Norte Fluminense, ter\u00e1 atividades nos dias 19 e 20 do mesmo m\u00eas. A programa\u00e7\u00e3o, desenvolvida pela Coordenadoria de Aten\u00e7\u00e3o \u00e0 Pessoa com Defici\u00eancia (vinculada \u00e0 Secretaria Adjunta de Aten\u00e7\u00e3o B\u00e1sica\/Secretaria de Sa\u00fade), tem [&hellip;]<\/p>\n","protected":false},"author":1,"featured_media":0,"comment_status":"closed","ping_status":"closed","sticky":false,"template":"","format":"standard","meta":{"footnotes":""},"categories":[],"tags":[],"class_list":["post-52659","post","type-post","status-publish","format-standard","hentry"],"_links":{"self":[{"href":"https:\/\/blog.corretoraideal.com.br\/index.php\/wp-json\/wp\/v2\/posts\/52659","targetHints":{"allow":["GET"]}}],"collection":[{"href":"https:\/\/blog.corretoraideal.com.br\/index.php\/wp-json\/wp\/v2\/posts"}],"about":[{"href":"https:\/\/blog.corretoraideal.com.br\/index.php\/wp-json\/wp\/v2\/types\/post"}],"author":[{"embeddable":true,"href":"https:\/\/blog.corretoraideal.com.br\/index.php\/wp-json\/wp\/v2\/users\/1"}],"replies":[{"embeddable":true,"href":"https:\/\/blog.corretoraideal.com.br\/index.php\/wp-json\/wp\/v2\/comments?post=52659"}],"version-history":[{"count":1,"href":"https:\/\/blog.corretoraideal.com.br\/index.php\/wp-json\/wp\/v2\/posts\/52659\/revisions"}],"predecessor-version":[{"id":52661,"href":"https:\/\/blog.corretoraideal.com.br\/index.php\/wp-json\/wp\/v2\/posts\/52659\/revisions\/52661"}],"wp:attachment":[{"href":"https:\/\/blog.corretoraideal.com.br\/index.php\/wp-json\/wp\/v2\/media?parent=52659"}],"wp:term":[{"taxonomy":"category","embeddable":true,"href":"https:\/\/blog.corretoraideal.com.br\/index.php\/wp-json\/wp\/v2\/categories?post=52659"},{"taxonomy":"post_tag","embeddable":true,"href":"https:\/\/blog.corretoraideal.com.br\/index.php\/wp-json\/wp\/v2\/tags?post=52659"}],"curies":[{"name":"wp","href":"https:\/\/api.w.org\/{rel}","templated":true}]}}