{"id":52662,"date":"2023-09-12T23:31:23","date_gmt":"2023-09-12T23:31:23","guid":{"rendered":"https:\/\/blog.corretoraideal.com.br\/?p=52662"},"modified":"2023-09-12T23:31:23","modified_gmt":"2023-09-12T23:31:23","slug":"antony-blinken-secretario-de-estado-dos-eua-vem-ao-brasil-ainda-em-2023-blog-ana-flor-g1","status":"publish","type":"post","link":"https:\/\/blog.corretoraideal.com.br\/index.php\/2023\/09\/12\/antony-blinken-secretario-de-estado-dos-eua-vem-ao-brasil-ainda-em-2023-blog-ana-flor-g1\/","title":{"rendered":"Antony Blinken, secret\u00e1rio de Estado dos EUA, vem ao Brasil ainda em 2023 | Blog Ana Flor | G1"},"content":{"rendered":"\n<p> Em entrevista exclusiva \u00e0 GloboNews nesta ter\u00e7a-feira (12), a embaixadora dos Estados Unidos, Elizabeth Bagley, anunciou a vinda do secret\u00e1rio de Estado do pa\u00eds, Antony Blinken, ainda neste ano ao Brasil. <\/p>\n<p> Blinken ter\u00e1 agendas com o governo e organiza\u00e7\u00f5es civis para refor\u00e7ar pautas comuns entre os dois pa\u00edses, como os la\u00e7os democr\u00e1ticos, iniciativas ambientais e trabalho. <\/p>\n<p> Durante o governo Bolsonaro, Blinken chegou a fazer um giro pela Am\u00e9rica do Sul, mas evitou o Brasil. <\/p>\n<p> Segundo a embaixadora, a secret\u00e1ria de Com\u00e9rcio dos EUA, Gina Raimondo, tamb\u00e9m vir\u00e1 ao Brasil neste ano. <\/p>\n<p> Bagley detalhou ainda as agendas de <a class href=\"https:\/\/g1.globo.com\/politica\/politico\/lula\/\">Lula<\/a> e Biden na pr\u00f3xima semana, em paralelo \u00e0 Assembleia Geral da <a class href=\"https:\/\/g1.globo.com\/tudo-sobre\/onu\/\">ONU<\/a>. Os dois presidentes ir\u00e3o lan\u00e7ar uma iniciativa para cria\u00e7\u00e3o e transforma\u00e7\u00e3o de empregos. A iniciativa \u00e9 mundial e ir\u00e1 focar no chamado green labour &#8211; empregos para uma economia digital e ambiental. <\/p>\n<p> A entrevista vai ao ar no domingo na GloboNews. <\/p>\n<ul>\n<li> <a href=\"https:\/\/g1.globo.com\/tudo-sobre\/joe-biden\/\" class=\"entities__list-itemLink\" data-track-click=\"Joe Biden\"> Joe Biden <\/a> <\/li>\n<li> <a href=\"https:\/\/g1.globo.com\/politica\/politico\/lula\/\" class=\"entities__list-itemLink\" data-track-click=\"Lula\"> Lula <\/a> <\/li>\n<li> <a href=\"https:\/\/g1.globo.com\/tudo-sobre\/onu\/\" class=\"entities__list-itemLink\" data-track-click=\"ONU\"> ONU <\/a> <\/li>\n<\/ul>\n","protected":false},"excerpt":{"rendered":"<p>Em entrevista exclusiva \u00e0 GloboNews nesta ter\u00e7a-feira (12), a embaixadora dos Estados Unidos, Elizabeth Bagley, anunciou a vinda do secret\u00e1rio de Estado do pa\u00eds, Antony Blinken, ainda neste ano ao Brasil. Blinken ter\u00e1 agendas com o governo e organiza\u00e7\u00f5es civis para refor\u00e7ar pautas comuns entre os dois pa\u00edses, como os la\u00e7os democr\u00e1ticos, iniciativas ambientais e [&hellip;]<\/p>\n","protected":false},"author":1,"featured_media":0,"comment_status":"closed","ping_status":"closed","sticky":false,"template":"","format":"standard","meta":{"footnotes":""},"categories":[],"tags":[],"class_list":["post-52662","post","type-post","status-publish","format-standard","hentry"],"_links":{"self":[{"href":"https:\/\/blog.corretoraideal.com.br\/index.php\/wp-json\/wp\/v2\/posts\/52662","targetHints":{"allow":["GET"]}}],"collection":[{"href":"https:\/\/blog.corretoraideal.com.br\/index.php\/wp-json\/wp\/v2\/posts"}],"about":[{"href":"https:\/\/blog.corretoraideal.com.br\/index.php\/wp-json\/wp\/v2\/types\/post"}],"author":[{"embeddable":true,"href":"https:\/\/blog.corretoraideal.com.br\/index.php\/wp-json\/wp\/v2\/users\/1"}],"replies":[{"embeddable":true,"href":"https:\/\/blog.corretoraideal.com.br\/index.php\/wp-json\/wp\/v2\/comments?post=52662"}],"version-history":[{"count":1,"href":"https:\/\/blog.corretoraideal.com.br\/index.php\/wp-json\/wp\/v2\/posts\/52662\/revisions"}],"predecessor-version":[{"id":52664,"href":"https:\/\/blog.corretoraideal.com.br\/index.php\/wp-json\/wp\/v2\/posts\/52662\/revisions\/52664"}],"wp:attachment":[{"href":"https:\/\/blog.corretoraideal.com.br\/index.php\/wp-json\/wp\/v2\/media?parent=52662"}],"wp:term":[{"taxonomy":"category","embeddable":true,"href":"https:\/\/blog.corretoraideal.com.br\/index.php\/wp-json\/wp\/v2\/categories?post=52662"},{"taxonomy":"post_tag","embeddable":true,"href":"https:\/\/blog.corretoraideal.com.br\/index.php\/wp-json\/wp\/v2\/tags?post=52662"}],"curies":[{"name":"wp","href":"https:\/\/api.w.org\/{rel}","templated":true}]}}