{"id":52665,"date":"2023-09-13T00:30:11","date_gmt":"2023-09-13T00:30:11","guid":{"rendered":"https:\/\/blog.corretoraideal.com.br\/?p=52665"},"modified":"2023-09-13T00:30:11","modified_gmt":"2023-09-13T00:30:11","slug":"iphone-15-e-mais-barato-que-o-14-na-epoca-do-lancamento-antigos-agora-tem-desconto-tecnologia-g1","status":"publish","type":"post","link":"https:\/\/blog.corretoraideal.com.br\/index.php\/2023\/09\/13\/iphone-15-e-mais-barato-que-o-14-na-epoca-do-lancamento-antigos-agora-tem-desconto-tecnologia-g1\/","title":{"rendered":"iPhone 15 \u00e9 mais &#039;barato&#039; que o 14 na \u00e9poca do lan\u00e7amento; antigos agora t\u00eam desconto | Tecnologia | G1"},"content":{"rendered":"\n<ul>\n<li>\n<p> Os pre\u00e7os de lan\u00e7amento do iPhone 15 no Brasil s\u00e3o menores do que os do iPhone 14, quando ele foi lan\u00e7ado, e que valiam at\u00e9 a \u00faltima segunda (11). <\/p>\n<\/li>\n<li>\n<p> Agora, com a tabela atualizada, o iPhone 14 e 13 passam a ser vendidos com desconto. <\/p>\n<\/li>\n<li>\n<p> Veja todos os pre\u00e7os e compare. <\/p>\n<\/li>\n<\/ul>\n<p> Os pre\u00e7os de lan\u00e7amento do iPhone 15 no Brasil s\u00e3o menores do que os do iPhone 14, quando ele foi lan\u00e7ado, e que valiam at\u00e9 a \u00faltima segunda (11). <\/p>\n<p> Agora, com a tabela atualizada, o iPhone 14 e 13 passam a ser vendidos com desconto. <\/p>\n<p> Veja todos os pre\u00e7os e compare. <\/p>\n<p>                   <img loading=\"lazy\" decoding=\"async\" class=\"aligncenter size-full wp-image-52667\" src=\"https:\/\/blog.corretoraideal.com.br\/wp-content\/uploads\/2023\/09\/apple-anuncia-o-lancamento-do-apple-15-e-outras-novidades.jpeg\" alt=\"Apple anuncia o lan\u00e7amento do Apple 15 e outras novidades\" width=\"800\" height=\"400\" \/>      <\/p>\n<p> Apple anuncia o lan\u00e7amento do Apple 15 e outras novidades <\/p>\n<p> Diferente das especula\u00e7\u00f5es feitas \u00e0s v\u00e9speras do evento, o <a class href=\"https:\/\/g1.globo.com\/tecnologia\/noticia\/2023\/09\/12\/evento-da-apple.ghtml\">novo iPhone 15<\/a>, apresentado pela <a class href=\"https:\/\/g1.globo.com\/tudo-sobre\/apple\/\">Apple<\/a> nesta ter\u00e7a-feira (12), tem pre\u00e7os mais baixos que os de lan\u00e7amento do iPhone 14, no ano passado, que valiam at\u00e9 a \u00faltima segunda-feira (11). <\/p>\n<p> No caso do iPhone 15 Pro Max, existe uma alta de R$ 500 em rela\u00e7\u00e3o ao 14 Pro Max, mas isso porque a nova linha come\u00e7a com 256 GB de armazenamento, enquanto a vers\u00e3o anterior partia de 128 GB. <\/p>\n<p> Agora, com a apresenta\u00e7\u00e3o da linha 15, o iPhone 14 e o 13 podem ser comprados com <a class href=\"https:\/\/g1.globo.com\/tecnologia\/noticia\/2023\/09\/12\/iphone-15-vs-14-veja-comparacao-de-precos-no-brasil.ghtml#desconto\">descontos<\/a> que v\u00e3o de 15% a 24%. <\/p>\n<p> Apesar de a tabela de pre\u00e7os j\u00e1 ter sido divulgada no site da Apple, o iPhone 15 ainda n\u00e3o teve data de lan\u00e7amento anunciada para o Brasil. <\/p>\n<p> <strong>VEJA ABAIXO AS COMPARA\u00c7\u00d5ES<\/strong> <\/p>\n<p> <strong>Pre\u00e7os de lan\u00e7amento do iPhone 15: <\/strong> <\/p>\n<ul>\n<li><strong>iPhone 15 (128 GB):<\/strong> R$ 7.299;<\/li>\n<li><strong>iPhone 15 (256 GB):<\/strong> R$ 8.099;<\/li>\n<li><strong>iPhone 15 (512 GB)<\/strong>: R$ 9.599;<\/li>\n<li><strong>iPhone 15 Plus (128 GB):<\/strong> R$ 8.299;<\/li>\n<li><strong>iPhone 15 Plus (256 GB)<\/strong>: R$ 9.009;<\/li>\n<li><strong>iPhone 15 Plus (512 GB):<\/strong> R$ 10.599;<\/li>\n<li><strong>iPhone 15 Pro (128 GB): <\/strong>R$ 9.299;<\/li>\n<li><strong>iPhone 15 Pro (256 GB)<\/strong>: R$ 10.099;<\/li>\n<li><strong>iPhone 15 Pro (512 GB)<\/strong>: R$ 11.599;<\/li>\n<li><strong>iPhone 15 Pro Max (256 GB):<\/strong> R$ 10.999<\/li>\n<\/ul>\n<p> <strong>Pre\u00e7os de lan\u00e7amento do iPhone 14 (e que valiam at\u00e9 a \u00faltima segunda, 11\/9):<\/strong> <\/p>\n<ul>\n<li><strong>iPhone 14 (128 GB): <\/strong>R$ 7.599;<\/li>\n<li><strong>iPhone 14 (256 GB)<\/strong>: R$ 8.599;<\/li>\n<li><strong>iPhone 14 (512 GB)<\/strong>: R$ 10.599;<\/li>\n<li><strong>iPhone 14 Plus (128 GB): <\/strong>R$ 8.599<\/li>\n<li><strong>iPhone 14 Plus (256 GB)<\/strong>: R$ 9.599;<\/li>\n<li><strong>iPhone 14 Plus (512 GB):<\/strong> R$ 11.599;<\/li>\n<li><strong>iPhone 14 Pro (128 GB):<\/strong> R$ 9.499;<\/li>\n<li><strong>iPhone 14 Pro Max (128GB):<\/strong> R$ 10.499<\/li>\n<\/ul>\n<p> <strong>Pre\u00e7os do iPhone 14 com desconto (ap\u00f3s a chegada da linha 15):<\/strong> <\/p>\n<ul>\n<li><strong>iPhone 14 (128 GB):<\/strong> R$ 5.999 (-21%);<\/li>\n<li><strong>iPhone 14 (256 GB)<\/strong>: R$ 6.799 (-21%);<\/li>\n<li><strong>iPhone 14 (512 GB)<\/strong>: R$ 8.299 (-21,7%);<\/li>\n<li><strong>iPhone 14 Plus (126 GB)<\/strong>: R$ 6.499 (-24,4%);<\/li>\n<li><strong>iPhone 14 Plus (256 GB)<\/strong>: R$ 7.299 (-24%)<\/li>\n<li><strong>iPhone 14 Plus (512 GB)<\/strong>: R$ 8.799 (-24%)<\/li>\n<li><strong>iPhone 14 Pro<\/strong>: n\u00e3o estava dispon\u00edvel no site da Apple<\/li>\n<li><strong>iPhone 14 Pro Max<\/strong>: n\u00e3o estava dispon\u00edvel no site da Apple<\/li>\n<\/ul>\n<p> <strong>Pre\u00e7os do iPhone 13 com desconto (ap\u00f3s a chegada da linha 15):<\/strong> <\/p>\n<ul>\n<li><strong>iPhone 13 (128 GB)<\/strong>: R$ 5.499 (-15,3%)<\/li>\n<li><strong>iPhone 13 (256 GB)<\/strong>: R$ 6.299 (-16%)<\/li>\n<li><strong>iPhone 13 (512 GB)<\/strong>: R$ 7.799 (-18%)<\/li>\n<li><strong>iPhone mini:<\/strong> n\u00e3o estava dispon\u00edvel no site da Apple<\/li>\n<\/ul>\n<p> <strong>Leia tamb\u00e9m:<\/strong> <\/p>\n<ul>\n<li><a class href=\"https:\/\/g1.globo.com\/tecnologia\/noticia\/2023\/09\/12\/evento-da-apple.ghtml\">Fim da era do carregador exclusivo: as novidades do iPhone 15<\/a><\/li>\n<li><a class href=\"https:\/\/g1.globo.com\/tecnologia\/noticia\/2023\/09\/12\/apple-watch-9-tem-controle-por-gestos-veja-mais-novidades-do-relogio.ghtml\">Apple Watch ganha controle por gestos<\/a><\/li>\n<li><a class href=\"https:\/\/g1.globo.com\/tecnologia\/noticia\/2023\/09\/12\/o-que-e-usb-c-padrao-de-conexao-que-o-iphone-passa-a-adotar-depois-de-pressao-sobre-a-apple.ghtml\">O que \u00e9 a entrada USB-C que o iPhone passa a adotar<\/a><\/li>\n<\/ul>\n<p><h2>Mais sobre iPhone:<\/h2>\n<\/p>\n<p>                   <img loading=\"lazy\" decoding=\"async\" class=\"aligncenter size-full wp-image-52668\" src=\"https:\/\/blog.corretoraideal.com.br\/wp-content\/uploads\/2023\/09\/qual-iphone-comprar-13-ou-14.jpeg\" alt=\"Qual iPhone comprar, 13 ou 14?\" width=\"800\" height=\"400\" \/>      <\/p>\n<p> Qual iPhone comprar, 13 ou 14? <\/p>\n<p>                    <img loading=\"lazy\" decoding=\"async\" class=\"aligncenter size-full wp-image-52669\" src=\"https:\/\/blog.corretoraideal.com.br\/wp-content\/uploads\/2023\/09\/g1-testa-iphone-14-1.jpeg\" alt=\"g1 testa iPhone 14\" width=\"800\" height=\"400\" \/>      <\/p>\n<p> g1 testa iPhone 14 <\/p>\n<p>                    <img loading=\"lazy\" decoding=\"async\" class=\"aligncenter size-full wp-image-52670\" src=\"https:\/\/blog.corretoraideal.com.br\/wp-content\/uploads\/2023\/09\/iphone-evolui-e-passa-por-varias-mudancas-em-15-anos.jpeg\" alt=\"iPhone evolui e passa por v\u00e1rias mudan\u00e7as em 15 anos\" width=\"800\" height=\"400\" \/>      <\/p>\n<p> iPhone evolui e passa por v\u00e1rias mudan\u00e7as em 15 anos <\/p>\n<ul>\n<li> <a href=\"https:\/\/g1.globo.com\/tudo-sobre\/apple\/\" class=\"entities__list-itemLink\" data-track-click=\"Apple\"> Apple <\/a> <\/li>\n<\/ul>\n","protected":false},"excerpt":{"rendered":"<p>Os pre\u00e7os de lan\u00e7amento do iPhone 15 no Brasil s\u00e3o menores do que os do iPhone 14, quando ele foi lan\u00e7ado, e que valiam at\u00e9 a \u00faltima segunda (11). Agora, com a tabela atualizada, o iPhone 14 e 13 passam a ser vendidos com desconto. Veja todos os pre\u00e7os e compare. Os pre\u00e7os de lan\u00e7amento [&hellip;]<\/p>\n","protected":false},"author":1,"featured_media":0,"comment_status":"closed","ping_status":"closed","sticky":false,"template":"","format":"standard","meta":{"footnotes":""},"categories":[],"tags":[],"class_list":["post-52665","post","type-post","status-publish","format-standard","hentry"],"_links":{"self":[{"href":"https:\/\/blog.corretoraideal.com.br\/index.php\/wp-json\/wp\/v2\/posts\/52665","targetHints":{"allow":["GET"]}}],"collection":[{"href":"https:\/\/blog.corretoraideal.com.br\/index.php\/wp-json\/wp\/v2\/posts"}],"about":[{"href":"https:\/\/blog.corretoraideal.com.br\/index.php\/wp-json\/wp\/v2\/types\/post"}],"author":[{"embeddable":true,"href":"https:\/\/blog.corretoraideal.com.br\/index.php\/wp-json\/wp\/v2\/users\/1"}],"replies":[{"embeddable":true,"href":"https:\/\/blog.corretoraideal.com.br\/index.php\/wp-json\/wp\/v2\/comments?post=52665"}],"version-history":[{"count":1,"href":"https:\/\/blog.corretoraideal.com.br\/index.php\/wp-json\/wp\/v2\/posts\/52665\/revisions"}],"predecessor-version":[{"id":52671,"href":"https:\/\/blog.corretoraideal.com.br\/index.php\/wp-json\/wp\/v2\/posts\/52665\/revisions\/52671"}],"wp:attachment":[{"href":"https:\/\/blog.corretoraideal.com.br\/index.php\/wp-json\/wp\/v2\/media?parent=52665"}],"wp:term":[{"taxonomy":"category","embeddable":true,"href":"https:\/\/blog.corretoraideal.com.br\/index.php\/wp-json\/wp\/v2\/categories?post=52665"},{"taxonomy":"post_tag","embeddable":true,"href":"https:\/\/blog.corretoraideal.com.br\/index.php\/wp-json\/wp\/v2\/tags?post=52665"}],"curies":[{"name":"wp","href":"https:\/\/api.w.org\/{rel}","templated":true}]}}