{"id":52672,"date":"2023-09-13T02:30:09","date_gmt":"2023-09-13T02:30:09","guid":{"rendered":"https:\/\/blog.corretoraideal.com.br\/?p=52672"},"modified":"2023-09-13T02:30:09","modified_gmt":"2023-09-13T02:30:09","slug":"beneficiarios-do-programa-renda-minima-em-quissama-devem-se-recadastrar-nas-unidades-do-cras-norte-fluminense-g1","status":"publish","type":"post","link":"https:\/\/blog.corretoraideal.com.br\/index.php\/2023\/09\/13\/beneficiarios-do-programa-renda-minima-em-quissama-devem-se-recadastrar-nas-unidades-do-cras-norte-fluminense-g1\/","title":{"rendered":"Benefici\u00e1rios do Programa Renda M\u00ednima, em Quissam\u00e3, devem se recadastrar nas unidades do Cras | Norte Fluminense | G1"},"content":{"rendered":"<p>      1 de 1&#013;Recadastramento do Programa Renda M\u00ednima em unidade do Cras de Quissam\u00e3 \u2014 Foto: Prefeitura de Quissam\u00e3\/Divulga\u00e7\u00e3o    <\/p>\n<p> Recadastramento do Programa Renda M\u00ednima em unidade do Cras de Quissam\u00e3 \u2014 Foto: Prefeitura de Quissam\u00e3\/Divulga\u00e7\u00e3o <\/p>\n<p> Benefici\u00e1rios do programa Renda M\u00ednima, em <a class href=\"https:\/\/g1.globo.com\/rj\/norte-fluminense\/cidade\/quissama\/\">Quissam\u00e3<\/a>, no Norte Fluminense, precisam fazer o recadastramento para manter o benef\u00edcio de R$ 300 mensais. Eles devem procurar as unidades do Cras que ainda estejam fazendo o atendimento, que come\u00e7ou em agosto e segue at\u00e9 o dia 27 de setembro, de acordo com datas pr\u00e9-estabelecidas por unidade de atendimento. <\/p>\n<p> O recadastramento ocorre por meio da distribui\u00e7\u00e3o de senhas, por ordem de chegada, nos centros de Refer\u00eancia da Assist\u00eancia Social (Cras) do munic\u00edpio, de 8h \u00e0s 11h e de 13h30 \u00e0s 16h. (Veja cronograma abaixo). <\/p>\n<p> Segundo a Prefeitura, vai haver um per\u00edodo de repescagem no pr\u00f3prio Cras de origem para quem perdeu o prazo de atendimento, como nas unidades do S\u00edtio Quissam\u00e3 e Barra do Furado, que j\u00e1 encerraram o recadastramento nas datas indicadas no cronograma. <\/p>\n<p> O servi\u00e7o segue em outras unidades. Nesta segunda-feira (11), por exemplo, o recadastramento come\u00e7ou no Cras de Santa Catarina. O atendimento tamb\u00e9m vai ocorrer no Cras de Caxias e na Casa Social, na Penha. <\/p>\n<p> Atualmente, a cidade conta com 1.996 pessoas ativas no programa, que \u00e9 desenvolvido pela Prefeitura de Quissam\u00e3 por meio da Secretaria municipal de Assist\u00eancia Social. <\/p>\n<p> &quot;Esse recadastramento \u00e9 para identificar as pessoas que trabalham ou n\u00e3o, que ainda t\u00eam direito ao benef\u00edcio. Elaboramos um calend\u00e1rio amplo e \u00e9 importante a vinda de todos para evitar o desligamento do Programa&quot;, orientou a coordenadora do Renda M\u00ednima, Rachel da Silva Leite. <\/p>\n<p><h2>Cronograma de atendimento:<\/h2>\n<\/p>\n<p> <strong>Cras III &#8211; Santa Catarina<\/strong> <\/p>\n<ul>\n<li><strong>11 a 14 de setembro<\/strong> &#8211; 8h \u00e0s 11h e 13h30 \u00e0s 16h<\/li>\n<\/ul>\n<p> <strong>Cras IV &#8211; Caxias <\/strong> <\/p>\n<ul>\n<li><strong>18 a 21 de setembro<\/strong> &#8211; 8h \u00e0s 11h e 13h30 \u00e0s 16h<\/li>\n<\/ul>\n<p> <strong>Casa Social &#8211; Penha<\/strong> <\/p>\n<ul>\n<li><strong>25 a 27 de setembro<\/strong> &#8211; 8h \u00e0s 11h e 13h30 \u00e0s 16h<\/li>\n<\/ul>\n<p><h2>Documentos necess\u00e1rios:<\/h2>\n<\/p>\n<ul>\n<li>Original e c\u00f3pia da carteira de Identidade<\/li>\n<li>CPF<\/li>\n<li>T\u00edtulo de Eleitor<\/li>\n<li>Comprovante de Renda Atualizado<\/li>\n<li>Carteira de Trabalho F\u00edsica ou Digital<\/li>\n<\/ul>\n<ul>\n<li> <a href=\"https:\/\/g1.globo.com\/rj\/norte-fluminense\/cidade\/quissama\/\" class=\"entities__list-itemLink\" data-track-click=\"Quissam\u00e3\"> Quissam\u00e3 <\/a> <\/li>\n<\/ul>\n","protected":false},"excerpt":{"rendered":"<p>1 de 1&#013;Recadastramento do Programa Renda M\u00ednima em unidade do Cras de Quissam\u00e3 \u2014 Foto: Prefeitura de Quissam\u00e3\/Divulga\u00e7\u00e3o Recadastramento do Programa Renda M\u00ednima em unidade do Cras de Quissam\u00e3 \u2014 Foto: Prefeitura de Quissam\u00e3\/Divulga\u00e7\u00e3o Benefici\u00e1rios do programa Renda M\u00ednima, em Quissam\u00e3, no Norte Fluminense, precisam fazer o recadastramento para manter o benef\u00edcio de R$ 300 [&hellip;]<\/p>\n","protected":false},"author":1,"featured_media":0,"comment_status":"closed","ping_status":"closed","sticky":false,"template":"","format":"standard","meta":{"footnotes":""},"categories":[],"tags":[],"class_list":["post-52672","post","type-post","status-publish","format-standard","hentry"],"_links":{"self":[{"href":"https:\/\/blog.corretoraideal.com.br\/index.php\/wp-json\/wp\/v2\/posts\/52672","targetHints":{"allow":["GET"]}}],"collection":[{"href":"https:\/\/blog.corretoraideal.com.br\/index.php\/wp-json\/wp\/v2\/posts"}],"about":[{"href":"https:\/\/blog.corretoraideal.com.br\/index.php\/wp-json\/wp\/v2\/types\/post"}],"author":[{"embeddable":true,"href":"https:\/\/blog.corretoraideal.com.br\/index.php\/wp-json\/wp\/v2\/users\/1"}],"replies":[{"embeddable":true,"href":"https:\/\/blog.corretoraideal.com.br\/index.php\/wp-json\/wp\/v2\/comments?post=52672"}],"version-history":[{"count":1,"href":"https:\/\/blog.corretoraideal.com.br\/index.php\/wp-json\/wp\/v2\/posts\/52672\/revisions"}],"predecessor-version":[{"id":52674,"href":"https:\/\/blog.corretoraideal.com.br\/index.php\/wp-json\/wp\/v2\/posts\/52672\/revisions\/52674"}],"wp:attachment":[{"href":"https:\/\/blog.corretoraideal.com.br\/index.php\/wp-json\/wp\/v2\/media?parent=52672"}],"wp:term":[{"taxonomy":"category","embeddable":true,"href":"https:\/\/blog.corretoraideal.com.br\/index.php\/wp-json\/wp\/v2\/categories?post=52672"},{"taxonomy":"post_tag","embeddable":true,"href":"https:\/\/blog.corretoraideal.com.br\/index.php\/wp-json\/wp\/v2\/tags?post=52672"}],"curies":[{"name":"wp","href":"https:\/\/api.w.org\/{rel}","templated":true}]}}