{"id":52675,"date":"2023-09-13T04:30:29","date_gmt":"2023-09-13T04:30:29","guid":{"rendered":"https:\/\/blog.corretoraideal.com.br\/?p=52675"},"modified":"2023-09-13T04:30:29","modified_gmt":"2023-09-13T04:30:29","slug":"responda-quiz-e-descubra-se-voce-e-um-cachaceiro-raiz-agronegocios-g1","status":"publish","type":"post","link":"https:\/\/blog.corretoraideal.com.br\/index.php\/2023\/09\/13\/responda-quiz-e-descubra-se-voce-e-um-cachaceiro-raiz-agronegocios-g1\/","title":{"rendered":"Responda quiz e descubra se voc\u00ea \u00e9 um cachaceiro raiz | Agroneg\u00f3cios | G1"},"content":{"rendered":"<p>      1 de 1&#013;Garrafa de cacha\u00e7a \u2014 Foto: Luiz Gabriel Franco \/ g1    <\/p>\n<p> Garrafa de cacha\u00e7a \u2014 Foto: Luiz Gabriel Franco \/ g1 <\/p>\n<p> O Dia Nacional da Cacha\u00e7a \u00e9 comemorado nesta quarta-feira (13). Responda o quiz e veja se voc\u00ea sabe tudo sobre cacha\u00e7a. <\/p>\n<p><h2>Tire suas d\u00favidas sobre a cacha\u00e7a:<\/h2>\n<\/p>\n<p>                   <img loading=\"lazy\" decoding=\"async\" class=\"aligncenter size-full wp-image-52677\" src=\"https:\/\/blog.corretoraideal.com.br\/wp-content\/uploads\/2023\/09\/cachaca-tem-cabeca-coracao-e-cauda-saiba-qual-parte-pode-ser-consumida-1.jpeg\" alt=\"Cacha\u00e7a tem cabe\u00e7a, cora\u00e7\u00e3o e cauda; saiba qual parte pode ser consumida\" width=\"800\" height=\"400\" \/>      <\/p>\n<p> Cacha\u00e7a tem cabe\u00e7a, cora\u00e7\u00e3o e cauda; saiba qual parte pode ser consumida <\/p>\n<p>                    <img loading=\"lazy\" decoding=\"async\" class=\"aligncenter size-full wp-image-52678\" src=\"https:\/\/blog.corretoraideal.com.br\/wp-content\/uploads\/2023\/09\/cachaca-e-destilado-mais-antigo-das-americas-veja-como-nao-cair-em-golpes.jpeg\" alt=\"Cacha\u00e7a \u00e9 destilado mais antigo das am\u00e9ricas; veja como n\u00e3o cair em golpes\" width=\"800\" height=\"400\" \/>      <\/p>\n<p> Cacha\u00e7a \u00e9 destilado mais antigo das am\u00e9ricas; veja como n\u00e3o cair em golpes <\/p>\n<p>                    <img loading=\"lazy\" decoding=\"async\" class=\"aligncenter size-full wp-image-52679\" src=\"https:\/\/blog.corretoraideal.com.br\/wp-content\/uploads\/2023\/09\/como-tomar-cachaca.jpeg\" alt=\"Como tomar cacha\u00e7a\" width=\"800\" height=\"400\" \/>      <\/p>\n<p> Como tomar cacha\u00e7a <\/p>\n<ul> <\/ul>\n","protected":false},"excerpt":{"rendered":"<p>1 de 1&#013;Garrafa de cacha\u00e7a \u2014 Foto: Luiz Gabriel Franco \/ g1 Garrafa de cacha\u00e7a \u2014 Foto: Luiz Gabriel Franco \/ g1 O Dia Nacional da Cacha\u00e7a \u00e9 comemorado nesta quarta-feira (13). Responda o quiz e veja se voc\u00ea sabe tudo sobre cacha\u00e7a. Tire suas d\u00favidas sobre a cacha\u00e7a: Cacha\u00e7a tem cabe\u00e7a, cora\u00e7\u00e3o e cauda; [&hellip;]<\/p>\n","protected":false},"author":1,"featured_media":0,"comment_status":"closed","ping_status":"closed","sticky":false,"template":"","format":"standard","meta":{"footnotes":""},"categories":[],"tags":[],"class_list":["post-52675","post","type-post","status-publish","format-standard","hentry"],"_links":{"self":[{"href":"https:\/\/blog.corretoraideal.com.br\/index.php\/wp-json\/wp\/v2\/posts\/52675","targetHints":{"allow":["GET"]}}],"collection":[{"href":"https:\/\/blog.corretoraideal.com.br\/index.php\/wp-json\/wp\/v2\/posts"}],"about":[{"href":"https:\/\/blog.corretoraideal.com.br\/index.php\/wp-json\/wp\/v2\/types\/post"}],"author":[{"embeddable":true,"href":"https:\/\/blog.corretoraideal.com.br\/index.php\/wp-json\/wp\/v2\/users\/1"}],"replies":[{"embeddable":true,"href":"https:\/\/blog.corretoraideal.com.br\/index.php\/wp-json\/wp\/v2\/comments?post=52675"}],"version-history":[{"count":1,"href":"https:\/\/blog.corretoraideal.com.br\/index.php\/wp-json\/wp\/v2\/posts\/52675\/revisions"}],"predecessor-version":[{"id":52680,"href":"https:\/\/blog.corretoraideal.com.br\/index.php\/wp-json\/wp\/v2\/posts\/52675\/revisions\/52680"}],"wp:attachment":[{"href":"https:\/\/blog.corretoraideal.com.br\/index.php\/wp-json\/wp\/v2\/media?parent=52675"}],"wp:term":[{"taxonomy":"category","embeddable":true,"href":"https:\/\/blog.corretoraideal.com.br\/index.php\/wp-json\/wp\/v2\/categories?post=52675"},{"taxonomy":"post_tag","embeddable":true,"href":"https:\/\/blog.corretoraideal.com.br\/index.php\/wp-json\/wp\/v2\/tags?post=52675"}],"curies":[{"name":"wp","href":"https:\/\/api.w.org\/{rel}","templated":true}]}}