{"id":52685,"date":"2023-09-13T09:30:01","date_gmt":"2023-09-13T09:30:01","guid":{"rendered":"https:\/\/blog.corretoraideal.com.br\/?p=52685"},"modified":"2023-09-13T09:30:01","modified_gmt":"2023-09-13T09:30:01","slug":"em-meio-a-disputa-padilha-diz-que-fazenda-e-esporte-cuidarao-das-apostas-esportivas-politica-g1","status":"publish","type":"post","link":"https:\/\/blog.corretoraideal.com.br\/index.php\/2023\/09\/13\/em-meio-a-disputa-padilha-diz-que-fazenda-e-esporte-cuidarao-das-apostas-esportivas-politica-g1\/","title":{"rendered":"Em meio a disputa, Padilha diz que Fazenda e Esporte cuidar\u00e3o das apostas esportivas | Pol\u00edtica | G1"},"content":{"rendered":"\n<ul>\n<li>\n<p> Participa\u00e7\u00e3o do Minist\u00e9rio do Esporte foi parte de acordo pol\u00edtico com o PP. <\/p>\n<\/li>\n<li>\n<p> Cria\u00e7\u00e3o da estrutura foi discutida entre Andr\u00e9 Fufuca e Fernando Haddad durante o feriado. <\/p>\n<\/li>\n<li>\n<p> Projeto que regulamenta o assunto segue aguardando vota\u00e7\u00e3o no Congresso. <\/p>\n<\/li>\n<\/ul>\n<p> Participa\u00e7\u00e3o do Minist\u00e9rio do Esporte foi parte de acordo pol\u00edtico com o PP. <\/p>\n<p> Cria\u00e7\u00e3o da estrutura foi discutida entre Andr\u00e9 Fufuca e Fernando Haddad durante o feriado. <\/p>\n<p> Projeto que regulamenta o assunto segue aguardando vota\u00e7\u00e3o no Congresso. <\/p>\n<p> O ministro das Rela\u00e7\u00f5es Institucionais, <a class href=\"https:\/\/g1.globo.com\/politica\/politico\/alexandre-padilha\/\">Alexandre Padilha<\/a> (PT), afirmou nesta ter\u00e7a-feira (12) que os minist\u00e9rios da Fazenda e do Esporte cuidar\u00e3o da \u00e1rea das apostas esportivas. <\/p>\n<p>&quot;Tem uma secretaria de acompanhamento das apostas criada no <a class href=\"https:\/\/g1.globo.com\/tudo-sobre\/ministerio-da-fazenda\/\">Minist\u00e9rio da Fazenda<\/a>, que tem o papel de arrecada\u00e7\u00e3o, registro, outorga, de regula\u00e7\u00e3o. Isso cabe exatamente ao Minist\u00e9rio da Fazenda. Mas, veio a proposta [do PP] e n\u00f3s temos acordo, existe uma concord\u00e2ncia da cria\u00e7\u00e3o de uma estrutura do Minist\u00e9rio do Esporte a ser definida nos detalhes, mas uma estrutura de acompanhamento desse tema das apostas. Tanto acompanhamento da arrecada\u00e7\u00e3o dos recursos que j\u00e1 s\u00e3o destinados, mas acompanhamento do desempenho esportivo, da integridade dessa rela\u00e7\u00e3o de apostas com a quest\u00e3o esportiva&quot;, disse o ministro. <\/p>\n<p> A ideia, segundo o ministro, \u00e9 que o Esporte acompanhe de perto os principais temas que tem rela\u00e7\u00e3o com as apostas. <\/p>\n<p> &quot;Vai poder acompanhar junto com o Minist\u00e9rio da Fazenda todos os passos de regula\u00e7\u00e3o daquilo que cabe ao Minist\u00e9rio da Fazenda. Al\u00e9m disso, uma parte dos recursos, j\u00e1 est\u00e1 prevista na medida provis\u00f3ria \u00b4[da regula\u00e7\u00e3o das apostas] vem para o Minist\u00e9rio do Esporte, para o fomento do esporte no nosso pa\u00eds&quot;, afirmou o ministro. <\/p>\n<p><h2>Disputa no governo<\/h2>\n<\/p>\n<p> A prov\u00e1vel cria\u00e7\u00e3o de uma secretaria dentro do Minist\u00e9rio do Esporte para cuidar de apostas online <a class href=\"https:\/\/g1.globo.com\/politica\/noticia\/2023\/09\/12\/secretaria-que-cuidara-de-apostas-esportivas-ainda-nao-foi-criada-mas-ja-e-alvo-de-disputa-no-governo.ghtml\">abriu uma disputa dentro do governo<\/a>. <\/p>\n<p> O setor, desejado por diferentes alas do Executivo, ser\u00e1 institu\u00eddo via decreto e ter\u00e1 65 cargos. A estrutura fez parte do acordo pol\u00edtico que culminou com o an\u00fancio, na semana passada, <a class href=\"https:\/\/g1.globo.com\/jornal-nacional\/noticia\/2023\/09\/06\/lula-anuncia-a-criacao-de-um-novo-ministerio-e-substituicao-de-dois-ministros.ghtml\">de mudan\u00e7as na composi\u00e7\u00e3o ministerial do governo Lula.<\/a> <\/p>\n<p> Para obter mais apoio do Centr\u00e3o no Congresso, Lula demitiu a ministra Ana Moser e entregou o Minist\u00e9rio do Esporte ao deputado Andr\u00e9 <a class href=\"https:\/\/g1.globo.com\/politica\/politico\/fufuca\/\">Fufuca<\/a> (PP-MA), que tomar\u00e1 posse no cargo nesta quarta-feira (13). <\/p>\n<p>         1 de 1&#013;Ao centro, o ministro Alexandre Padilha (Rela\u00e7\u00f5es Institucionais) aperta as m\u00e3os dos novos ministros do governo Lula: Andr\u00e9 Fufuca (\u00e0 esquerda) e Silvio Costa Filho (\u00e0 direita) \u2014 Foto: Ricardo Stuckert\/Presid\u00eancia da Rep\u00fablica    <\/p>\n<p> Ao centro, o ministro Alexandre Padilha (Rela\u00e7\u00f5es Institucionais) aperta as m\u00e3os dos novos ministros do governo Lula: Andr\u00e9 Fufuca (\u00e0 esquerda) e Silvio Costa Filho (\u00e0 direita) \u2014 Foto: Ricardo Stuckert\/Presid\u00eancia da Rep\u00fablica <\/p>\n<p> A ideia original era vincular a futura secretaria de apostas ao Minist\u00e9rio da Fazenda. Mas, com as negocia\u00e7\u00f5es para a reforma ministerial, o planejamento mudou. <\/p>\n<p> T\u00e9cnicos da equipe econ\u00f4mica afirmam, reservadamente, que s\u00f3 t\u00eam interesse em participar da nova estrutura se tiverem algum grau de autonomia sobre o funcionamento da atividade no pa\u00eds. <\/p>\n<p><h2>Policial Federal vai fiscalizar manipula\u00e7\u00e3o<\/h2>\n<\/p>\n<p> O projeto que estabelece regras para as apostas esportivas aguarda vota\u00e7\u00e3o na C\u00e2mara dos Deputados. Ainda n\u00e3o h\u00e1 previs\u00e3o para a an\u00e1lise do texto. <\/p>\n<p> Nesta ter\u00e7a-feira, foi divulgado que <a class href=\"https:\/\/g1.globo.com\/economia\/noticia\/2023\/09\/12\/policial-especialista-em-combate-a-fraudes-chefiara-grupo-contra-manipulacao-no-esporte-diz-fazenda.ghtml\">o policial federal Tiago Horta deve comandar o grupo do Minist\u00e9rio da Fazenda que vai enfrentar a manipula\u00e7\u00e3o de resultados em jogos esportivos.<\/a> <\/p>\n<p> O an\u00fancio foi feito pelo assessor especial do minist\u00e9rio, Jos\u00e9 Francisco Manssur, durante audi\u00eancia na C\u00e2mara dos Deputados. <\/p>\n<ul>\n<li> <a href=\"https:\/\/g1.globo.com\/politica\/politico\/alexandre-padilha\/\" class=\"entities__list-itemLink\" data-track-click=\"Alexandre Padilha\"> Alexandre Padilha <\/a> <\/li>\n<li> <a href=\"https:\/\/g1.globo.com\/politica\/politico\/fufuca\/\" class=\"entities__list-itemLink\" data-track-click=\"Fufuca\"> Fufuca <\/a> <\/li>\n<li> <a href=\"https:\/\/g1.globo.com\/tudo-sobre\/ministerio-da-fazenda\/\" class=\"entities__list-itemLink\" data-track-click=\"Minist\u00e9rio da Fazenda\"> Minist\u00e9rio da Fazenda <\/a> <\/li>\n<\/ul>\n","protected":false},"excerpt":{"rendered":"<p>Participa\u00e7\u00e3o do Minist\u00e9rio do Esporte foi parte de acordo pol\u00edtico com o PP. Cria\u00e7\u00e3o da estrutura foi discutida entre Andr\u00e9 Fufuca e Fernando Haddad durante o feriado. Projeto que regulamenta o assunto segue aguardando vota\u00e7\u00e3o no Congresso. Participa\u00e7\u00e3o do Minist\u00e9rio do Esporte foi parte de acordo pol\u00edtico com o PP. Cria\u00e7\u00e3o da estrutura foi discutida [&hellip;]<\/p>\n","protected":false},"author":1,"featured_media":0,"comment_status":"closed","ping_status":"closed","sticky":false,"template":"","format":"standard","meta":{"footnotes":""},"categories":[],"tags":[],"class_list":["post-52685","post","type-post","status-publish","format-standard","hentry"],"_links":{"self":[{"href":"https:\/\/blog.corretoraideal.com.br\/index.php\/wp-json\/wp\/v2\/posts\/52685","targetHints":{"allow":["GET"]}}],"collection":[{"href":"https:\/\/blog.corretoraideal.com.br\/index.php\/wp-json\/wp\/v2\/posts"}],"about":[{"href":"https:\/\/blog.corretoraideal.com.br\/index.php\/wp-json\/wp\/v2\/types\/post"}],"author":[{"embeddable":true,"href":"https:\/\/blog.corretoraideal.com.br\/index.php\/wp-json\/wp\/v2\/users\/1"}],"replies":[{"embeddable":true,"href":"https:\/\/blog.corretoraideal.com.br\/index.php\/wp-json\/wp\/v2\/comments?post=52685"}],"version-history":[{"count":1,"href":"https:\/\/blog.corretoraideal.com.br\/index.php\/wp-json\/wp\/v2\/posts\/52685\/revisions"}],"predecessor-version":[{"id":52687,"href":"https:\/\/blog.corretoraideal.com.br\/index.php\/wp-json\/wp\/v2\/posts\/52685\/revisions\/52687"}],"wp:attachment":[{"href":"https:\/\/blog.corretoraideal.com.br\/index.php\/wp-json\/wp\/v2\/media?parent=52685"}],"wp:term":[{"taxonomy":"category","embeddable":true,"href":"https:\/\/blog.corretoraideal.com.br\/index.php\/wp-json\/wp\/v2\/categories?post=52685"},{"taxonomy":"post_tag","embeddable":true,"href":"https:\/\/blog.corretoraideal.com.br\/index.php\/wp-json\/wp\/v2\/tags?post=52685"}],"curies":[{"name":"wp","href":"https:\/\/api.w.org\/{rel}","templated":true}]}}