{"id":52688,"date":"2023-09-13T10:29:41","date_gmt":"2023-09-13T10:29:41","guid":{"rendered":"https:\/\/blog.corretoraideal.com.br\/?p=52688"},"modified":"2023-09-13T10:29:41","modified_gmt":"2023-09-13T10:29:41","slug":"iphone-14-tem-ate-r-2-800-de-desconto-veja-quanto-sai-cada-versao-tecnologia-g1","status":"publish","type":"post","link":"https:\/\/blog.corretoraideal.com.br\/index.php\/2023\/09\/13\/iphone-14-tem-ate-r-2-800-de-desconto-veja-quanto-sai-cada-versao-tecnologia-g1\/","title":{"rendered":"iPhone 14 tem at\u00e9 R$ 2.800 de desconto; veja quanto sai cada vers\u00e3o | Tecnologia | G1"},"content":{"rendered":"\n<ul>\n<li>\n<p> Com o lan\u00e7amento do iPhone 15, apresentado na \u00faltima ter\u00e7a, o iPhone 14 e 13 passam a ser vendidos com desconto no Brasil. <\/p>\n<\/li>\n<li>\n<p> Os pre\u00e7os ca\u00edram de 15% a 24%. O maior desconto, de R$ 2.800, \u00e9 no 14 Plus com 512 GB de armazenamento. <\/p>\n<\/li>\n<li>\n<p> Tr\u00eas vers\u00f5es n\u00e3o estavam mais dispon\u00edveis no site da Apple. <\/p>\n<\/li>\n<\/ul>\n<p> Com o lan\u00e7amento do iPhone 15, apresentado na \u00faltima ter\u00e7a, o iPhone 14 e 13 passam a ser vendidos com desconto no Brasil. <\/p>\n<p> Os pre\u00e7os ca\u00edram de 15% a 24%. O maior desconto, de R$ 2.800, \u00e9 no 14 Plus com 512 GB de armazenamento. <\/p>\n<p> Tr\u00eas vers\u00f5es n\u00e3o estavam mais dispon\u00edveis no site da Apple. <\/p>\n<p>         1 de 2&#013;iPhone 14 \u2014 Foto: Divulga\u00e7\u00e3o\/Apple    <\/p>\n<p> iPhone 14 \u2014 Foto: Divulga\u00e7\u00e3o\/Apple <\/p>\n<p> Com o lan\u00e7amento do <a class href=\"https:\/\/g1.globo.com\/tecnologia\/noticia\/2023\/09\/12\/evento-da-apple.ghtml\">novo iPhone 15<\/a>, apresentado pela <a class href=\"https:\/\/g1.globo.com\/tudo-sobre\/apple\/\">Apple<\/a> na \u00faltima ter\u00e7a-feira (12), o iPhone 14 e o iPhone 13 passam a ser vendidos com desconto no Brasil. <\/p>\n<p> Os pre\u00e7os ca\u00edram de 15% a 24%. O maior desconto, de R$ 2.800, \u00e9 no 14 Plus com 512 GB de armazenamento, o mais caro da linha que estava dispon\u00edvel. <\/p>\n<p> Tr\u00eas vers\u00f5es \u2014 13 Mini, 14 Pro e 14 Pro Max \u2014 n\u00e3o constavam no site da Apple na tarde desta ter\u00e7a. <\/p>\n<p> Para quem quiser esperar pelo 15, apesar de a tabela de pre\u00e7os j\u00e1 ter sido divulgada no site da Apple, ele ainda n\u00e3o teve data de lan\u00e7amento anunciada para o Brasil. <\/p>\n<p> <strong>Leia tamb\u00e9m:<\/strong> <\/p>\n<ul>\n<li><a class href=\"https:\/\/g1.globo.com\/tecnologia\/noticia\/2023\/09\/12\/evento-da-apple.ghtml\">Fim da era do carregador exclusivo: as novidades do iPhone 15<\/a><\/li>\n<li><a class href=\"https:\/\/g1.globo.com\/tecnologia\/noticia\/2023\/09\/12\/apple-watch-9-tem-controle-por-gestos-veja-mais-novidades-do-relogio.ghtml\">Apple Watch ganha controle por gestos<\/a><\/li>\n<li><a class href=\"https:\/\/g1.globo.com\/tecnologia\/noticia\/2023\/09\/12\/o-que-e-usb-c-padrao-de-conexao-que-o-iphone-passa-a-adotar-depois-de-pressao-sobre-a-apple.ghtml\">O que \u00e9 a entrada USB-C que o iPhone passa a adotar<\/a><\/li>\n<\/ul>\n<p><h2>Mais sobre iPhone:<\/h2>\n<\/p>\n<p>                   <img loading=\"lazy\" decoding=\"async\" class=\"aligncenter size-full wp-image-52690\" src=\"https:\/\/blog.corretoraideal.com.br\/wp-content\/uploads\/2023\/09\/qual-iphone-comprar-13-ou-14-1.jpeg\" alt=\"Qual iPhone comprar, 13 ou 14?\" width=\"800\" height=\"400\" \/>      <\/p>\n<p> Qual iPhone comprar, 13 ou 14? <\/p>\n<p>                    <img loading=\"lazy\" decoding=\"async\" class=\"aligncenter size-full wp-image-52691\" src=\"https:\/\/blog.corretoraideal.com.br\/wp-content\/uploads\/2023\/09\/g1-testa-iphone-14-2.jpeg\" alt=\"g1 testa iPhone 14\" width=\"800\" height=\"400\" \/>      <\/p>\n<p> g1 testa iPhone 14 <\/p>\n<p>                    <img loading=\"lazy\" decoding=\"async\" class=\"aligncenter size-full wp-image-52692\" src=\"https:\/\/blog.corretoraideal.com.br\/wp-content\/uploads\/2023\/09\/iphone-evolui-e-passa-por-varias-mudancas-em-15-anos-1.jpeg\" alt=\"iPhone evolui e passa por v\u00e1rias mudan\u00e7as em 15 anos\" width=\"800\" height=\"400\" \/>      <\/p>\n<p> iPhone evolui e passa por v\u00e1rias mudan\u00e7as em 15 anos <\/p>\n<ul>\n<li> <a href=\"https:\/\/g1.globo.com\/tudo-sobre\/apple\/\" class=\"entities__list-itemLink\" data-track-click=\"Apple\"> Apple <\/a> <\/li>\n<\/ul>\n","protected":false},"excerpt":{"rendered":"<p>Com o lan\u00e7amento do iPhone 15, apresentado na \u00faltima ter\u00e7a, o iPhone 14 e 13 passam a ser vendidos com desconto no Brasil. Os pre\u00e7os ca\u00edram de 15% a 24%. O maior desconto, de R$ 2.800, \u00e9 no 14 Plus com 512 GB de armazenamento. Tr\u00eas vers\u00f5es n\u00e3o estavam mais dispon\u00edveis no site da Apple. [&hellip;]<\/p>\n","protected":false},"author":1,"featured_media":0,"comment_status":"closed","ping_status":"closed","sticky":false,"template":"","format":"standard","meta":{"footnotes":""},"categories":[],"tags":[],"class_list":["post-52688","post","type-post","status-publish","format-standard","hentry"],"_links":{"self":[{"href":"https:\/\/blog.corretoraideal.com.br\/index.php\/wp-json\/wp\/v2\/posts\/52688","targetHints":{"allow":["GET"]}}],"collection":[{"href":"https:\/\/blog.corretoraideal.com.br\/index.php\/wp-json\/wp\/v2\/posts"}],"about":[{"href":"https:\/\/blog.corretoraideal.com.br\/index.php\/wp-json\/wp\/v2\/types\/post"}],"author":[{"embeddable":true,"href":"https:\/\/blog.corretoraideal.com.br\/index.php\/wp-json\/wp\/v2\/users\/1"}],"replies":[{"embeddable":true,"href":"https:\/\/blog.corretoraideal.com.br\/index.php\/wp-json\/wp\/v2\/comments?post=52688"}],"version-history":[{"count":1,"href":"https:\/\/blog.corretoraideal.com.br\/index.php\/wp-json\/wp\/v2\/posts\/52688\/revisions"}],"predecessor-version":[{"id":52693,"href":"https:\/\/blog.corretoraideal.com.br\/index.php\/wp-json\/wp\/v2\/posts\/52688\/revisions\/52693"}],"wp:attachment":[{"href":"https:\/\/blog.corretoraideal.com.br\/index.php\/wp-json\/wp\/v2\/media?parent=52688"}],"wp:term":[{"taxonomy":"category","embeddable":true,"href":"https:\/\/blog.corretoraideal.com.br\/index.php\/wp-json\/wp\/v2\/categories?post=52688"},{"taxonomy":"post_tag","embeddable":true,"href":"https:\/\/blog.corretoraideal.com.br\/index.php\/wp-json\/wp\/v2\/tags?post=52688"}],"curies":[{"name":"wp","href":"https:\/\/api.w.org\/{rel}","templated":true}]}}