{"id":52705,"date":"2023-09-13T17:29:51","date_gmt":"2023-09-13T17:29:51","guid":{"rendered":"https:\/\/blog.corretoraideal.com.br\/?p=52705"},"modified":"2023-09-13T17:29:51","modified_gmt":"2023-09-13T17:29:51","slug":"campos-tem-programacao-no-setembro-amarelo-para-prevenir-o-suicidio-norte-fluminense-g1","status":"publish","type":"post","link":"https:\/\/blog.corretoraideal.com.br\/index.php\/2023\/09\/13\/campos-tem-programacao-no-setembro-amarelo-para-prevenir-o-suicidio-norte-fluminense-g1\/","title":{"rendered":"Campos tem programa\u00e7\u00e3o no &#039;Setembro Amarelo&#039; para prevenir o suic\u00eddio | Norte Fluminense | G1"},"content":{"rendered":"<p>      1 de 1&#013;&#039;Setembro Amarelo&#039; tem programa\u00e7\u00e3o de preven\u00e7\u00e3o ao suic\u00eddio em Campos \u2014 Foto: Imagem de Jackson David por Pixabay    <\/p>\n<p> &#039;Setembro Amarelo&#039; tem programa\u00e7\u00e3o de preven\u00e7\u00e3o ao suic\u00eddio em Campos \u2014 Foto: Imagem de Jackson David por Pixabay <\/p>\n<p> A equipe do Programa de Sa\u00fade Mental, vinculado \u00e0 Secretaria Municipal de Sa\u00fade (SMS), em <a class href=\"https:\/\/g1.globo.com\/rj\/norte-fluminense\/cidade\/campos-dos-goytacazes\/\">Campos dos Goytacazes<\/a>, no Norte Fluminense, est\u00e1 se mobilizando durante o &quot;Setembro Amarelo&quot; para conscientizar a popula\u00e7\u00e3o sobre a import\u00e2ncia de abordar e prevenir o suic\u00eddio. <\/p>\n<p> O Dia Mundial de Preven\u00e7\u00e3o ao Suic\u00eddio ocorreu no \u00faltimo domingo (10) e o m\u00eas todo \u00e9 dedicado a a\u00e7\u00f5es que alertam para essa preocupante quest\u00e3o de sa\u00fade p\u00fablica. <\/p>\n<p> Diversas a\u00e7\u00f5es, atividades e campanhas ser\u00e3o realizadas em v\u00e1rios espa\u00e7os de Campos, visando disseminar informa\u00e7\u00f5es cruciais sobre o suic\u00eddio, suas causas, sintomas e formas de preven\u00e7\u00e3o. <\/p>\n<p> A assessora chefe do programa, a psiquiatra Lana Maria Pereira da Silva, enfatiza a gravidade do problema e a import\u00e2ncia da informa\u00e7\u00e3o para a redu\u00e7\u00e3o dos casos. <\/p>\n<p> \u201cTodo dia se trabalha o suic\u00eddio, mas setembro foi o m\u00eas escolhido para intensificar as a\u00e7\u00f5es. O &#x27;Setembro Amarelo&#x27; foi abra\u00e7ado em v\u00e1rios pa\u00edses e acabou se transformando em uma campanha com a finalidade de chamar a aten\u00e7\u00e3o para o problema. Aqui em Campos criamos mecanismos todos os anos a fim de reduzir esse quantitativo\u201d, destacou a m\u00e9dica. <\/p>\n<p> Para 2023, o lema da campanha \u00e9 &quot;Se precisar, pe\u00e7a ajuda!&quot;. A coordenadora da Unidade de Acolhimento Infantojuvenil (UAI), Lilian Monsores, ressalta que o suic\u00eddio \u00e9 um problema complexo e multifatorial que afeta pessoas em todo o mundo, causando s\u00e9rios danos \u00e0 sociedade. <\/p>\n<p> \u201cSe faz necess\u00e1rio quebrar o tabu, falar sobre o tema e mostrar empatia e acolhimento \u00e0s pessoas que est\u00e3o passando por momentos dif\u00edceis. O suic\u00eddio pode atingir qualquer pessoa, independente de idade, g\u00eanero, classe social ou ra\u00e7a. Por isso, \u00e9 fundamental estarmos atentos aos sinais e oferecermos ajuda e apoio\u201d, refor\u00e7ou. <\/p>\n<p> A Rede de Aten\u00e7\u00e3o Psicossocial (RAPS) em Campos est\u00e1 estruturada com quatro Caps, cinco Resid\u00eancias Terap\u00eauticas (RTs), uma Unidade de Acolhimento Infanto-Juvenil (UAI), Servi\u00e7o de Matriciamento, Servi\u00e7o de Desinstitucionaliza\u00e7\u00e3o e Ambulat\u00f3rio Ampliado de Sa\u00fade Mental. <\/p>\n<p> \u201cSe voc\u00ea est\u00e1 passando por dificuldades ou conhece algu\u00e9m que est\u00e1 enfrentando esse desafio, n\u00e3o fique em sil\u00eancio. Procure a unidade de sa\u00fade mais pr\u00f3xima de sua resid\u00eancia ou o Centro de Aten\u00e7\u00e3o Psicossocial\u201d, orientou Lilia Monsores. <\/p>\n<p><h2>Programa\u00e7\u00e3o do &#x27;Setembro Amarelo&#x27;<\/h2>\n<\/p>\n<ul>\n<li><strong>Dias 11, 12, 18, 22, 25 e 26<\/strong> \u2013 Idea\u00e7\u00e3o Suicida (Reuni\u00f5es nas RTs, presenciais e online)<\/li>\n<li><strong>Dia 12, \u00e0s 14h &#8211;<\/strong> Roda de conversa<strong> <\/strong>no Centro de Refer\u00eancia Especializado de Assist\u00eancia Social (Creas II) \u2013 O Trabalho do Caps III em Tempos de P\u00f3s pandemia<\/li>\n<li><strong>Dia 13, \u00e0s 9h &#8211; <\/strong>Palestra na sede da Secretaria Municipal de Sa\u00fade \u2013 Cuidar de quem Cuida: Humanizando o Atendimento <\/li>\n<li><strong>Dia 14, \u00e0s 14h &#8211;<\/strong> Palestra e m\u00fasica no Hospital Geral de Guarus (HGG) \u2013 Valorizando a Vida<\/li>\n<li><strong>Dia 19, \u00e0s 14h &#8211;<\/strong> Palestra: A vida \u00e9 a melhor escolha, no Centro de Sa\u00fade do Centro \u2013 Todos pela Vida<\/li>\n<li><strong>Dia 19, \u00e0s 14h &#8211; <\/strong>Palestra na Obra do Salvador \u2013 Setembro Amarelo, \u00e9 Preciso Falar Sobre<\/li>\n<li><strong>Dia 20, \u00e0s 12h<\/strong> <strong>&#8211;<\/strong> Acolhimento e escuta no Restaurante do Povo <\/li>\n<li><strong>Dia 21, \u00e0s 14h &#8211; <\/strong>Palestra e m\u00fasica no Asilo do Carmo \u2013 Valoriza\u00e7\u00e3o da Vida<\/li>\n<li><strong>Dia 22, \u00e0s 9h &#8211; <\/strong>Oficina com adolescentes<strong> <\/strong>no Jardim do Liceu \u2013 Express\u00e3o das Emo\u00e7\u00f5es<\/li>\n<li><strong>Dia 26, \u00e0s 14h &#8211; <\/strong>Palestra: A vida \u00e9 a melhor escolha no<strong> <\/strong>Centro de Sa\u00fade de Guarus \u2013 Todos pela Vida<\/li>\n<li><strong>Dia 28, \u00e0s 14h &#8211;<\/strong> Palestra: A import\u00e2ncia da Abordagem da Depress\u00e3o na Sa\u00fade do Trabalhador: Preven\u00e7\u00e3o e cuidados, no Hospital Escola \u00c1lvaro Alvim (HEAA)<\/li>\n<li><strong>Dia 29, \u00e0s 8h30 &#8211; <\/strong>Roda de conversa: Como auxiliar um colega interno em situa\u00e7\u00e3o de sofrimento,<strong> <\/strong>no Departamento Geral de A\u00e7\u00f5es S\u00f3cio Educativas (Degase)<\/li>\n<li><strong>Dia 29, \u00e0s 15h &#8211; <\/strong>Palestra no Centro de Refer\u00eancia de Assist\u00eancia Social (Cras) do Jardim Carioca \u2013 Valoriza\u00e7\u00e3o da Vida<\/li>\n<\/ul>\n<ul>\n<li> <a href=\"https:\/\/g1.globo.com\/rj\/norte-fluminense\/cidade\/campos-dos-goytacazes\/\" class=\"entities__list-itemLink\" data-track-click=\"Campos dos Goytacazes\"> Campos dos Goytacazes <\/a> <\/li>\n<\/ul>\n","protected":false},"excerpt":{"rendered":"<p>1 de 1&#013;&#039;Setembro Amarelo&#039; tem programa\u00e7\u00e3o de preven\u00e7\u00e3o ao suic\u00eddio em Campos \u2014 Foto: Imagem de Jackson David por Pixabay &#039;Setembro Amarelo&#039; tem programa\u00e7\u00e3o de preven\u00e7\u00e3o ao suic\u00eddio em Campos \u2014 Foto: Imagem de Jackson David por Pixabay A equipe do Programa de Sa\u00fade Mental, vinculado \u00e0 Secretaria Municipal de Sa\u00fade (SMS), em Campos dos [&hellip;]<\/p>\n","protected":false},"author":1,"featured_media":0,"comment_status":"closed","ping_status":"closed","sticky":false,"template":"","format":"standard","meta":{"footnotes":""},"categories":[],"tags":[],"class_list":["post-52705","post","type-post","status-publish","format-standard","hentry"],"_links":{"self":[{"href":"https:\/\/blog.corretoraideal.com.br\/index.php\/wp-json\/wp\/v2\/posts\/52705","targetHints":{"allow":["GET"]}}],"collection":[{"href":"https:\/\/blog.corretoraideal.com.br\/index.php\/wp-json\/wp\/v2\/posts"}],"about":[{"href":"https:\/\/blog.corretoraideal.com.br\/index.php\/wp-json\/wp\/v2\/types\/post"}],"author":[{"embeddable":true,"href":"https:\/\/blog.corretoraideal.com.br\/index.php\/wp-json\/wp\/v2\/users\/1"}],"replies":[{"embeddable":true,"href":"https:\/\/blog.corretoraideal.com.br\/index.php\/wp-json\/wp\/v2\/comments?post=52705"}],"version-history":[{"count":1,"href":"https:\/\/blog.corretoraideal.com.br\/index.php\/wp-json\/wp\/v2\/posts\/52705\/revisions"}],"predecessor-version":[{"id":52707,"href":"https:\/\/blog.corretoraideal.com.br\/index.php\/wp-json\/wp\/v2\/posts\/52705\/revisions\/52707"}],"wp:attachment":[{"href":"https:\/\/blog.corretoraideal.com.br\/index.php\/wp-json\/wp\/v2\/media?parent=52705"}],"wp:term":[{"taxonomy":"category","embeddable":true,"href":"https:\/\/blog.corretoraideal.com.br\/index.php\/wp-json\/wp\/v2\/categories?post=52705"},{"taxonomy":"post_tag","embeddable":true,"href":"https:\/\/blog.corretoraideal.com.br\/index.php\/wp-json\/wp\/v2\/tags?post=52705"}],"curies":[{"name":"wp","href":"https:\/\/api.w.org\/{rel}","templated":true}]}}