{"id":52712,"date":"2023-09-13T20:30:45","date_gmt":"2023-09-13T20:30:45","guid":{"rendered":"https:\/\/blog.corretoraideal.com.br\/?p=52712"},"modified":"2023-09-13T20:30:45","modified_gmt":"2023-09-13T20:30:45","slug":"veja-as-10-cidades-mais-preparadas-para-o-5g-de-acordo-com-pesquisa-9-estao-em-sao-paulo-tecnologia-g1","status":"publish","type":"post","link":"https:\/\/blog.corretoraideal.com.br\/index.php\/2023\/09\/13\/veja-as-10-cidades-mais-preparadas-para-o-5g-de-acordo-com-pesquisa-9-estao-em-sao-paulo-tecnologia-g1\/","title":{"rendered":"Veja as 10 cidades mais preparadas para o 5G, de acordo com pesquisa; 9 est\u00e3o em S\u00e3o Paulo | Tecnologia | G1"},"content":{"rendered":"\n<p> A cidade de Americana (SP) lidera a lista dos munic\u00edpios mais preparados para receber a tecnologia 5G, segundo pesquisa divulgada pela Conexis nesta quarta-feira (13). <\/p>\n<p> O estado de S\u00e3o Paulo tem nove dos 10 munic\u00edpios com melhores condi\u00e7\u00f5es para a instala\u00e7\u00e3o e expans\u00e3o da infraestrutura de telecomunica\u00e7\u00f5es. <\/p>\n<p> Na oitava posi\u00e7\u00e3o, <a class href=\"https:\/\/g1.globo.com\/rs\/rio-grande-do-sul\/cidade\/porto-alegre\/\">Porto Alegre (RS)<\/a> \u00e9 a \u00fanica capital entre os 10 primeiros colocados. Veja a lista: <\/p>\n<li>Americana (SP)<\/li>\n<li>Jacare\u00ed (SP)<\/li>\n<li>Pindamonhangaba (SP)<\/li>\n<li>Indaiatuba (SP)<\/li>\n<li>Ja\u00fa (SP)<\/li>\n<li>Mogi Gua\u00e7u (SP)<\/li>\n<li>Bauru (SP)<\/li>\n<li>Porto Alegre (RS)<\/li>\n<li>Itu (SP)<\/li>\n<li>Araraquara (SP)<\/li>\n<p>                   <img loading=\"lazy\" decoding=\"async\" class=\"aligncenter size-full wp-image-52714\" src=\"https:\/\/blog.corretoraideal.com.br\/wp-content\/uploads\/2023\/09\/tecnologia-5g-enfrenta-desafios-para-avancar-na-expansao.jpeg\" alt=\"Tecnologia 5G enfrenta desafios para avan\u00e7ar na expans\u00e3o\" width=\"800\" height=\"400\" \/>      <\/p>\n<p> Tecnologia 5G enfrenta desafios para avan\u00e7ar na expans\u00e3o <\/p>\n<p> A pesquisa foi realizada pela consultoria Teleco, a pedido da Conexis Brasil. O levantamento avaliou 201 munic\u00edpios brasileiros com mais de 150 mil habitantes. <\/p>\n<p> Segundo o estudo, as cidades mais bem colocadas conseguem liberar a instala\u00e7\u00e3o de antenas em at\u00e9 60 dias, simplificaram os procedimentos administrativos, t\u00eam defini\u00e7\u00e3o clara de processos e documenta\u00e7\u00e3o, al\u00e9m de cobrar &quot;taxas condizentes&quot; ao valor necess\u00e1rio para o licenciamento. <\/p>\n<p> Os munic\u00edpios est\u00e3o adequados \u00e0 Lei Geral das Antenas, publicada em 2015, e que traz diretrizes para o licenciamento dessas instala\u00e7\u00f5es nos munic\u00edpios. <\/p>\n<p> Al\u00e9m de analisar a adequa\u00e7\u00e3o \u00e0 lei, a pesquisa considera ainda o processo de solicita\u00e7\u00e3o do levantamento, como a necessidade de fazer o pedido em mais de um \u00f3rg\u00e3o municipal ou o prazo para libera\u00e7\u00e3o. <\/p>\n<p> \u201cAs empresas t\u00eam cumprido o seu papel e est\u00e3o investindo para a expans\u00e3o do 5G, atendendo muito al\u00e9m das metas definidas pela Anatel, mas para que a nova tecnologia chegue a cada vez mais brasileiros \u00e9 preciso que o poder p\u00fablico municipal mantenha um ambiente favor\u00e1vel para a implanta\u00e7\u00e3o e expans\u00e3o das infraestruturas de telecomunica\u00e7\u00f5es em seu territ\u00f3rio&quot;, declarou o presidente executivo da Conexis, Marcos Ferrari. <\/p>\n<p><h2>Piores colocados<\/h2>\n<\/p>\n<p> Segundo a pesquisa, as 10 \u00faltimas cidades do ranking, com as piores condi\u00e7\u00f5es para instala\u00e7\u00e3o da infraestrutura 5G, s\u00e3o: <\/p>\n<ul>\n<li>192\u00aa: Alvorada (RS)<\/li>\n<li>193\u00aa: Maric\u00e1 (RJ)<\/li>\n<li>194\u00aa: Ipatinga (MG)<\/li>\n<li>195\u00aa: Tabo\u00e3o da Serra (SP)<\/li>\n<li>196\u00aa: Palmas (TO)<\/li>\n<li>197\u00aa: Maracana\u00fa (CE)<\/li>\n<li>198\u00aa: Olinda (PE)<\/li>\n<li>199\u00aa: Caucaia (CE)<\/li>\n<li>200\u00aa: Jundia\u00ed (SP)<\/li>\n<li>201\u00aa: Petrolina (PE)<\/li>\n<\/ul>\n<p>                   <img loading=\"lazy\" decoding=\"async\" class=\"aligncenter size-full wp-image-52715\" src=\"https:\/\/blog.corretoraideal.com.br\/wp-content\/uploads\/2023\/09\/tecnologia-5g-completa-um-ano-de-operacao-no-brasil.jpeg\" alt=\"Tecnologia 5G completa um ano de opera\u00e7\u00e3o no Brasil\" width=\"800\" height=\"400\" \/>      <\/p>\n<p> Tecnologia 5G completa um ano de opera\u00e7\u00e3o no Brasil <\/p>\n<ul>\n<li> <a href=\"https:\/\/g1.globo.com\/rs\/rio-grande-do-sul\/cidade\/porto-alegre\/\" class=\"entities__list-itemLink\" data-track-click=\"Porto Alegre\"> Porto Alegre <\/a> <\/li>\n<\/ul>\n","protected":false},"excerpt":{"rendered":"<p>A cidade de Americana (SP) lidera a lista dos munic\u00edpios mais preparados para receber a tecnologia 5G, segundo pesquisa divulgada pela Conexis nesta quarta-feira (13). O estado de S\u00e3o Paulo tem nove dos 10 munic\u00edpios com melhores condi\u00e7\u00f5es para a instala\u00e7\u00e3o e expans\u00e3o da infraestrutura de telecomunica\u00e7\u00f5es. Na oitava posi\u00e7\u00e3o, Porto Alegre (RS) \u00e9 a [&hellip;]<\/p>\n","protected":false},"author":1,"featured_media":0,"comment_status":"closed","ping_status":"closed","sticky":false,"template":"","format":"standard","meta":{"footnotes":""},"categories":[],"tags":[],"class_list":["post-52712","post","type-post","status-publish","format-standard","hentry"],"_links":{"self":[{"href":"https:\/\/blog.corretoraideal.com.br\/index.php\/wp-json\/wp\/v2\/posts\/52712","targetHints":{"allow":["GET"]}}],"collection":[{"href":"https:\/\/blog.corretoraideal.com.br\/index.php\/wp-json\/wp\/v2\/posts"}],"about":[{"href":"https:\/\/blog.corretoraideal.com.br\/index.php\/wp-json\/wp\/v2\/types\/post"}],"author":[{"embeddable":true,"href":"https:\/\/blog.corretoraideal.com.br\/index.php\/wp-json\/wp\/v2\/users\/1"}],"replies":[{"embeddable":true,"href":"https:\/\/blog.corretoraideal.com.br\/index.php\/wp-json\/wp\/v2\/comments?post=52712"}],"version-history":[{"count":1,"href":"https:\/\/blog.corretoraideal.com.br\/index.php\/wp-json\/wp\/v2\/posts\/52712\/revisions"}],"predecessor-version":[{"id":52716,"href":"https:\/\/blog.corretoraideal.com.br\/index.php\/wp-json\/wp\/v2\/posts\/52712\/revisions\/52716"}],"wp:attachment":[{"href":"https:\/\/blog.corretoraideal.com.br\/index.php\/wp-json\/wp\/v2\/media?parent=52712"}],"wp:term":[{"taxonomy":"category","embeddable":true,"href":"https:\/\/blog.corretoraideal.com.br\/index.php\/wp-json\/wp\/v2\/categories?post=52712"},{"taxonomy":"post_tag","embeddable":true,"href":"https:\/\/blog.corretoraideal.com.br\/index.php\/wp-json\/wp\/v2\/tags?post=52712"}],"curies":[{"name":"wp","href":"https:\/\/api.w.org\/{rel}","templated":true}]}}