{"id":52717,"date":"2023-09-13T22:40:32","date_gmt":"2023-09-13T22:40:32","guid":{"rendered":"https:\/\/blog.corretoraideal.com.br\/?p=52717"},"modified":"2023-09-13T22:40:32","modified_gmt":"2023-09-13T22:40:32","slug":"previsao-do-tempo-no-interior-do-rio-sol-calor-e-ventania-nesta-quarta-frente-fria-chega-na-quinta-regiao-dos-lagos-g1","status":"publish","type":"post","link":"https:\/\/blog.corretoraideal.com.br\/index.php\/2023\/09\/13\/previsao-do-tempo-no-interior-do-rio-sol-calor-e-ventania-nesta-quarta-frente-fria-chega-na-quinta-regiao-dos-lagos-g1\/","title":{"rendered":"Previs\u00e3o do tempo no interior do Rio: sol, calor e ventania nesta quarta, frente fria chega na quinta | Regi\u00e3o dos Lagos | G1"},"content":{"rendered":"<p>      1 de 1&#013;Praia do Forte, em Cabo Frio \u2014 Foto: B\u00e1rbara Mello\/g1    <\/p>\n<p> Praia do Forte, em Cabo Frio \u2014 Foto: B\u00e1rbara Mello\/g1 <\/p>\n<p> Para quem j\u00e1 est\u00e1 ou pensa em viajar para as cidades do Norte Fluminense ou Regi\u00e3o dos Lagos do Rio de Janeiro \u00e9 importante ficar por dentro das condi\u00e7\u00f5es clim\u00e1ticas para os pr\u00f3ximos dias. Veja o que esperar para esta quarta (13) e quinta-feira (14). <\/p>\n<p><h2>Sol e ventos fortes nesta quarta<\/h2>\n<\/p>\n<p> Nesta quarta-feira, o sol continua predominando em toda a regi\u00e3o, sem chuvas \u00e0 vista. No entanto, os ventos est\u00e3o fortes, com rajadas ocasionais atingindo velocidades entre 40 e 50 km\/h em diversas \u00e1reas. <\/p>\n<p> Os litorais da Regi\u00e3o dos Lagos e do Norte do estado podem registrar ventos mais persistentes, alcan\u00e7ando at\u00e9 70 km\/h. A umidade do ar fica mais baixa \u00e0 tarde, abaixo de 30%, em praticamente todo o estado. O term\u00f4metro sobe, e a m\u00e1xima nas cidades de <a class href=\"https:\/\/g1.globo.com\/rj\/regiao-dos-lagos\/cidade\/cabo-frio\/\">Cabo Frio<\/a> e <a class href=\"https:\/\/g1.globo.com\/rj\/norte-fluminense\/cidade\/campos-dos-goytacazes\/\">Campos dos Goytacazes<\/a>, por exemplo, chega aos 31\u00b0C. <\/p>\n<p><h2>Frente fria chegando na quinta<\/h2>\n<\/p>\n<p> Na quinta-feira (14), o dia ainda come\u00e7a com sol brilhando em todas as regi\u00f5es, mas as condi\u00e7\u00f5es meteorol\u00f3gicas se alteram com a aproxima\u00e7\u00e3o de uma frente fria. <\/p>\n<p> As nuvens aumentam gradualmente a partir da tarde, e h\u00e1 previs\u00e3o de pancadas de chuva moderada a forte, acompanhadas de raios. Os ventos tamb\u00e9m se intensificam e ficam persistentes. Na Costa Verde, e nas regi\u00f5es Serrana, Metropolitana e dos Lagos, as rajadas podem atingir entre 60 e 70 km\/h. A temperatura m\u00e1xima na cidade de Cabo Frio \u00e9 de 31\u00baC e em Campos dos Goytacazes, o term\u00f4metro sobe, podendo chegar a 35\u00baC. <\/p>\n<p> \u00c9 importante ficar atento \u00e0s mudan\u00e7as no tempo e tomar cuidado em caso de vento forte e chuva, especialmente se planejar atividades ao ar livre. Em caso de emerg\u00eancia, acione a Defesa Civil da sua cidade pelo 199. <\/p>\n<ul>\n<li> <a href=\"https:\/\/g1.globo.com\/rj\/regiao-dos-lagos\/cidade\/cabo-frio\/\" class=\"entities__list-itemLink\" data-track-click=\"Cabo Frio\"> Cabo Frio <\/a> <\/li>\n<li> <a href=\"https:\/\/g1.globo.com\/rj\/norte-fluminense\/cidade\/campos-dos-goytacazes\/\" class=\"entities__list-itemLink\" data-track-click=\"Campos dos Goytacazes\"> Campos dos Goytacazes <\/a> <\/li>\n<\/ul>\n","protected":false},"excerpt":{"rendered":"<p>1 de 1&#013;Praia do Forte, em Cabo Frio \u2014 Foto: B\u00e1rbara Mello\/g1 Praia do Forte, em Cabo Frio \u2014 Foto: B\u00e1rbara Mello\/g1 Para quem j\u00e1 est\u00e1 ou pensa em viajar para as cidades do Norte Fluminense ou Regi\u00e3o dos Lagos do Rio de Janeiro \u00e9 importante ficar por dentro das condi\u00e7\u00f5es clim\u00e1ticas para os pr\u00f3ximos [&hellip;]<\/p>\n","protected":false},"author":1,"featured_media":0,"comment_status":"closed","ping_status":"closed","sticky":false,"template":"","format":"standard","meta":{"footnotes":""},"categories":[],"tags":[],"class_list":["post-52717","post","type-post","status-publish","format-standard","hentry"],"_links":{"self":[{"href":"https:\/\/blog.corretoraideal.com.br\/index.php\/wp-json\/wp\/v2\/posts\/52717","targetHints":{"allow":["GET"]}}],"collection":[{"href":"https:\/\/blog.corretoraideal.com.br\/index.php\/wp-json\/wp\/v2\/posts"}],"about":[{"href":"https:\/\/blog.corretoraideal.com.br\/index.php\/wp-json\/wp\/v2\/types\/post"}],"author":[{"embeddable":true,"href":"https:\/\/blog.corretoraideal.com.br\/index.php\/wp-json\/wp\/v2\/users\/1"}],"replies":[{"embeddable":true,"href":"https:\/\/blog.corretoraideal.com.br\/index.php\/wp-json\/wp\/v2\/comments?post=52717"}],"version-history":[{"count":1,"href":"https:\/\/blog.corretoraideal.com.br\/index.php\/wp-json\/wp\/v2\/posts\/52717\/revisions"}],"predecessor-version":[{"id":52719,"href":"https:\/\/blog.corretoraideal.com.br\/index.php\/wp-json\/wp\/v2\/posts\/52717\/revisions\/52719"}],"wp:attachment":[{"href":"https:\/\/blog.corretoraideal.com.br\/index.php\/wp-json\/wp\/v2\/media?parent=52717"}],"wp:term":[{"taxonomy":"category","embeddable":true,"href":"https:\/\/blog.corretoraideal.com.br\/index.php\/wp-json\/wp\/v2\/categories?post=52717"},{"taxonomy":"post_tag","embeddable":true,"href":"https:\/\/blog.corretoraideal.com.br\/index.php\/wp-json\/wp\/v2\/tags?post=52717"}],"curies":[{"name":"wp","href":"https:\/\/api.w.org\/{rel}","templated":true}]}}