{"id":52724,"date":"2023-09-14T01:33:18","date_gmt":"2023-09-14T01:33:18","guid":{"rendered":"https:\/\/blog.corretoraideal.com.br\/?p=52724"},"modified":"2023-09-14T01:33:18","modified_gmt":"2023-09-14T01:33:18","slug":"a-tecnologia-de-deteccao-de-calor-que-ajudou-a-capturar-brasileiro-foragido-tecnologia-g1","status":"publish","type":"post","link":"https:\/\/blog.corretoraideal.com.br\/index.php\/2023\/09\/14\/a-tecnologia-de-deteccao-de-calor-que-ajudou-a-capturar-brasileiro-foragido-tecnologia-g1\/","title":{"rendered":"A tecnologia de detec\u00e7\u00e3o de calor que ajudou a capturar brasileiro foragido | Tecnologia | G1"},"content":{"rendered":"<p>      1 de 2&#013;Sensores de calor transformam ondas infravermelhas em imagens \u2014 Foto: GETTY IMAGES    <\/p>\n<p> Sensores de calor transformam ondas infravermelhas em imagens \u2014 Foto: GETTY IMAGES <\/p>\n<p> Preso nos EUA depois de duas semanas foragido, o brasileiro <a class href=\"https:\/\/g1.globo.com\/tudo-sobre\/danilo-cavalcante\/\">Danilo Cavalcante<\/a>, de 34 anos, foi encontrado gra\u00e7as, em parte, a uma tecnologia de detec\u00e7\u00e3o de calor presente em um helic\u00f3ptero da DEA, a ag\u00eancia de combate ao tr\u00e1fico de drogas dos EUA, que auxiliava a pol\u00edcia da Pensilv\u00e2nia no caso. <\/p>\n<p> Condenado \u00e0 pris\u00e3o perp\u00e9tua por matar a ex-namorada, a tamb\u00e9m brasileira Daniela Brand\u00e3o, com 38 facadas, Cavalcante <a class href=\"https:\/\/g1.globo.com\/ma\/maranhao\/noticia\/2023\/09\/01\/brasileiro-condenado-a-prisao-perpetua-por-matar-ex-namorada-foge-da-cadeia-nos-eua.ghtml\">havia fugido da pris\u00e3o <\/a>em 31 de agosto. <\/p>\n<p> Um v\u00eddeo de sua fuga mostra ele <a class href=\"https:\/\/g1.globo.com\/mundo\/noticia\/2023\/09\/06\/brasileiro-escalou-parede-para-fugir-da-prisao-nos-eua.ghtml\">escalando duas paredes paralelas de um corredor se apoiando com os p\u00e9s <\/a>em uma e as m\u00e3os em outra. <\/p>\n<p> O v\u00eddeo viralizou no mundo todo e sua fuga gerou uma ca\u00e7ada no Estado da Pensilv\u00e2nia, onde fica a pris\u00e3o de onde Cavalcante fugiu. <\/p>\n<p> <strong>Leia tamb\u00e9m <\/strong> <\/p>\n<ul>\n<li><a class href=\"https:\/\/g1.globo.com\/mundo\/noticia\/2023\/09\/13\/brasileiro-foragido-como-foi-a-captura-segundo-a-policia.ghtml\">Veja como foi a captura do brasileiro que estava foragido nos EUA<\/a><\/li>\n<li><a class href=\"https:\/\/g1.globo.com\/mundo\/noticia\/2023\/09\/06\/brasileiro-escalou-parede-para-fugir-da-prisao-nos-eua.ghtml\">Brasileiro &#x27;escalou&#x27; parede para fugir da pris\u00e3o nos EUA; v\u00eddeo<\/a><\/li>\n<li><a class href=\"https:\/\/g1.globo.com\/mundo\/noticia\/2023\/09\/01\/quem-e-o-brasileiro-condenado-a-prisao-perpetua-que-fugiu-de-presidio-nos-eua.ghtml\">Quem \u00e9 o brasileiro condenado \u00e0 pris\u00e3o perp\u00e9tua que fugiu de pres\u00eddio nos EUA<\/a><\/li>\n<\/ul>\n<p> A busca pelo fugitivo<a class href=\"https:\/\/g1.globo.com\/mundo\/noticia\/2023\/09\/13\/brasileiro-foragido-nos-eua-e-capturado.ghtml\"> mobilizou pelo menos seis ag\u00eancias de seguran\u00e7a americanas<\/a>, incluindo o <a class href=\"https:\/\/g1.globo.com\/tudo-sobre\/fbi\/\">FBI<\/a>, a patrulha de fronteira, a DEA e a pol\u00edcia local. <\/p>\n<p> O cerco em torno do brasileiro foi se fechando e a tecnologia de detec\u00e7\u00e3o de calor permitiu que ele fosse encontrado em uma mata fechada. <\/p>\n<p> Os sensores de calor usados para capturar foragidos e detectar inimigos em guerras s\u00e3o aparelhos que detectam ondas infravermelhas e as convertem em imagens. <\/p>\n<p> Tudo o que vemos em nosso dia a dia emite ondas infravermelhas &#8211; at\u00e9 o gelo &#8211; e a sutil varia\u00e7\u00e3o na quantidade de ondas permite que o sensor fa\u00e7a uma imagem com as diferentes temperaturas. <\/p>\n<p> Por isso, sensores de calor &quot;veem&quot; no escuro, em ambientes enevoados e &quot;atrav\u00e9s&quot; de objetos opacos. <\/p>\n<p>         2 de 2&#013;Imagem de Cavalvante em uma c\u00e2mera de seguran\u00e7a \u2014 Foto: BBC    <\/p>\n<p> Imagem de Cavalvante em uma c\u00e2mera de seguran\u00e7a \u2014 Foto: BBC <\/p>\n<p><h2>&#x27;Mordida leve&#x27;<\/h2>\n<\/p>\n<p> A temperatura m\u00e9dia do corpo humano \u00e9 de aproximadamente 37\u00ba C, ou seja, mais quente que a temperatura normal na maioria dos lugares, o que o torna muito distingu\u00edvel do ambiente e localiz\u00e1vel pelo sensor em locais e situa\u00e7\u00f5es onde seria dif\u00edcil encontrar algu\u00e9m a olho nu &#8211; como sobrevoando uma floresta \u00e0 noite. <\/p>\n<p> Na captura de Cavalcante, o helic\u00f3ptero com o sensor foi usado para sobrevoar uma mata na regi\u00e3o onde o fugitivo havia disparado um alarme de seguran\u00e7a, segundo a pol\u00edcia. <\/p>\n<p> <strong>Veja mais: <\/strong> <\/p>\n<ul>\n<li><a class href=\"https:\/\/g1.globo.com\/economia\/tecnologia\/noticia\/2021\/04\/08\/o-que-e-o-software-usado-pela-policia-do-rio-para-investigar-celulares-no-caso-henry-borel.ghtml\">O que \u00e9 o software usado para investigar celulares no caso Henry Borel<\/a><\/li>\n<li><a class href=\"https:\/\/g1.globo.com\/tecnologia\/noticia\/2023\/06\/22\/como-funciona-a-starlink-servico-de-internet-de-elon-musk-usado-no-submarino-desaparecido.ghtml\">Starlink: servi\u00e7o de Elon Musk usado na miss\u00e3o do submarino que sumiu<\/a><\/li>\n<li><a class href=\"https:\/\/g1.globo.com\/tecnologia\/noticia\/2023\/08\/23\/armas-inteligentes-fabricante-promete-pistola-que-so-dispara-apos-identificar-atirador.ghtml\">Fabricante promete armas que s\u00f3 dispara ap\u00f3s identificar atirador<\/a><\/li>\n<\/ul>\n<p> A busca come\u00e7ou na madrugada e o avi\u00e3o captou o sinal de calor no meio da mata. <\/p>\n<p> Uma tempestade obrigou a for\u00e7a tarefa a retirar a aeronave da \u00e1rea, mas a equipe no ch\u00e3o continuou fazendo um cerco ao fugitivo at\u00e9 que mais recursos fossem acionados. <\/p>\n<p> <strong>Assista: brasileiro condenado \u00e0 pris\u00e3o perp\u00e9tua nos EUA \u00e9 capturado ap\u00f3s 14 dias<\/strong> <\/p>\n<p>                   <img loading=\"lazy\" decoding=\"async\" class=\"aligncenter size-full wp-image-52726\" src=\"https:\/\/blog.corretoraideal.com.br\/wp-content\/uploads\/2023\/09\/brasileiro-condenado-a-prisao-perpetua-nos-eua-e-capturado-apos-14-dias.jpeg\" alt=\"Brasileiro condenado \u00e0 pris\u00e3o perp\u00e9tua nos EUA \u00e9 capturado ap\u00f3s 14 dias\" width=\"800\" height=\"400\" \/>      <\/p>\n<p> Brasileiro condenado \u00e0 pris\u00e3o perp\u00e9tua nos EUA \u00e9 capturado ap\u00f3s 14 dias <\/p>\n<p> De manh\u00e3, a equipe se aproximou e encontrou Cavalcante deitado na grama. Ele tentou fugir, mas foi imobilizado por um cachorro da pol\u00edcia at\u00e9 os policiais se aproximarem e o algemarem. <\/p>\n<p> Segundo as autoridades da Pensilv\u00e2nia, o brasileiro recebeu tratamento m\u00e9dico no local por conta da &quot;mordida leve&quot; e foi transportado para a pris\u00e3o. <\/p>\n<p> A captura &quot;acaba com o pesadelo das \u00faltimas duas semanas&quot;, disseram os policiais do condado de Chester em um comunicado que agradece os agentes envolvidos na busca. <\/p>\n<p> Cavalcante foi encaminhado para uma pris\u00e3o estadual diferente da <a class href=\"https:\/\/g1.globo.com\/ma\/maranhao\/noticia\/2023\/09\/01\/brasileiro-condenado-a-prisao-perpetua-por-matar-ex-namorada-foge-da-cadeia-nos-eua.ghtml\">instala\u00e7\u00e3o de onde fugiu. <\/a> <\/p>\n<p> O epis\u00f3dio deve tornar suas condi\u00e7\u00f5es na cadeia &#8211; onde ele j\u00e1 vai passar o resto da vida &#8211; mais rigorosas. <\/p>\n<p> Este texto foi publicado em<a class href=\"https:\/\/www.bbc.com\/portuguese\/articles\/crg5p31k62yo#:~:text=Preso%20nos%20EUA%20depois%20de,pol%C3%ADcia%20da%20Pensilv%C3%A2nia%20no%20caso.\" target=\"_blank\" rel=\"noopener noreferrer\"> https:\/\/www.bbc.com\/portuguese\/articles\/cv28z7l4k89o<\/a> <\/p>\n<p><h2>Assista : Brasileiro capturado nos EUA \u00e9 transferido de quartel da pol\u00edcia<\/h2>\n<\/p>\n<p>                   <img loading=\"lazy\" decoding=\"async\" class=\"aligncenter size-full wp-image-52727\" src=\"https:\/\/blog.corretoraideal.com.br\/wp-content\/uploads\/2023\/09\/brasileiro-capturado-nos-eua-e-transferido-de-quartel-da-policia.jpeg\" alt=\"Brasileiro capturado nos EUA \u00e9 transferido de quartel da pol\u00edcia\" width=\"800\" height=\"400\" \/>      <\/p>\n<p> Brasileiro capturado nos EUA \u00e9 transferido de quartel da pol\u00edcia <\/p>\n<p>                    <img loading=\"lazy\" decoding=\"async\" class=\"aligncenter size-full wp-image-52728\" src=\"https:\/\/blog.corretoraideal.com.br\/wp-content\/uploads\/2023\/09\/imagens-aereas-mostram-busca-por-brasileiro-foragido-nos-eua.jpeg\" alt=\"Imagens a\u00e9reas mostram busca por brasileiro foragido nos EUA\" width=\"800\" height=\"400\" \/>      <\/p>\n<p> Imagens a\u00e9reas mostram busca por brasileiro foragido nos EUA <\/p>\n<ul>\n<li> <a href=\"https:\/\/g1.globo.com\/tudo-sobre\/danilo-cavalcante\/\" class=\"entities__list-itemLink\" data-track-click=\"Danilo Cavalcante\"> Danilo Cavalcante <\/a> <\/li>\n<li> <a href=\"https:\/\/g1.globo.com\/tudo-sobre\/fbi\/\" class=\"entities__list-itemLink\" data-track-click=\"FBI\"> FBI <\/a> <\/li>\n<li> <a href=\"https:\/\/g1.globo.com\/topico\/pensilvania\" class=\"entities__list-itemLink\" data-track-click=\"Pensilv\u00e2nia\u200e\"> Pensilv\u00e2nia\u200e <\/a> <\/li>\n<\/ul>\n","protected":false},"excerpt":{"rendered":"<p>1 de 2&#013;Sensores de calor transformam ondas infravermelhas em imagens \u2014 Foto: GETTY IMAGES Sensores de calor transformam ondas infravermelhas em imagens \u2014 Foto: GETTY IMAGES Preso nos EUA depois de duas semanas foragido, o brasileiro Danilo Cavalcante, de 34 anos, foi encontrado gra\u00e7as, em parte, a uma tecnologia de detec\u00e7\u00e3o de calor presente em [&hellip;]<\/p>\n","protected":false},"author":1,"featured_media":0,"comment_status":"closed","ping_status":"closed","sticky":false,"template":"","format":"standard","meta":{"footnotes":""},"categories":[],"tags":[],"class_list":["post-52724","post","type-post","status-publish","format-standard","hentry"],"_links":{"self":[{"href":"https:\/\/blog.corretoraideal.com.br\/index.php\/wp-json\/wp\/v2\/posts\/52724","targetHints":{"allow":["GET"]}}],"collection":[{"href":"https:\/\/blog.corretoraideal.com.br\/index.php\/wp-json\/wp\/v2\/posts"}],"about":[{"href":"https:\/\/blog.corretoraideal.com.br\/index.php\/wp-json\/wp\/v2\/types\/post"}],"author":[{"embeddable":true,"href":"https:\/\/blog.corretoraideal.com.br\/index.php\/wp-json\/wp\/v2\/users\/1"}],"replies":[{"embeddable":true,"href":"https:\/\/blog.corretoraideal.com.br\/index.php\/wp-json\/wp\/v2\/comments?post=52724"}],"version-history":[{"count":1,"href":"https:\/\/blog.corretoraideal.com.br\/index.php\/wp-json\/wp\/v2\/posts\/52724\/revisions"}],"predecessor-version":[{"id":52729,"href":"https:\/\/blog.corretoraideal.com.br\/index.php\/wp-json\/wp\/v2\/posts\/52724\/revisions\/52729"}],"wp:attachment":[{"href":"https:\/\/blog.corretoraideal.com.br\/index.php\/wp-json\/wp\/v2\/media?parent=52724"}],"wp:term":[{"taxonomy":"category","embeddable":true,"href":"https:\/\/blog.corretoraideal.com.br\/index.php\/wp-json\/wp\/v2\/categories?post=52724"},{"taxonomy":"post_tag","embeddable":true,"href":"https:\/\/blog.corretoraideal.com.br\/index.php\/wp-json\/wp\/v2\/tags?post=52724"}],"curies":[{"name":"wp","href":"https:\/\/api.w.org\/{rel}","templated":true}]}}