{"id":52730,"date":"2023-09-14T03:31:29","date_gmt":"2023-09-14T03:31:29","guid":{"rendered":"https:\/\/blog.corretoraideal.com.br\/?p=52730"},"modified":"2023-09-14T03:31:29","modified_gmt":"2023-09-14T03:31:29","slug":"feira-literaria-de-quissama-abre-inscricoes-para-autores-locais-norte-fluminense-g1","status":"publish","type":"post","link":"https:\/\/blog.corretoraideal.com.br\/index.php\/2023\/09\/14\/feira-literaria-de-quissama-abre-inscricoes-para-autores-locais-norte-fluminense-g1\/","title":{"rendered":"Feira Liter\u00e1ria de Quissam\u00e3 abre inscri\u00e7\u00f5es para autores locais | Norte Fluminense | G1"},"content":{"rendered":"<p>      1 de 1&#013;Fliq, em Quissam\u00e1, recebe inscri\u00e7\u00f5es de autores locais at\u00e9 29 de setembro \u2014 Foto: Prefeitura de Quissam\u00e3\/Divulga\u00e7\u00e3o    <\/p>\n<p> Fliq, em Quissam\u00e1, recebe inscri\u00e7\u00f5es de autores locais at\u00e9 29 de setembro \u2014 Foto: Prefeitura de Quissam\u00e3\/Divulga\u00e7\u00e3o <\/p>\n<p> A Prefeitura de <a class href=\"https:\/\/g1.globo.com\/rj\/norte-fluminense\/cidade\/quissama\/\">Quissam\u00e3<\/a>, no Norte Fluminense, abriu inscri\u00e7\u00f5es para os autores locais que desejam participar da Feira Liter\u00e1ria de Quissam\u00e3 (Fliq), que ser\u00e1 realizada de 26 a 29 de outubro. <\/p>\n<p> Os interessados em promover suas obras durante os quatro dias de evento <a class href=\"https:\/\/docs.google.com\/forms\/d\/e\/1FAIpQLSf154MzikIUJWzS9Jy7g6YGY4XTuno7ikiygAGPApycTUXTEQ\/viewform\" target=\"_blank\" rel=\"noopener noreferrer\">podem se inscrever pelo site da Prefeitura<\/a> at\u00e9 o dia 29 de setembro. <\/p>\n<p> A ficha de inscri\u00e7\u00e3o deve conter nome, endere\u00e7o, telefone para contato, t\u00edtulo da obra, editora, entre outros. <\/p>\n<p> Os autores poder\u00e3o promover rodas de conversa e ter\u00e3o um estande para exposi\u00e7\u00e3o, abordagem e comercializa\u00e7\u00e3o de seus livros. Quissam\u00e3 conta com autores de g\u00eaneros da fic\u00e7\u00e3o, cr\u00f4nica, hist\u00f3ria, literatura, entre outros. <\/p>\n<p> \u201cA gente sempre realiza a\u00e7\u00f5es para valorizar os escritores locais na nossa feira. A Fliq ser\u00e1 um espa\u00e7o para se reunirem, vender os livros e promover rodas de conversa. O espa\u00e7o tamb\u00e9m incentiva os frequentadores a conhecerem essas obras\u201d, comentou a secret\u00e1ria de Educa\u00e7\u00e3o, Helena Lima. <\/p>\n<p> Com entrada gratuita, o evento vai contar com diversas atividades entre os dias 26 a 29 de outubro: literatura, rodas de conversa, participa\u00e7\u00f5es de autores e de shows. O objetivo da Secretaria de Educa\u00e7\u00e3o com Fliq tamb\u00e9m \u00e9 de promover um evento que tenha livros com valores acess\u00edveis para diferentes tipos de p\u00fablico. <\/p>\n<ul>\n<li> <a href=\"https:\/\/g1.globo.com\/rj\/norte-fluminense\/cidade\/quissama\/\" class=\"entities__list-itemLink\" data-track-click=\"Quissam\u00e3\"> Quissam\u00e3 <\/a> <\/li>\n<\/ul>\n","protected":false},"excerpt":{"rendered":"<p>1 de 1&#013;Fliq, em Quissam\u00e1, recebe inscri\u00e7\u00f5es de autores locais at\u00e9 29 de setembro \u2014 Foto: Prefeitura de Quissam\u00e3\/Divulga\u00e7\u00e3o Fliq, em Quissam\u00e1, recebe inscri\u00e7\u00f5es de autores locais at\u00e9 29 de setembro \u2014 Foto: Prefeitura de Quissam\u00e3\/Divulga\u00e7\u00e3o A Prefeitura de Quissam\u00e3, no Norte Fluminense, abriu inscri\u00e7\u00f5es para os autores locais que desejam participar da Feira Liter\u00e1ria [&hellip;]<\/p>\n","protected":false},"author":1,"featured_media":0,"comment_status":"closed","ping_status":"closed","sticky":false,"template":"","format":"standard","meta":{"footnotes":""},"categories":[],"tags":[],"class_list":["post-52730","post","type-post","status-publish","format-standard","hentry"],"_links":{"self":[{"href":"https:\/\/blog.corretoraideal.com.br\/index.php\/wp-json\/wp\/v2\/posts\/52730","targetHints":{"allow":["GET"]}}],"collection":[{"href":"https:\/\/blog.corretoraideal.com.br\/index.php\/wp-json\/wp\/v2\/posts"}],"about":[{"href":"https:\/\/blog.corretoraideal.com.br\/index.php\/wp-json\/wp\/v2\/types\/post"}],"author":[{"embeddable":true,"href":"https:\/\/blog.corretoraideal.com.br\/index.php\/wp-json\/wp\/v2\/users\/1"}],"replies":[{"embeddable":true,"href":"https:\/\/blog.corretoraideal.com.br\/index.php\/wp-json\/wp\/v2\/comments?post=52730"}],"version-history":[{"count":1,"href":"https:\/\/blog.corretoraideal.com.br\/index.php\/wp-json\/wp\/v2\/posts\/52730\/revisions"}],"predecessor-version":[{"id":52732,"href":"https:\/\/blog.corretoraideal.com.br\/index.php\/wp-json\/wp\/v2\/posts\/52730\/revisions\/52732"}],"wp:attachment":[{"href":"https:\/\/blog.corretoraideal.com.br\/index.php\/wp-json\/wp\/v2\/media?parent=52730"}],"wp:term":[{"taxonomy":"category","embeddable":true,"href":"https:\/\/blog.corretoraideal.com.br\/index.php\/wp-json\/wp\/v2\/categories?post=52730"},{"taxonomy":"post_tag","embeddable":true,"href":"https:\/\/blog.corretoraideal.com.br\/index.php\/wp-json\/wp\/v2\/tags?post=52730"}],"curies":[{"name":"wp","href":"https:\/\/api.w.org\/{rel}","templated":true}]}}