{"id":52733,"date":"2023-09-14T05:29:33","date_gmt":"2023-09-14T05:29:33","guid":{"rendered":"https:\/\/blog.corretoraideal.com.br\/?p=52733"},"modified":"2023-09-14T05:29:33","modified_gmt":"2023-09-14T05:29:33","slug":"desenrola-924-empresas-aderiram-ao-programa-e-leilao-de-dividas-deve-comecar-ainda-em-setembro-economia-g1","status":"publish","type":"post","link":"https:\/\/blog.corretoraideal.com.br\/index.php\/2023\/09\/14\/desenrola-924-empresas-aderiram-ao-programa-e-leilao-de-dividas-deve-comecar-ainda-em-setembro-economia-g1\/","title":{"rendered":"Desenrola: 924 empresas aderiram ao programa e leil\u00e3o de d\u00edvidas deve come\u00e7ar ainda em setembro | Economia | G1"},"content":{"rendered":"\n<ul>\n<li>\n<p> Neste momento, o governo vai filtrar as d\u00edvidas inscritas pelas empresas. <\/p>\n<\/li>\n<li>\n<p> Ap\u00f3s a filtragem, o governo come\u00e7a o leil\u00e3o pelos maiores descontos. <\/p>\n<\/li>\n<li>\n<p> Por fim, ser\u00e1 aberta a plataforma ao p\u00fablico para aceitar a renegocia\u00e7\u00e3o. <\/p>\n<\/li>\n<\/ul>\n<p> Neste momento, o governo vai filtrar as d\u00edvidas inscritas pelas empresas. <\/p>\n<p> Ap\u00f3s a filtragem, o governo come\u00e7a o leil\u00e3o pelos maiores descontos. <\/p>\n<p> Por fim, ser\u00e1 aberta a plataforma ao p\u00fablico para aceitar a renegocia\u00e7\u00e3o. <\/p>\n<p> O <a class href=\"https:\/\/g1.globo.com\/tudo-sobre\/ministerio-da-fazenda\/\">Minist\u00e9rio da Fazenda<\/a> informou nesta quarta-feira (13) que 924 empresas que t\u00eam d\u00edvidas a receber se inscreveram no Desenrola, programa criado pelo governo federal para a renegocia\u00e7\u00e3o de d\u00e9bitos. <\/p>\n<p> \u2705Clique aqui para seguir o novo canal do g1 no WhatsApp. <\/p>\n<p> \u26a0\ufe0fO grupo antigo ser\u00e1 desativado. Mesmo que voc\u00ea j\u00e1 fa\u00e7a parte da nossa comunidade, \u00e9 preciso se inscrever novamente. <\/p>\n<p>         1 de 1&#013;Minist\u00e9rio da Fazenda \u2014 Foto: Adriano Machado\/Reuters    <\/p>\n<p> Minist\u00e9rio da Fazenda \u2014 Foto: Adriano Machado\/Reuters <\/p>\n<p> O prazo para bancos, varejistas, companhias de \u00e1gua, saneamento e energia, entre outros, aderirem ao programa e informarem as d\u00edvidas que desejam renegociar <a class href=\"https:\/\/g1.globo.com\/economia\/noticia\/2023\/08\/29\/desenrola-credores-tem-12-dias-para-aderir-a-nova-fase-do-programa-voltada-a-quem-ganha-ate-2-salarios-e-tem-dividas-de-ate-r-5-mil.ghtml\">terminou ontem (12).<\/a> <\/p>\n<p> O objetivo dessa fase do Desenrola \u00e9 renegociar as d\u00edvidas do p\u00fablico da faixa 1, composta por quem: <\/p>\n<ul>\n<li>tem renda de at\u00e9 R$ 2.640 (dois sal\u00e1rios m\u00ednimos) ou est\u00e1 inscrito no Cadastro \u00danico do governo federal (Cad\u00danico) e <\/li>\n<li>tem d\u00edvidas de at\u00e9 R$ 5 mil negativadas at\u00e9 31 de dezembro de 2022.<\/li>\n<\/ul>\n<p> Por\u00e9m, este ainda n\u00e3o \u00e9 o momento de o p\u00fablico da faixa 1 buscar o site para renegociar a sua d\u00edvida. A abertura da plataforma para as pessoas interessadas na renegocia\u00e7\u00e3o s\u00f3 vai acontecer ap\u00f3s o leil\u00e3o dos d\u00e9bitos. <\/p>\n<p><h2>Pr\u00f3ximos passos<\/h2>\n<\/p>\n<p> \u25b6\ufe0f<strong>Filtragem das d\u00edvidas:<\/strong> de acordo com a Fazenda, as d\u00edvidas inscritas pelas empresas no programa agora ser\u00e3o filtradas para checar se s\u00e3o d\u00edvidas de pessoas que ganham at\u00e9 dois sal\u00e1rios m\u00ednimos (R$ 2.640) ou s\u00e3o inscritas no Cad\u00danico do governo federal; <\/p>\n<p> \u25b6\ufe0f<strong>Leil\u00f5es: <\/strong>processo competitivo entre as empresas sob a forma de leil\u00e3o. Nesta etapa, o p\u00fablico da faixa 1 n\u00e3o precisar\u00e1 fazer nada, apenas as empresas credoras. <\/p>\n<p> As empresas v\u00e3o informar quanto de desconto est\u00e3o dispostas a conceder para cada consumidor. Os leil\u00f5es ser\u00e3o realizados por categoria de d\u00edvida. Ou seja, haver\u00e1 um leil\u00e3o para as contas de \u00e1gua, outro para contas de luz, e assim por diante. As empresas que oferecerem os maiores descontos vencem o leil\u00e3o e ter\u00e3o a garantia do programa. <\/p>\n<p> Segundo Minist\u00e9rio da Fazenda, o in\u00edcio do leil\u00e3o est\u00e1 previsto para o final da pr\u00f3xima semana. <\/p>\n<p> \u25b6\ufe0f<strong>Abertura da plataforma:<\/strong> quando o programa estar\u00e1 dispon\u00edvel para o p\u00fablico da faixa 1. A pessoa poder\u00e1 acessar a plataforma do governo (que ainda ser\u00e1 divulgada) com o seu usu\u00e1rio gov.br. <\/p>\n<p> Na plataforma, haver\u00e1 uma lista com as d\u00edvidas cadastradas pelas empresas credoras e as op\u00e7\u00f5es de desconto. Se a pessoa quiser aproveitar a oferta de desconto, poder\u00e1 escolher entre pagamento \u00e0 vista ou a prazo. <\/p>\n<p> A previs\u00e3o \u00e9 que a plataforma abra para o p\u00fablico no final de setembro. <\/p>\n<p><h2>E a faixa 2?<\/h2>\n<\/p>\n<p> Para a faixa 2 do programa, as renegocia\u00e7\u00f5es tiveram in\u00edcio em julho e podem ser feitas diretamente com os bancos. <\/p>\n<p> Neste caso, s\u00e3o renegociadas apenas as d\u00edvidas banc\u00e1rias. Ou seja, n\u00e3o \u00e9 poss\u00edvel renegociar d\u00edvidas com varejistas, companhias de \u00e1gua e luz, entre outros. <\/p>\n<p> Segundo \u00faltimo balan\u00e7o da Federa\u00e7\u00e3o Brasileira de Bancos (Febraban), at\u00e9 07 de setembro, <a class href=\"https:\/\/g1.globo.com\/economia\/noticia\/2023\/09\/07\/desenrola-renegocia-quase-r-12-bilhoes-em-dividas-diz-febraban.ghtml\">foram renegociados quase R$ 12 bilh\u00f5es de d\u00edvida.<\/a> <\/p>\n<ul>\n<li> <a href=\"https:\/\/g1.globo.com\/tudo-sobre\/ministerio-da-fazenda\/\" class=\"entities__list-itemLink\" data-track-click=\"Minist\u00e9rio da Fazenda\"> Minist\u00e9rio da Fazenda <\/a> <\/li>\n<\/ul>\n","protected":false},"excerpt":{"rendered":"<p>Neste momento, o governo vai filtrar as d\u00edvidas inscritas pelas empresas. Ap\u00f3s a filtragem, o governo come\u00e7a o leil\u00e3o pelos maiores descontos. Por fim, ser\u00e1 aberta a plataforma ao p\u00fablico para aceitar a renegocia\u00e7\u00e3o. Neste momento, o governo vai filtrar as d\u00edvidas inscritas pelas empresas. Ap\u00f3s a filtragem, o governo come\u00e7a o leil\u00e3o pelos maiores [&hellip;]<\/p>\n","protected":false},"author":1,"featured_media":0,"comment_status":"closed","ping_status":"closed","sticky":false,"template":"","format":"standard","meta":{"footnotes":""},"categories":[],"tags":[],"class_list":["post-52733","post","type-post","status-publish","format-standard","hentry"],"_links":{"self":[{"href":"https:\/\/blog.corretoraideal.com.br\/index.php\/wp-json\/wp\/v2\/posts\/52733","targetHints":{"allow":["GET"]}}],"collection":[{"href":"https:\/\/blog.corretoraideal.com.br\/index.php\/wp-json\/wp\/v2\/posts"}],"about":[{"href":"https:\/\/blog.corretoraideal.com.br\/index.php\/wp-json\/wp\/v2\/types\/post"}],"author":[{"embeddable":true,"href":"https:\/\/blog.corretoraideal.com.br\/index.php\/wp-json\/wp\/v2\/users\/1"}],"replies":[{"embeddable":true,"href":"https:\/\/blog.corretoraideal.com.br\/index.php\/wp-json\/wp\/v2\/comments?post=52733"}],"version-history":[{"count":1,"href":"https:\/\/blog.corretoraideal.com.br\/index.php\/wp-json\/wp\/v2\/posts\/52733\/revisions"}],"predecessor-version":[{"id":52735,"href":"https:\/\/blog.corretoraideal.com.br\/index.php\/wp-json\/wp\/v2\/posts\/52733\/revisions\/52735"}],"wp:attachment":[{"href":"https:\/\/blog.corretoraideal.com.br\/index.php\/wp-json\/wp\/v2\/media?parent=52733"}],"wp:term":[{"taxonomy":"category","embeddable":true,"href":"https:\/\/blog.corretoraideal.com.br\/index.php\/wp-json\/wp\/v2\/categories?post=52733"},{"taxonomy":"post_tag","embeddable":true,"href":"https:\/\/blog.corretoraideal.com.br\/index.php\/wp-json\/wp\/v2\/tags?post=52733"}],"curies":[{"name":"wp","href":"https:\/\/api.w.org\/{rel}","templated":true}]}}