{"id":52736,"date":"2023-09-14T06:30:22","date_gmt":"2023-09-14T06:30:22","guid":{"rendered":"https:\/\/blog.corretoraideal.com.br\/?p=52736"},"modified":"2023-09-14T06:30:22","modified_gmt":"2023-09-14T06:30:22","slug":"g1-agora-esta-nos-canais-do-whatsapp-veja-como-participar-tecnologia-g1","status":"publish","type":"post","link":"https:\/\/blog.corretoraideal.com.br\/index.php\/2023\/09\/14\/g1-agora-esta-nos-canais-do-whatsapp-veja-como-participar-tecnologia-g1\/","title":{"rendered":"g1 agora est\u00e1 nos Canais do WhatsApp; veja como participar | Tecnologia | G1"},"content":{"rendered":"\n<p> A <a class href=\"https:\/\/g1.globo.com\/tecnologia\/noticia\/2023\/09\/13\/whatsapp-lanca-recurso-canais-igual-ao-do-telegram-com-numero-ilimitado-de-participantes.ghtml\">Meta lan\u00e7ou nesta quarta-feira (13) os Canais do Whatsapp<\/a>, e o g1 e diversos canais da globo est\u00e3o l\u00e1. <\/p>\n<p> Quer receber as not\u00edcias direto no seu celular? Veja como participar <\/p>\n<p> Se para voc\u00ea ainda aparecer que o canal est\u00e1 indispon\u00edvel, a Meta explica que a funcionalidade estar\u00e1 habilitada para todos &quot;nas pr\u00f3ximas semanas&quot;. &quot;Essas atualiza\u00e7\u00f5es come\u00e7aram a ser implementadas para os usu\u00e1rios do mundo inteiro e estar\u00e3o dispon\u00edveis a todos nas pr\u00f3ximas semanas.&quot; <\/p>\n<p> <strong>Como entrar em um canal do WhatsApp?<\/strong> <\/p>\n<p> Basta escolher um dos canais listados abaixo e clicar no nome <\/p>\n<p> <a class href=\"https:\/\/whatsapp.com\/channel\/0029Va2ll12AInPbyd8p933r\" target=\"_blank\" rel=\"noopener noreferrer\">g1<\/a> <\/p>\n<p> <a class href=\"https:\/\/whatsapp.com\/channel\/0029Va7r0lf6RGJLg80OlH3E\" target=\"_blank\" rel=\"noopener noreferrer\">GloboNews<\/a> <\/p>\n<p> <a class href=\"https:\/\/whatsapp.com\/channel\/0029Va7hbvFEQIaq68PRFK0M\" target=\"_blank\" rel=\"noopener noreferrer\">TV Globo<\/a> <\/p>\n<p> <a class href=\"https:\/\/whatsapp.com\/channel\/0029Va2ldPw1NCrMbDVwsU1i\" target=\"_blank\" rel=\"noopener noreferrer\">GNT<\/a> <\/p>\n<p> <a class href=\"https:\/\/whatsapp.com\/channel\/0029Va36asrFMqrh34fSab3x\" target=\"_blank\" rel=\"noopener noreferrer\">Cartola<\/a> <\/p>\n<p> <a class href=\"https:\/\/whatsapp.com\/channel\/0029Va3CKD45vKA48kShEN3e\" target=\"_blank\" rel=\"noopener noreferrer\">Multishow<\/a> <\/p>\n<p> <a class href=\"https:\/\/whatsapp.com\/channel\/0029Va6zoiQBA1eyqsLdrR0a\" target=\"_blank\" rel=\"noopener noreferrer\">Viva<\/a> <\/p>\n<p> <a class href=\"https:\/\/whatsapp.com\/channel\/0029Va7ARJrFSAt9xBIgAJ2G\" target=\"_blank\" rel=\"noopener noreferrer\">BBB<\/a> <\/p>\n<p>                   <img loading=\"lazy\" decoding=\"async\" class=\"aligncenter size-full wp-image-52738\" src=\"https:\/\/blog.corretoraideal.com.br\/wp-content\/uploads\/2023\/09\/g1-esta-nos-canais-do-whatsapp-veja-como-participar.jpeg\" alt=\"g1 est\u00e1 nos Canais do WhatsApp; veja como participar\" width=\"800\" height=\"400\" \/>      <\/p>\n<p> g1 est\u00e1 nos Canais do WhatsApp; veja como participar <\/p>\n<p> <strong>Como eu fa\u00e7o para ativar as notifica\u00e7\u00f5es?<\/strong> <\/p>\n<p> Para ativar as notifica\u00e7\u00f5es, basta clicar no sininho que est\u00e1 no topo \u00e0 direita da tela do celular. Ative e seja avisado na hora que tiver uma novidade. <\/p>\n<p>         1 de 1&#013;Canais WhatsApp \u2014 Foto: Reprodu\u00e7\u00e3o    <\/p>\n<p> Canais WhatsApp \u2014 Foto: Reprodu\u00e7\u00e3o <\/p>\n<p> <strong>Eu j\u00e1 participo da comunidade do WhatsApp do g1. Ela vai continuar?<\/strong> <\/p>\n<p> A comunidade do g1 ser\u00e1 desativada. Ent\u00e3o, \u00e9 preciso se <a class href=\"https:\/\/whatsapp.com\/channel\/0029Va2ll12AInPbyd8p933r\" target=\"_blank\" rel=\"noopener noreferrer\">inscrever no canal<\/a> para seguir recebendo as not\u00edcias do g1 direto no seu WhatsApp. <\/p>\n<ul> <\/ul>\n","protected":false},"excerpt":{"rendered":"<p>A Meta lan\u00e7ou nesta quarta-feira (13) os Canais do Whatsapp, e o g1 e diversos canais da globo est\u00e3o l\u00e1. Quer receber as not\u00edcias direto no seu celular? Veja como participar Se para voc\u00ea ainda aparecer que o canal est\u00e1 indispon\u00edvel, a Meta explica que a funcionalidade estar\u00e1 habilitada para todos &quot;nas pr\u00f3ximas semanas&quot;. &quot;Essas [&hellip;]<\/p>\n","protected":false},"author":1,"featured_media":0,"comment_status":"closed","ping_status":"closed","sticky":false,"template":"","format":"standard","meta":{"footnotes":""},"categories":[],"tags":[],"class_list":["post-52736","post","type-post","status-publish","format-standard","hentry"],"_links":{"self":[{"href":"https:\/\/blog.corretoraideal.com.br\/index.php\/wp-json\/wp\/v2\/posts\/52736","targetHints":{"allow":["GET"]}}],"collection":[{"href":"https:\/\/blog.corretoraideal.com.br\/index.php\/wp-json\/wp\/v2\/posts"}],"about":[{"href":"https:\/\/blog.corretoraideal.com.br\/index.php\/wp-json\/wp\/v2\/types\/post"}],"author":[{"embeddable":true,"href":"https:\/\/blog.corretoraideal.com.br\/index.php\/wp-json\/wp\/v2\/users\/1"}],"replies":[{"embeddable":true,"href":"https:\/\/blog.corretoraideal.com.br\/index.php\/wp-json\/wp\/v2\/comments?post=52736"}],"version-history":[{"count":1,"href":"https:\/\/blog.corretoraideal.com.br\/index.php\/wp-json\/wp\/v2\/posts\/52736\/revisions"}],"predecessor-version":[{"id":52739,"href":"https:\/\/blog.corretoraideal.com.br\/index.php\/wp-json\/wp\/v2\/posts\/52736\/revisions\/52739"}],"wp:attachment":[{"href":"https:\/\/blog.corretoraideal.com.br\/index.php\/wp-json\/wp\/v2\/media?parent=52736"}],"wp:term":[{"taxonomy":"category","embeddable":true,"href":"https:\/\/blog.corretoraideal.com.br\/index.php\/wp-json\/wp\/v2\/categories?post=52736"},{"taxonomy":"post_tag","embeddable":true,"href":"https:\/\/blog.corretoraideal.com.br\/index.php\/wp-json\/wp\/v2\/tags?post=52736"}],"curies":[{"name":"wp","href":"https:\/\/api.w.org\/{rel}","templated":true}]}}