{"id":52740,"date":"2023-09-14T08:30:58","date_gmt":"2023-09-14T08:30:58","guid":{"rendered":"https:\/\/blog.corretoraideal.com.br\/?p=52740"},"modified":"2023-09-14T08:30:58","modified_gmt":"2023-09-14T08:30:58","slug":"policia-procura-condenado-a-61-anos-de-prisao-em-miracema-no-rj-norte-fluminense-g1","status":"publish","type":"post","link":"https:\/\/blog.corretoraideal.com.br\/index.php\/2023\/09\/14\/policia-procura-condenado-a-61-anos-de-prisao-em-miracema-no-rj-norte-fluminense-g1\/","title":{"rendered":"Pol\u00edcia procura condenado a 61 anos de pris\u00e3o em Miracema, no RJ | Norte Fluminense | G1"},"content":{"rendered":"<p>      1 de 1&#013;Edigar Morais, o &#034;Edigarzinho&#034;, de 41 anos, \u00e9 considerado foragido da Justi\u00e7a de Miracema, no Noroeste do Rio \u2014 Foto: Pol\u00edcia Civil    <\/p>\n<p> Edigar Morais, o &#034;Edigarzinho&#034;, de 41 anos, \u00e9 considerado foragido da Justi\u00e7a de Miracema, no Noroeste do Rio \u2014 Foto: Pol\u00edcia Civil <\/p>\n<p> Um homem condenado a 61 anos de pris\u00e3o em <a class href=\"https:\/\/g1.globo.com\/rj\/norte-fluminense\/cidade\/miracema\/\">Miracema<\/a>, no Noroeste Fluminense, est\u00e1 sendo procurado pela Pol\u00edcia Civil. A condena\u00e7\u00e3o ocorreu no dia 30 de agosto deste ano, prevendo cumprimento da pena em regime fechado. A senten\u00e7a ainda n\u00e3o transitou em julgado, cabendo recurso. <\/p>\n<p> Edigar Morais, de 41 anos, responde por envolvimento em quatro tentativas de homic\u00eddio, ocorridas em mar\u00e7o de 2021, al\u00e9m de corrup\u00e7\u00e3o de menor. Ele saiu para o indulto de Natal, ainda em 2021, e n\u00e3o retornou ao pres\u00eddio. <\/p>\n<p> O Disque Den\u00fancia divulgou o cartaz de procurado de Edigar Morais, conhecido como \u201cEdigarzinho\u201d. De acordo com a Pol\u00edcia, ele \u00e9 considerado chefe do tr\u00e1fico do Morro da Jove. <\/p>\n<p> O delegado titular da 137\u00aa DP (Miracema), Dr. Gesner C\u00e9sar Bruno, explicou como ocorreu um dos crimes cometidos por Edigar. <\/p>\n<p> &quot;No dia 14 de mar\u00e7o de 2021, por volta das 20h, policiais militares disseram que estavam de servi\u00e7o na Rua Doutor Monteiro quando um t\u00e1xi passou em alta velocidade, o que levantou suspeitas da equipe. Os militares seguiram o ve\u00edculo, e, chegando nas proximidades do Morro do Cruzeiro, visualizaram o t\u00e1xi com tr\u00eas pessoas ao lado de fora do carro. Os homens estavam com armas de fogo atirando em dire\u00e7\u00e3o a um grupo de aproximadamente quatro pessoas. Os atiradores fugiram para uma local de mata atr\u00e1s de um Ciep&quot;, disse. <\/p>\n<p> Ainda de acordo com as investiga\u00e7\u00f5es, &quot;em buscas pelos autores dos disparos, os policiais militares conseguiram capturar os envolvidos, que falaram que o ataque ao grupo teria sido ordem de &#x27;Edigarzinho&#x27; por disputas entre fac\u00e7\u00f5es rivais&quot;. <\/p>\n<p> Segundo o Disque Den\u00fancia, &quot;Edigarzinho&quot; possui 21 anota\u00e7\u00f5es criminais pelos crimes de tr\u00e1fico de drogas; crime de falso testemunho ou falsa pericia; roubo qualificado; associa\u00e7\u00e3o para o tr\u00e1fico de drogas; homic\u00eddio; destruir, inutilizar ou deteriorar coisa alheia; crime tentado; amea\u00e7a; resist\u00eancia; desobedi\u00eancia e corrup\u00e7\u00e3o de menores. <\/p>\n<p> A pol\u00edcia explica que informa\u00e7\u00f5es sobre a localiza\u00e7\u00e3o de Edigar de Moraes, o Edigarzinho, podem ser comunicadas ao Disque Den\u00fancia (021) 2253-1177, que atende tamb\u00e9m pelo WhatsApp, de forma an\u00f4nima e com sigilo garantido. <\/p>\n<ul>\n<li> <a href=\"https:\/\/g1.globo.com\/rj\/norte-fluminense\/cidade\/miracema\/\" class=\"entities__list-itemLink\" data-track-click=\"Miracema\"> Miracema <\/a> <\/li>\n<\/ul>\n","protected":false},"excerpt":{"rendered":"<p>1 de 1&#013;Edigar Morais, o &#034;Edigarzinho&#034;, de 41 anos, \u00e9 considerado foragido da Justi\u00e7a de Miracema, no Noroeste do Rio \u2014 Foto: Pol\u00edcia Civil Edigar Morais, o &#034;Edigarzinho&#034;, de 41 anos, \u00e9 considerado foragido da Justi\u00e7a de Miracema, no Noroeste do Rio \u2014 Foto: Pol\u00edcia Civil Um homem condenado a 61 anos de pris\u00e3o em [&hellip;]<\/p>\n","protected":false},"author":1,"featured_media":0,"comment_status":"closed","ping_status":"closed","sticky":false,"template":"","format":"standard","meta":{"footnotes":""},"categories":[],"tags":[],"class_list":["post-52740","post","type-post","status-publish","format-standard","hentry"],"_links":{"self":[{"href":"https:\/\/blog.corretoraideal.com.br\/index.php\/wp-json\/wp\/v2\/posts\/52740","targetHints":{"allow":["GET"]}}],"collection":[{"href":"https:\/\/blog.corretoraideal.com.br\/index.php\/wp-json\/wp\/v2\/posts"}],"about":[{"href":"https:\/\/blog.corretoraideal.com.br\/index.php\/wp-json\/wp\/v2\/types\/post"}],"author":[{"embeddable":true,"href":"https:\/\/blog.corretoraideal.com.br\/index.php\/wp-json\/wp\/v2\/users\/1"}],"replies":[{"embeddable":true,"href":"https:\/\/blog.corretoraideal.com.br\/index.php\/wp-json\/wp\/v2\/comments?post=52740"}],"version-history":[{"count":1,"href":"https:\/\/blog.corretoraideal.com.br\/index.php\/wp-json\/wp\/v2\/posts\/52740\/revisions"}],"predecessor-version":[{"id":52742,"href":"https:\/\/blog.corretoraideal.com.br\/index.php\/wp-json\/wp\/v2\/posts\/52740\/revisions\/52742"}],"wp:attachment":[{"href":"https:\/\/blog.corretoraideal.com.br\/index.php\/wp-json\/wp\/v2\/media?parent=52740"}],"wp:term":[{"taxonomy":"category","embeddable":true,"href":"https:\/\/blog.corretoraideal.com.br\/index.php\/wp-json\/wp\/v2\/categories?post=52740"},{"taxonomy":"post_tag","embeddable":true,"href":"https:\/\/blog.corretoraideal.com.br\/index.php\/wp-json\/wp\/v2\/tags?post=52740"}],"curies":[{"name":"wp","href":"https:\/\/api.w.org\/{rel}","templated":true}]}}