{"id":52764,"date":"2023-09-14T15:30:32","date_gmt":"2023-09-14T15:30:32","guid":{"rendered":"https:\/\/blog.corretoraideal.com.br\/?p=52764"},"modified":"2023-09-14T15:30:32","modified_gmt":"2023-09-14T15:30:32","slug":"governo-apresenta-projeto-de-lei-que-cria-politica-de-incentivo-aos-combustiveis-renovaveis-politica-g1","status":"publish","type":"post","link":"https:\/\/blog.corretoraideal.com.br\/index.php\/2023\/09\/14\/governo-apresenta-projeto-de-lei-que-cria-politica-de-incentivo-aos-combustiveis-renovaveis-politica-g1\/","title":{"rendered":"Governo apresenta projeto de lei que cria pol\u00edtica de incentivo aos combust\u00edveis renov\u00e1veis | Pol\u00edtica | G1"},"content":{"rendered":"\n<p> O governo federal apresentou nesta quinta-feira (14) uma s\u00e9rie de medidas para estimular o uso de combust\u00edveis renov\u00e1veis. Para entrar em vigor, as propostas ter\u00e3o de ser aprovadas pelo Congresso Nacional. <\/p>\n<ul>\n<li>\u2705<a class href=\"https:\/\/www.whatsapp.com\/channel\/0029Va2ll12AInPbyd8p933r\" target=\"_blank\" rel=\"noopener noreferrer\">Clique aqui para seguir o novo canal do g1 no WhatsApp<\/a>.<\/li>\n<li>\u26a0\ufe0fO grupo antigo ser\u00e1 desativado. Mesmo que voc\u00ea j\u00e1 fa\u00e7a parte da nossa comunidade, \u00e9 preciso se inscrever novamente.<\/li>\n<\/ul>\n<p> O presidente Luiz In\u00e1cio <a class href=\"https:\/\/g1.globo.com\/politica\/politico\/lula\/\">Lula<\/a> da Silva (<a class href=\"https:\/\/g1.globo.com\/politica\/partido\/pt\/\">PT<\/a>) realizou uma cerim\u00f4nia no Pal\u00e1cio do Planalto para assinar o projeto de lei que cria o programa Combust\u00edvel do Futuro. O texto da proposta, que come\u00e7ar\u00e1 a tramitar pela C\u00e2mara dos Deputados, n\u00e3o foi divulgado durante o evento. <\/p>\n<p> O governo quer criar o programa dentro dos esfor\u00e7os para incentivar a transi\u00e7\u00e3o energ\u00e9tica no setor de transportes. <\/p>\n<p> O texto vai integrar a Pol\u00edtica Nacional de Biocombust\u00edveis (RenovaBio), o Programa Rota 2030 &#8211;voltado para a moderniza\u00e7\u00e3o do setor automotivo&#8211; e o Programa Brasileiro de Etiquetagem (PBE Veicular). <\/p>\n<p> Al\u00e9m da integra\u00e7\u00e3o das pol\u00edticas de efici\u00eancia energ\u00e9tica dos ve\u00edculos, a proposta foi dividida em cinco eixos: <\/p>\n<ul>\n<li>Programa Nacional de Combust\u00edvel Sustent\u00e1vel de Avia\u00e7\u00e3o;<\/li>\n<li>Programa Nacional do Diesel Verde;<\/li>\n<li>Regulamenta\u00e7\u00e3o de combust\u00edveis sint\u00e9ticos;<\/li>\n<li>Captura e estocagem geol\u00f3gica de di\u00f3xido de carbono (CO2);<\/li>\n<li>Novos limites de mistura de etanol anidro \u00e0 gasolina.<\/li>\n<\/ul>\n<p> Segundo o governo, o eixo do programa voltado \u00e0 avia\u00e7\u00e3o civil incentiva a mistura de biocombust\u00edveis ao querosene de avia\u00e7\u00e3o para que as companhias a\u00e9reas reduzam entre 1% e 10% as emiss\u00f5es de di\u00f3xido de carbono entre 2027 e 2037. <\/p>\n<p> O programa pretende incluir na mistura do diesel tradicional, a base de petr\u00f3leo, de um biocombust\u00edvel de origem vegetal (cana-de-a\u00e7\u00facar, \u00f3leo de soja, \u00f3leo de maca\u00faba, etc), chamado de diesel verde. <\/p>\n<p> Caber\u00e1 ao Conselho Nacional de Pol\u00edtica Energ\u00e9tica (CNPE) definir um percentual obrigat\u00f3rio de adi\u00e7\u00e3o do diesel verde ao diesel tradicional. <\/p>\n<p> O projeto tamb\u00e9m pretende aumentar a mistura de etanol anidro \u00e0 gasolina, com patamar m\u00ednimo de 22% e m\u00e1ximo de 30%. Hoje, esse teor est\u00e1 entre 18% e 27,5%. <\/p>\n<p> O governo ainda deseja definir dois marcos regulat\u00f3rios, um dos combust\u00edveis sint\u00e9ticos no Brasil, conhecidos por e-Fuel e usados em motores a combust\u00e3o. A Ag\u00eancia Nacional do Petr\u00f3leo, G\u00e1s Natural e Biocombust\u00edveis (ANP) ser\u00e1 respons\u00e1vel pelo tema. <\/p>\n<p> Outro marco regulat\u00f3rio trata da captura e estocagem geol\u00f3gica de di\u00f3xido de carbono (CO2). A ideia \u00e9 capturar gases de efeito estufa da atmosfera e injet\u00e1-los em reservat\u00f3rios subterr\u00e2neos. <\/p>\n<ul>\n<li> <a href=\"https:\/\/g1.globo.com\/politica\/politico\/lula\/\" class=\"entities__list-itemLink\" data-track-click=\"Lula\"> Lula <\/a> <\/li>\n<li> <a href=\"https:\/\/g1.globo.com\/politica\/partido\/pt\/\" class=\"entities__list-itemLink\" data-track-click=\"PT\"> PT <\/a> <\/li>\n<\/ul>\n","protected":false},"excerpt":{"rendered":"<p>O governo federal apresentou nesta quinta-feira (14) uma s\u00e9rie de medidas para estimular o uso de combust\u00edveis renov\u00e1veis. Para entrar em vigor, as propostas ter\u00e3o de ser aprovadas pelo Congresso Nacional. \u2705Clique aqui para seguir o novo canal do g1 no WhatsApp. \u26a0\ufe0fO grupo antigo ser\u00e1 desativado. Mesmo que voc\u00ea j\u00e1 fa\u00e7a parte da nossa [&hellip;]<\/p>\n","protected":false},"author":1,"featured_media":0,"comment_status":"closed","ping_status":"closed","sticky":false,"template":"","format":"standard","meta":{"footnotes":""},"categories":[],"tags":[],"class_list":["post-52764","post","type-post","status-publish","format-standard","hentry"],"_links":{"self":[{"href":"https:\/\/blog.corretoraideal.com.br\/index.php\/wp-json\/wp\/v2\/posts\/52764","targetHints":{"allow":["GET"]}}],"collection":[{"href":"https:\/\/blog.corretoraideal.com.br\/index.php\/wp-json\/wp\/v2\/posts"}],"about":[{"href":"https:\/\/blog.corretoraideal.com.br\/index.php\/wp-json\/wp\/v2\/types\/post"}],"author":[{"embeddable":true,"href":"https:\/\/blog.corretoraideal.com.br\/index.php\/wp-json\/wp\/v2\/users\/1"}],"replies":[{"embeddable":true,"href":"https:\/\/blog.corretoraideal.com.br\/index.php\/wp-json\/wp\/v2\/comments?post=52764"}],"version-history":[{"count":1,"href":"https:\/\/blog.corretoraideal.com.br\/index.php\/wp-json\/wp\/v2\/posts\/52764\/revisions"}],"predecessor-version":[{"id":52766,"href":"https:\/\/blog.corretoraideal.com.br\/index.php\/wp-json\/wp\/v2\/posts\/52764\/revisions\/52766"}],"wp:attachment":[{"href":"https:\/\/blog.corretoraideal.com.br\/index.php\/wp-json\/wp\/v2\/media?parent=52764"}],"wp:term":[{"taxonomy":"category","embeddable":true,"href":"https:\/\/blog.corretoraideal.com.br\/index.php\/wp-json\/wp\/v2\/categories?post=52764"},{"taxonomy":"post_tag","embeddable":true,"href":"https:\/\/blog.corretoraideal.com.br\/index.php\/wp-json\/wp\/v2\/tags?post=52764"}],"curies":[{"name":"wp","href":"https:\/\/api.w.org\/{rel}","templated":true}]}}