{"id":52795,"date":"2023-09-15T06:29:47","date_gmt":"2023-09-15T06:29:47","guid":{"rendered":"https:\/\/blog.corretoraideal.com.br\/?p=52795"},"modified":"2023-09-15T06:29:47","modified_gmt":"2023-09-15T06:29:47","slug":"trabalhadores-dos-estados-unidos-fazem-greve-simultanea-em-tres-montadoras-de-veiculos-economia-g1","status":"publish","type":"post","link":"https:\/\/blog.corretoraideal.com.br\/index.php\/2023\/09\/15\/trabalhadores-dos-estados-unidos-fazem-greve-simultanea-em-tres-montadoras-de-veiculos-economia-g1\/","title":{"rendered":"Trabalhadores dos Estados Unidos fazem greve simult\u00e2nea em tr\u00eas montadoras de ve\u00edculos | Economia | G1"},"content":{"rendered":"<p>      1 de 1&#013;Trabalhadores norte-americanos em entrega de ve\u00edculos novos nos Estados Unidos \u2014 Foto: REUTERS\/Fred Thornhill    <\/p>\n<p> Trabalhadores norte-americanos em entrega de ve\u00edculos novos nos Estados Unidos \u2014 Foto: REUTERS\/Fred Thornhill <\/p>\n<p> Trabalhadores de tr\u00eas f\u00e1bricas de ve\u00edculos dos <a class href=\"https:\/\/g1.globo.com\/tudo-sobre\/estados-unidos\/\">Estados Unidos<\/a> iniciaram uma greve simult\u00e2nea durante a madrugada desta sexta-feira (15). A paralisa\u00e7\u00e3o atinge f\u00e1bricas da General Motors, Ford e Chrysler. <\/p>\n<ul>\n<li><a class href=\"https:\/\/api.whatsapp.com\/send?text=https:\/\/g1.globo.com\/economia\/noticia\/2023\/09\/15\/trabalhadores-de-montadoras-fazem-greve-simultanea-nos-estados-unidos.ghtml?utm_source%3Dwhatsapp%26utm_medium%3Dshare-engagement%26utm_campaign%3Dte-materias\" target=\"_blank\" rel=\"noopener noreferrer\">Compartilhe no WhatsApp<\/a><\/li>\n<li><a class href=\"https:\/\/telegram.me\/share\/url?url=https:\/\/g1.globo.com\/economia\/noticia\/2023\/09\/15\/trabalhadores-de-montadoras-fazem-greve-simultanea-nos-estados-unidos.ghtml?utm_source%3Dtelegram%26utm_medium%3Dshare-engagement%26utm_campaign%3Dte-materias\" target=\"_blank\" rel=\"noopener noreferrer\">Compartilhe no Telegram<\/a><\/li>\n<\/ul>\n<p> Ao todo, a greve envolve cerca de 12,7 mil trabalhadores. O sindicato que representa a categoria afirmou que a paralisa\u00e7\u00e3o deve interromper a produ\u00e7\u00e3o de 24 mil ve\u00edculos por semana. <\/p>\n<p> A greve foi resultado de uma demanda sindical por uma parcela maior no pagamento de lucros gerados pela venda de caminh\u00f5es, al\u00e9m de maior seguran\u00e7a nos empregos. <\/p>\n<p> De acordo com a Reuters, o sindicato pediu um aumento de 40%, enquanto as montadoras ofereceram um reajuste de at\u00e9 20%. No entanto, a contraproposta das empresas n\u00e3o inclu\u00eda os principais benef\u00edcios exigidos pela categoria. <\/p>\n<p> A Ford disse que as propostas do sindicato duplicariam os custos trabalhistas nos Estados Unidos. J\u00e1 a Stellantis, que controla a Chrysler, afirmou que vai tomar decis\u00f5es estruturais para proteger a empresa. <\/p>\n<p> A GM afirmou que estava desapontada com a paralisa\u00e7\u00e3o, mas que deseja continuar as negocia\u00e7\u00f5es. <\/p>\n<p> Um levantamento do Deutsche Bank afirma que uma greve geral pode causar um impacto de at\u00e9 US$ 500 milh\u00f5es (R$ 2,4 bilh\u00f5es) nos lucros de cada montadora por semana. <\/p>\n<p> Por outro lado, as empresas tamb\u00e9m possuem ve\u00edculos prontos em estoque, o que poderia manter as vendas ativas, mesmo com a redu\u00e7\u00e3o na receita. <\/p>\n<p>\u201cEsta \u00e9 mais uma greve simb\u00f3lica do que realmente prejudicial\u201d, disse Sam Fiorani, analista de produ\u00e7\u00e3o da Auto Forecast Solutions.<\/p>\n<p> Atualmente, a ind\u00fastria de carros dos Estados Unidos faz uma transi\u00e7\u00e3o para focar na produ\u00e7\u00e3o de ve\u00edculos el\u00e9tricos. No entanto, existe o receio por parte da categoria de que isso provoque demiss\u00f5es na produ\u00e7\u00e3o de itens automobil\u00edsticos voltados para carros \u00e0 combust\u00e3o. <\/p>\n<p> Com o governo dos EUA investindo bilh\u00f5es em incentivos para a produ\u00e7\u00e3o de carros el\u00e9tricos, o impasse tamb\u00e9m se tornou uma quest\u00e3o pol\u00edtica. O sindicato, por exemplo, n\u00e3o apoia a reelei\u00e7\u00e3o de Joe Biden. <\/p>\n<p><h2>V\u00cdDEOS: mais assistidos do g1<\/h2>\n<\/p>\n<p>   <a href=\"https:\/\/g1.globo.com\/playlist\/videos-mais-assistidos-do-g1-nos-ultimos-7-dias.ghtml\">    50 v\u00eddeos      <\/a>       <\/p>\n<ul>\n<li> <a href=\"https:\/\/g1.globo.com\/tudo-sobre\/estados-unidos\/\" class=\"entities__list-itemLink\" data-track-click=\"Estados Unidos\"> Estados Unidos <\/a> <\/li>\n<\/ul>\n","protected":false},"excerpt":{"rendered":"<p>1 de 1&#013;Trabalhadores norte-americanos em entrega de ve\u00edculos novos nos Estados Unidos \u2014 Foto: REUTERS\/Fred Thornhill Trabalhadores norte-americanos em entrega de ve\u00edculos novos nos Estados Unidos \u2014 Foto: REUTERS\/Fred Thornhill Trabalhadores de tr\u00eas f\u00e1bricas de ve\u00edculos dos Estados Unidos iniciaram uma greve simult\u00e2nea durante a madrugada desta sexta-feira (15). A paralisa\u00e7\u00e3o atinge f\u00e1bricas da General [&hellip;]<\/p>\n","protected":false},"author":1,"featured_media":0,"comment_status":"closed","ping_status":"closed","sticky":false,"template":"","format":"standard","meta":{"footnotes":""},"categories":[],"tags":[],"class_list":["post-52795","post","type-post","status-publish","format-standard","hentry"],"_links":{"self":[{"href":"https:\/\/blog.corretoraideal.com.br\/index.php\/wp-json\/wp\/v2\/posts\/52795","targetHints":{"allow":["GET"]}}],"collection":[{"href":"https:\/\/blog.corretoraideal.com.br\/index.php\/wp-json\/wp\/v2\/posts"}],"about":[{"href":"https:\/\/blog.corretoraideal.com.br\/index.php\/wp-json\/wp\/v2\/types\/post"}],"author":[{"embeddable":true,"href":"https:\/\/blog.corretoraideal.com.br\/index.php\/wp-json\/wp\/v2\/users\/1"}],"replies":[{"embeddable":true,"href":"https:\/\/blog.corretoraideal.com.br\/index.php\/wp-json\/wp\/v2\/comments?post=52795"}],"version-history":[{"count":1,"href":"https:\/\/blog.corretoraideal.com.br\/index.php\/wp-json\/wp\/v2\/posts\/52795\/revisions"}],"predecessor-version":[{"id":52797,"href":"https:\/\/blog.corretoraideal.com.br\/index.php\/wp-json\/wp\/v2\/posts\/52795\/revisions\/52797"}],"wp:attachment":[{"href":"https:\/\/blog.corretoraideal.com.br\/index.php\/wp-json\/wp\/v2\/media?parent=52795"}],"wp:term":[{"taxonomy":"category","embeddable":true,"href":"https:\/\/blog.corretoraideal.com.br\/index.php\/wp-json\/wp\/v2\/categories?post=52795"},{"taxonomy":"post_tag","embeddable":true,"href":"https:\/\/blog.corretoraideal.com.br\/index.php\/wp-json\/wp\/v2\/tags?post=52795"}],"curies":[{"name":"wp","href":"https:\/\/api.w.org\/{rel}","templated":true}]}}