{"id":52833,"date":"2023-09-15T17:31:34","date_gmt":"2023-09-15T17:31:34","guid":{"rendered":"https:\/\/blog.corretoraideal.com.br\/?p=52833"},"modified":"2023-09-15T17:31:34","modified_gmt":"2023-09-15T17:31:34","slug":"por-que-o-iphone-12-foi-barrado-na-franca-e-passara-por-avaliacao-da-anatel-no-brasil-tecnologia-g1","status":"publish","type":"post","link":"https:\/\/blog.corretoraideal.com.br\/index.php\/2023\/09\/15\/por-que-o-iphone-12-foi-barrado-na-franca-e-passara-por-avaliacao-da-anatel-no-brasil-tecnologia-g1\/","title":{"rendered":"Por que o iPhone 12 foi barrado na Fran\u00e7a e passar\u00e1 por avalia\u00e7\u00e3o da Anatel no Brasil | Tecnologia | G1"},"content":{"rendered":"<p>      1 de 1&#013;iPhone 12 e iPhone 12 mini na cor roxa. \u2014 Foto: Divulga\u00e7\u00e3o\/Apple    <\/p>\n<p> iPhone 12 e iPhone 12 mini na cor roxa. \u2014 Foto: Divulga\u00e7\u00e3o\/Apple <\/p>\n<p> A Ag\u00eancia Nacional de Telecomunica\u00e7\u00f5es (Anatel) disse na quinta-feira (14) que vai apurar o n\u00edvel de radia\u00e7\u00e3o emitido pelo iPhone 12, lan\u00e7ado em 2020. <\/p>\n<p> Segundo a ag\u00eancia Reuters, a <a class href=\"https:\/\/g1.globo.com\/tudo-sobre\/apple\/\">Apple<\/a> j\u00e1 confirmou que vai atualizar o software do produto para corrigir o problema (saiba o que diz a empresa ao final da reportagem). <\/p>\n<p> A medida da ag\u00eancia brasileira vem depois de a Fran\u00e7a ordenar a suspens\u00e3o da venda do celular por ultrapassar o limite permitido. <\/p>\n<p> Em nota enviada ao <a class href=\"https:\/\/g1.globo.com\/\"><strong>g1<\/strong><\/a>, a Anatel disse que &quot;a \u00e1rea respons\u00e1vel est\u00e1 se reunindo com os organismos de certifica\u00e7\u00e3o e laborat\u00f3rios e organizando uma supervis\u00e3o de mercado&quot; (leia a integra abaixo). <\/p>\n<p><h2>Por que a Fran\u00e7a suspendeu a venda do iPhone 12<\/h2>\n<\/p>\n<p> Segundo a ag\u00eancia France Presse, a Fran\u00e7a suspendeu a comercializa\u00e7\u00e3o do iPhone 12 porque o produto excede os limites de valores de ondas eletromagn\u00e9ticas emitidas e absorvidas pelo corpo humano, de acordo com a Ag\u00eancia Nacional de Frequ\u00eancias (ANFR). <\/p>\n<p> A autoridade tamb\u00e9m pede que a <a class href=\"https:\/\/g1.globo.com\/tudo-sobre\/apple\/\">Apple<\/a> &quot;utilize todos os meios dispon\u00edveis para remediar rapidamente essa falha&quot; nos exemplares que j\u00e1 foram vendidos. <\/p>\n<p> O ministro franc\u00eas respons\u00e1vel pelo setor digital, Jean-No\u00ebl Barrot, disse que, para cumprir as regulamenta\u00e7\u00f5es, uma simples atualiza\u00e7\u00e3o de software do iPhone 12 seria suficiente. <\/p>\n<p>Especificamente, o iPhone 12 excede em 1,74 W por quilograma (W\/kg) o valor limite regulamentar correspondente \u00e0 energia que o corpo humano pode absorver quando o telefone \u00e9 segurado na m\u00e3o.<\/p>\n<p> &quot;Confio no senso de responsabilidade da empresa para cumprir nossas regras. Minha miss\u00e3o \u00e9 fazer com que sejam respeitadas. Se n\u00e3o o fizerem, estou pronto para ordenar a retirada do iPhone 12 de circula\u00e7\u00e3o&quot;, disse Jean-No\u00ebl Barrot. <\/p>\n<p><h2>O que a Anatel vai fazer<\/h2>\n<\/p>\n<p> Em nota, a Anatel n\u00e3o adiantou se pretende suspender a comercializa\u00e7\u00e3o do iPhone 12 no Brasil, mas afirma que a \u00e1rea respons\u00e1vel est\u00e1 fazendo uma apura\u00e7\u00e3o e que consultar\u00e1 a ANFR para obter mais detalhes. <\/p>\n<p> &quot;O assunto chegou anteontem ao conhecimento da \u00e1rea competente da Anatel. A \u00e1rea respons\u00e1vel est\u00e1 se reunindo com os organismos de certifica\u00e7\u00e3o e laborat\u00f3rios e organizando uma supervis\u00e3o de mercado&quot;, disse a Anatel <\/p>\n<p> &quot;A ger\u00eancia entrar\u00e1 em contato com o \u00f3rg\u00e3o regulador franc\u00eas para saber mais informa\u00e7\u00f5es e acionar a fiscaliza\u00e7\u00e3o. A Anatel se encontra em fase de conversa\u00e7\u00f5es&quot;, completou. <\/p>\n<p><h2>E em outros pa\u00edses? <\/h2>\n<\/p>\n<p> Al\u00e9m da Fran\u00e7a e do Brasil, a B\u00e9lgica disse que vai conduzir sua pr\u00f3pria revis\u00e3o. <\/p>\n<p> A Alemanha disse que est\u00e1 em contato com as autoridades francesas para encontrar uma solu\u00e7\u00e3o em toda a Uni\u00e3o Europeia, segundo a Reuters. <\/p>\n<p> A It\u00e1lia, por sua vez, deve pedir \u00e0 <a class href=\"https:\/\/g1.globo.com\/tudo-sobre\/apple\/\">Apple<\/a> que atualize o software no iPhone 12 por l\u00e1, de acordo com uma fonte do governo. <\/p>\n<p><h2><a class href=\"https:\/\/g1.globo.com\/tudo-sobre\/apple\/\">Apple<\/a> diz que vai atualizar aparelho<\/h2>\n<\/p>\n<p> Em nota enviada \u00e0 ag\u00eancia Reuters nesta sexta-feira (15), a <a class href=\"https:\/\/g1.globo.com\/tudo-sobre\/apple\/\">Apple<\/a> disse que vai atualizar o iPhone 12 na Fran\u00e7a. <\/p>\n<p> &quot;Vamos enviar uma atualiza\u00e7\u00e3o de software para os usu\u00e1rios na Fran\u00e7a para acomodar o protocolo usado pelos reguladores franceses. Estamos ansiosos para que o iPhone 12 continue dispon\u00edvel na Fran\u00e7a&quot;, disse a <a class href=\"https:\/\/g1.globo.com\/tudo-sobre\/apple\/\">Apple<\/a>. <\/p>\n<p> Ainda segundo a Reuters, a <a class href=\"https:\/\/g1.globo.com\/tudo-sobre\/apple\/\">Apple<\/a> contestou a medida do pa\u00eds de Emmanuel Macron e afirmou que o iPhone 12 foi certificado por v\u00e1rios organismos internacionais e foi aprovado globalmente. <\/p>\n<p> Com o lan\u00e7amento do iPhone 15 na \u00faltima ter\u00e7a-feira (12), o iPhone 12 n\u00e3o est\u00e1 mais dispon\u00edvel na loja on-line oficial da <a class href=\"https:\/\/g1.globo.com\/tudo-sobre\/apple\/\">Apple<\/a>. <\/p>\n<p><h2><a class href=\"https:\/\/g1.globo.com\/tudo-sobre\/apple\/\">Apple<\/a> anuncia o lan\u00e7amento do iPhone 15 e outras novidades<\/h2>\n<\/p>\n<p>                   <img loading=\"lazy\" decoding=\"async\" class=\"aligncenter size-full wp-image-52835\" src=\"https:\/\/blog.corretoraideal.com.br\/wp-content\/uploads\/2023\/09\/apple-anuncia-o-lancamento-do-iphone-15-e-outras-novidades-2.jpeg\" alt=\"Apple anuncia o lan\u00e7amento do iPhone 15 e outras novidades\" width=\"800\" height=\"400\" \/>      <\/p>\n<p> Apple anuncia o lan\u00e7amento do iPhone 15 e outras novidades <\/p>\n<p><h2>iPhone evolui e passa por v\u00e1rias mudan\u00e7as em 15 anos<\/h2>\n<\/p>\n<p>                   <img loading=\"lazy\" decoding=\"async\" class=\"aligncenter size-full wp-image-52836\" src=\"https:\/\/blog.corretoraideal.com.br\/wp-content\/uploads\/2023\/09\/iphone-evolui-e-passa-por-varias-mudancas-em-15-anos-2.jpeg\" alt=\"iPhone evolui e passa por v\u00e1rias mudan\u00e7as em 15 anos\" width=\"800\" height=\"400\" \/>      <\/p>\n<p> iPhone evolui e passa por v\u00e1rias mudan\u00e7as em 15 anos <\/p>\n<p><h2>Samsung lan\u00e7a Galaxy Z Flip 5 e Z Fold 5<\/h2>\n<\/p>\n<p>                   <img loading=\"lazy\" decoding=\"async\" class=\"aligncenter size-full wp-image-52837\" src=\"https:\/\/blog.corretoraideal.com.br\/wp-content\/uploads\/2023\/09\/samsung-lanca-galaxy-z-flip-5-e-z-fold-5.jpeg\" alt=\"Samsung lan\u00e7a Galaxy Z Flip 5 e Z Fold 5\" width=\"800\" height=\"400\" \/>      <\/p>\n<p> Samsung lan\u00e7a Galaxy Z Flip 5 e Z Fold 5 <\/p>\n<p> <strong>LEIA TAMB\u00c9M:<\/strong> <\/p>\n<ul>\n<li><a class href=\"https:\/\/g1.globo.com\/tecnologia\/noticia\/2023\/09\/15\/marmota-gritando-nomes-meme-com-milhoes-de-visualizacoes-faz-brasileiros-ganharem-dinheiro.ghtml\">Marmota gritando nomes: meme com milh\u00f5es de visualiza\u00e7\u00f5es faz brasileiros ganharem dinheiro<\/a><\/li>\n<li><a class href=\"https:\/\/g1.globo.com\/tecnologia\/noticia\/2023\/09\/15\/ios-17-quais-iphones-vao-atualizar-para-o-novo-sistema.ghtml#G1-TECNOLOGIA-FEED-user,rec-top,917d8d38-856f-49c0-a79b-048047205e56\">iOS 17: quais iPhones v\u00e3o atualizar para o novo sistema?<\/a><\/li>\n<li><a class href=\"https:\/\/g1.globo.com\/tecnologia\/noticia\/2023\/09\/13\/whatsapp-lanca-recurso-canais-igual-ao-do-telegram-com-numero-ilimitado-de-participantes.ghtml#G1-TECNOLOGIA-FEED-user,rec-top,917d8d38-856f-49c0-a79b-048047205e56\">WhatsApp lan\u00e7a recurso &#x27;Canais&#x27; igual ao do Telegram, com n\u00famero ilimitado de participantes<\/a><\/li>\n<\/ul>\n<ul>\n<li> <a href=\"https:\/\/g1.globo.com\/tudo-sobre\/apple\/\" class=\"entities__list-itemLink\" data-track-click=\"Apple\"> Apple <\/a> <\/li>\n<\/ul>\n","protected":false},"excerpt":{"rendered":"<p>1 de 1&#013;iPhone 12 e iPhone 12 mini na cor roxa. \u2014 Foto: Divulga\u00e7\u00e3o\/Apple iPhone 12 e iPhone 12 mini na cor roxa. \u2014 Foto: Divulga\u00e7\u00e3o\/Apple A Ag\u00eancia Nacional de Telecomunica\u00e7\u00f5es (Anatel) disse na quinta-feira (14) que vai apurar o n\u00edvel de radia\u00e7\u00e3o emitido pelo iPhone 12, lan\u00e7ado em 2020. Segundo a ag\u00eancia Reuters, a [&hellip;]<\/p>\n","protected":false},"author":1,"featured_media":0,"comment_status":"closed","ping_status":"closed","sticky":false,"template":"","format":"standard","meta":{"footnotes":""},"categories":[],"tags":[],"class_list":["post-52833","post","type-post","status-publish","format-standard","hentry"],"_links":{"self":[{"href":"https:\/\/blog.corretoraideal.com.br\/index.php\/wp-json\/wp\/v2\/posts\/52833","targetHints":{"allow":["GET"]}}],"collection":[{"href":"https:\/\/blog.corretoraideal.com.br\/index.php\/wp-json\/wp\/v2\/posts"}],"about":[{"href":"https:\/\/blog.corretoraideal.com.br\/index.php\/wp-json\/wp\/v2\/types\/post"}],"author":[{"embeddable":true,"href":"https:\/\/blog.corretoraideal.com.br\/index.php\/wp-json\/wp\/v2\/users\/1"}],"replies":[{"embeddable":true,"href":"https:\/\/blog.corretoraideal.com.br\/index.php\/wp-json\/wp\/v2\/comments?post=52833"}],"version-history":[{"count":1,"href":"https:\/\/blog.corretoraideal.com.br\/index.php\/wp-json\/wp\/v2\/posts\/52833\/revisions"}],"predecessor-version":[{"id":52838,"href":"https:\/\/blog.corretoraideal.com.br\/index.php\/wp-json\/wp\/v2\/posts\/52833\/revisions\/52838"}],"wp:attachment":[{"href":"https:\/\/blog.corretoraideal.com.br\/index.php\/wp-json\/wp\/v2\/media?parent=52833"}],"wp:term":[{"taxonomy":"category","embeddable":true,"href":"https:\/\/blog.corretoraideal.com.br\/index.php\/wp-json\/wp\/v2\/categories?post=52833"},{"taxonomy":"post_tag","embeddable":true,"href":"https:\/\/blog.corretoraideal.com.br\/index.php\/wp-json\/wp\/v2\/tags?post=52833"}],"curies":[{"name":"wp","href":"https:\/\/api.w.org\/{rel}","templated":true}]}}