{"id":52839,"date":"2023-09-15T19:37:23","date_gmt":"2023-09-15T19:37:23","guid":{"rendered":"https:\/\/blog.corretoraideal.com.br\/?p=52839"},"modified":"2023-09-15T19:37:23","modified_gmt":"2023-09-15T19:37:23","slug":"mutirao-do-detran-busca-reduzir-numero-de-pessoas-sem-identidade-laje-do-muriae-ocupa-ranking-de-sub-registro-no-estado-regiao-dos-lagos-g1","status":"publish","type":"post","link":"https:\/\/blog.corretoraideal.com.br\/index.php\/2023\/09\/15\/mutirao-do-detran-busca-reduzir-numero-de-pessoas-sem-identidade-laje-do-muriae-ocupa-ranking-de-sub-registro-no-estado-regiao-dos-lagos-g1\/","title":{"rendered":"Mutir\u00e3o do Detran busca reduzir n\u00famero de pessoas sem identidade; Laje do Muria\u00e9 ocupa ranking de sub-registro no estado | Regi\u00e3o dos Lagos | G1"},"content":{"rendered":"<p>      1 de 1&#013;Detran-RJ faz mutir\u00e3o de identidade e de servi\u00e7os de habilita\u00e7\u00e3o neste s\u00e1bado (16) mas \u00e9 preciso agendar previamente \u2014 Foto: Detran RJ\/Divulga\u00e7\u00e3o    <\/p>\n<p> Detran-RJ faz mutir\u00e3o de identidade e de servi\u00e7os de habilita\u00e7\u00e3o neste s\u00e1bado (16) mas \u00e9 preciso agendar previamente \u2014 Foto: Detran RJ\/Divulga\u00e7\u00e3o <\/p>\n<p> O Detran est\u00e1 realizando dois mutir\u00f5es neste s\u00e1bado (16), um com servi\u00e7os de habilita\u00e7\u00e3o em algumas cidades e outro de emiss\u00e3o de identidade, que ocorre em todos os postos de atendimento do Estado do Rio de Janeiro. <\/p>\n<p> <strong>Mutir\u00e3o para emitir identidade<\/strong> <\/p>\n<p> O mutir\u00e3o da identidade ocorre no Dia Internacional da Identidade, o &quot;IDDay&quot;, que \u00e9 uma iniciativa da ONU para combater a falta do documento. Para participar \u00e9 preciso fazer o agendamento at\u00e9 esta sexta-feira (15) pelo <a class href=\"http:\/\/www.detran.rj.gov.br\" target=\"_blank\" rel=\"noopener noreferrer\">site<\/a> ou pelos telefones: (21) 3460-4040, 3460-4041 e 3460-4042, sempre das 6h \u00e0s 21h. <\/p>\n<p> Ser\u00e3o disponibilizadas 1.950 vagas para a emiss\u00e3o do documento. No s\u00e1bado, dia do mutir\u00e3o da identidade, \u00e9 necess\u00e1rio levar a certid\u00e3o de nascimento e o CPF. O atendimento ser\u00e1 realizado entre \u00e0s 8h e 16h. <\/p>\n<p> O Dia Internacional da Identidade, o &quot;IDDay&quot;, em 16 de setembro, foi criado pela ONU com o compromisso de combater o sub-registro e fornecer, at\u00e9 2030, identidade para todos. <\/p>\n<p> O estado do Rio, ocupa a 14\u00aa posi\u00e7\u00e3o de sub-registro no Brasil, segundo o censo do IBGE de 2019. E as cinco cidades onde h\u00e1 o maior n\u00famero de pessoas sem a primeira identidade s\u00e3o: Duque de Caxias, Belford Roxo, S\u00e3o Jo\u00e3o de Meriti, Mag\u00e9 e Laje do Muria\u00e9. <\/p>\n<p> Para o presidente do Detran-RJ, Marcus Amim, o &quot;IDDay&quot; surge como uma oportunidade de colocar o departamento em um lugar de vanguarda, j\u00e1 que \u00e9 o \u00fanico Detran que emite identidade civil no pa\u00eds. <\/p>\n<p> &quot;Atrav\u00e9s do servi\u00e7o de emiss\u00e3o de carteiras de identidade civil, por seu car\u00e1ter social, vamos facilitar o acesso \u00e0 documenta\u00e7\u00e3o civil, que \u00e9 um direito essencial do cidad\u00e3o. Assumimos o compromisso de sermos aliados no combate ao sub-registro&quot;, disse. <\/p>\n<p> O diretor de Identifica\u00e7\u00e3o Civil do Detran-RJ, Pedro Thompson, explica a import\u00e2ncia da iniciativa. <\/p>\n<p> &quot;\u00c9 um orgulho participarmos dessa iniciativa. O departamento est\u00e1 empenhado em contribuir para a redu\u00e7\u00e3o do sub-registro civil da popula\u00e7\u00e3o brasileira e seguiremos desenvolvendo a\u00e7\u00f5es para cada vez mais promovermos acessos \u00e0 identifica\u00e7\u00e3o legal&quot;. <\/p>\n<p> O \u00f3rg\u00e3o lembra que j\u00e1 emite identidade para rec\u00e9m-nascidos em 15 maternidades do estado do Rio. <\/p>\n<p><h2>Mutir\u00e3o de habilita\u00e7\u00e3o<\/h2>\n<\/p>\n<p> <a class href=\"https:\/\/g1.globo.com\/rj\/regiao-dos-lagos\/cidade\/araruama\/\">Araruama<\/a>, na Regi\u00e3o dos Lagos do Rio; <a class href=\"https:\/\/g1.globo.com\/rj\/regiao-serrana\/cidade\/santo-antonio-de-padua\/\">Santo Ant\u00f4nio de P\u00e1dua<\/a> e <a class href=\"https:\/\/g1.globo.com\/rj\/norte-fluminense\/cidade\/campos-dos-goytacazes\/\">Campos dos Goytacazes<\/a>, no Norte Fluminense, est\u00e3o entre as regi\u00f5es do Estado do Rio que v\u00e3o receber neste s\u00e1bado (16) o mutir\u00e3o do Detran-RJ com servi\u00e7os de habilita\u00e7\u00e3o. <\/p>\n<p> O departamento disponibilizar\u00e1 1.220 vagas, distribu\u00eddas em 13 postos do Estado do Rio. Ser\u00e3o oferecidos os servi\u00e7os de primeira habilita\u00e7\u00e3o, renova\u00e7\u00e3o de CNH, emiss\u00e3o da segunda via do documento, entre outros. <\/p>\n<p> O agendamento deve ser feito <a class href=\"http:\/\/www.detran.rj.gov.br\" target=\"_blank\" rel=\"noopener noreferrer\">pelo site do Detran-RJ<\/a> e pelo teleatendimento, nos n\u00fameros (21) 3460-4040, 3460-4041 e 3460-4042. &quot;Lembrando que para realizar os servi\u00e7os de habilita\u00e7\u00e3o o usu\u00e1rio precisa ter pago o Duda correspondente. O boleto pode ser <a class href=\"http:\/\/www.bradesco.com.br\" target=\"_blank\" rel=\"noopener noreferrer\">obtido no site do Bradesco<\/a>&quot;, disse o \u00f3rg\u00e3o. <\/p>\n<p> <strong>Confira abaixo a lista dos postos de Habilita\u00e7\u00e3o participantes e os hor\u00e1rios de atendimento:<\/strong> <\/p>\n<ul>\n<li>Araruama &#8211; 8h \u00e0s 12h<\/li>\n<li>Campos dos Goytacazes (Campos III) &#8211; Guarus Shopping &#8211; 8h \u00e0s 12h<\/li>\n<li>Santo Ant\u00f4nio de P\u00e1dua &#8211; 8h \u00e0s 12h<\/li>\n<li>Am\u00e9ricas Recreio &#8211; 8h \u00e0s 12h<\/li>\n<li>Barra &#8211; Aerotown &#8211; 8h \u00e0s 12h<\/li>\n<li>Belford Roxo &#8211; 8h \u00e0s 12h<\/li>\n<li>Niter\u00f3i Shopping &#8211; 9h \u00e0s 13h<\/li>\n<li>S\u00e3o Gon\u00e7alo &#8211; Shopping Partage &#8211; 10h \u00e0s 14h<\/li>\n<li>Nova Igua\u00e7u Shopping &#8211; 10h \u00e0s 14h<\/li>\n<li>Itagua\u00ed Shopping &#8211; 10h \u00e0s 14h<\/li>\n<li>Volta Redonda &#8211; 8h \u00e0s 12h<\/li>\n<li>Vila Isabel &#8211; Shopping Boulevard &#8211; 10h \u00e0s 14h <\/li>\n<li>West Shopping &#8211; 10h \u00e0s 14h<\/li>\n<\/ul>\n<ul>\n<li> <a href=\"https:\/\/g1.globo.com\/rj\/regiao-dos-lagos\/cidade\/araruama\/\" class=\"entities__list-itemLink\" data-track-click=\"Araruama\"> Araruama <\/a> <\/li>\n<li> <a href=\"https:\/\/g1.globo.com\/rj\/norte-fluminense\/cidade\/campos-dos-goytacazes\/\" class=\"entities__list-itemLink\" data-track-click=\"Campos dos Goytacazes\"> Campos dos Goytacazes <\/a> <\/li>\n<li> <a href=\"https:\/\/g1.globo.com\/rj\/regiao-serrana\/cidade\/santo-antonio-de-padua\/\" class=\"entities__list-itemLink\" data-track-click=\"Santo Ant\u00f4nio de P\u00e1dua\"> Santo Ant\u00f4nio de P\u00e1dua <\/a> <\/li>\n<\/ul>\n","protected":false},"excerpt":{"rendered":"<p>1 de 1&#013;Detran-RJ faz mutir\u00e3o de identidade e de servi\u00e7os de habilita\u00e7\u00e3o neste s\u00e1bado (16) mas \u00e9 preciso agendar previamente \u2014 Foto: Detran RJ\/Divulga\u00e7\u00e3o Detran-RJ faz mutir\u00e3o de identidade e de servi\u00e7os de habilita\u00e7\u00e3o neste s\u00e1bado (16) mas \u00e9 preciso agendar previamente \u2014 Foto: Detran RJ\/Divulga\u00e7\u00e3o O Detran est\u00e1 realizando dois mutir\u00f5es neste s\u00e1bado (16), [&hellip;]<\/p>\n","protected":false},"author":1,"featured_media":0,"comment_status":"closed","ping_status":"closed","sticky":false,"template":"","format":"standard","meta":{"footnotes":""},"categories":[],"tags":[],"class_list":["post-52839","post","type-post","status-publish","format-standard","hentry"],"_links":{"self":[{"href":"https:\/\/blog.corretoraideal.com.br\/index.php\/wp-json\/wp\/v2\/posts\/52839","targetHints":{"allow":["GET"]}}],"collection":[{"href":"https:\/\/blog.corretoraideal.com.br\/index.php\/wp-json\/wp\/v2\/posts"}],"about":[{"href":"https:\/\/blog.corretoraideal.com.br\/index.php\/wp-json\/wp\/v2\/types\/post"}],"author":[{"embeddable":true,"href":"https:\/\/blog.corretoraideal.com.br\/index.php\/wp-json\/wp\/v2\/users\/1"}],"replies":[{"embeddable":true,"href":"https:\/\/blog.corretoraideal.com.br\/index.php\/wp-json\/wp\/v2\/comments?post=52839"}],"version-history":[{"count":1,"href":"https:\/\/blog.corretoraideal.com.br\/index.php\/wp-json\/wp\/v2\/posts\/52839\/revisions"}],"predecessor-version":[{"id":52841,"href":"https:\/\/blog.corretoraideal.com.br\/index.php\/wp-json\/wp\/v2\/posts\/52839\/revisions\/52841"}],"wp:attachment":[{"href":"https:\/\/blog.corretoraideal.com.br\/index.php\/wp-json\/wp\/v2\/media?parent=52839"}],"wp:term":[{"taxonomy":"category","embeddable":true,"href":"https:\/\/blog.corretoraideal.com.br\/index.php\/wp-json\/wp\/v2\/categories?post=52839"},{"taxonomy":"post_tag","embeddable":true,"href":"https:\/\/blog.corretoraideal.com.br\/index.php\/wp-json\/wp\/v2\/tags?post=52839"}],"curies":[{"name":"wp","href":"https:\/\/api.w.org\/{rel}","templated":true}]}}