{"id":52848,"date":"2023-09-16T00:30:22","date_gmt":"2023-09-16T00:30:22","guid":{"rendered":"https:\/\/blog.corretoraideal.com.br\/?p=52848"},"modified":"2023-09-16T00:30:22","modified_gmt":"2023-09-16T00:30:22","slug":"homem-em-situacao-de-rua-e-esfaqueado-ate-a-morte-em-campos-policia-civil-investiga-o-caso-norte-fluminense-g1","status":"publish","type":"post","link":"https:\/\/blog.corretoraideal.com.br\/index.php\/2023\/09\/16\/homem-em-situacao-de-rua-e-esfaqueado-ate-a-morte-em-campos-policia-civil-investiga-o-caso-norte-fluminense-g1\/","title":{"rendered":"Homem em situa\u00e7\u00e3o de rua \u00e9 esfaqueado at\u00e9 a morte em Campos; Pol\u00edcia Civil investiga o caso | Norte Fluminense | G1"},"content":{"rendered":"<p>                <img loading=\"lazy\" decoding=\"async\" class=\"aligncenter size-full wp-image-52850\" src=\"https:\/\/blog.corretoraideal.com.br\/wp-content\/uploads\/2023\/09\/homem-em-situacao-de-rua-e-esfaqueado-ate-a-morte-em-campos.jpeg\" alt=\"Homem em situa\u00e7\u00e3o de rua \u00e9 esfaqueado at\u00e9 a morte em Campos\" width=\"800\" height=\"400\" \/>      <\/p>\n<p> Homem em situa\u00e7\u00e3o de rua \u00e9 esfaqueado at\u00e9 a morte em Campos <\/p>\n<p> Um homem em situa\u00e7\u00e3o de rua foi esfaqueado at\u00e9 a morte na cal\u00e7ada onde estava deitado no bairro Santa Helena, em Campos dos Goytacazes, no Norte Fluminense. As imagens do crime b\u00e1rbaro, ocorrido no \u00faltimo s\u00e1bado (9), come\u00e7aram a circular nesta semana das redes sociais. <\/p>\n<p> O v\u00eddeo da c\u00e2mera de seguran\u00e7a instalada no local mostra o momento em que o homem se aproxima da v\u00edtima. Eles conversam e parecem n\u00e3o chegar a algum acordo. A v\u00edtima se vira para o canto de uma parede e parece se preparar para dormir. <\/p>\n<p>         1 de 1&#013;Homem surpreende morador em situa\u00e7\u00e3o de rua com golpes de faca at\u00e9 a morte, em Campos \u2014 Foto: Imagens c\u00e2mera de seguran\u00e7a    <\/p>\n<p> Homem surpreende morador em situa\u00e7\u00e3o de rua com golpes de faca at\u00e9 a morte, em Campos \u2014 Foto: Imagens c\u00e2mera de seguran\u00e7a <\/p>\n<p> Em outro momento, imagens mostram o autor com a faca em m\u00e3os desferindo v\u00e1rios golpes contra o homem, que permanecia deitado, atingindo, principalmente, o pesco\u00e7o dele. <\/p>\n<p> Segundo informa\u00e7\u00f5es da Pol\u00edcia Militar, quando os agentes chegaram no local, o Corpo de Bombeiros j\u00e1 havia constatado a morte do homem. Ainda de acordo com a PM, a v\u00edtima era usu\u00e1ria de drogas, e ficava com outros moradores de rua que tamb\u00e9m s\u00e3o usu\u00e1rios de drogas. <\/p>\n<p> A delegada Dr\u00aa. Ana Paula Carvalho, titular da 146\u00aa DP, que investiga o caso, explica que a motiva\u00e7\u00e3o do crime est\u00e1 sendo investigada e que ainda n\u00e3o h\u00e1 identifica\u00e7\u00e3o de quem \u00e9 o assassino. <\/p>\n<p> Ela ainda ressalta que o v\u00eddeo tem papel fundamental para o bom andamento das investiga\u00e7\u00f5es. <\/p>\n<p> &quot;O v\u00eddeo \u00e9 important\u00edssimo. Mostra a forma de execu\u00e7\u00e3o e as caracter\u00edsticas do autor. Quem tiver informa\u00e7\u00f5es pode ligar para a 146\u00aa DP (22) 2725-8086 tendo a absoluta garantia de sigilo&quot;, disse a delegada. <\/p>\n<ul> <\/ul>\n","protected":false},"excerpt":{"rendered":"<p>Homem em situa\u00e7\u00e3o de rua \u00e9 esfaqueado at\u00e9 a morte em Campos Um homem em situa\u00e7\u00e3o de rua foi esfaqueado at\u00e9 a morte na cal\u00e7ada onde estava deitado no bairro Santa Helena, em Campos dos Goytacazes, no Norte Fluminense. As imagens do crime b\u00e1rbaro, ocorrido no \u00faltimo s\u00e1bado (9), come\u00e7aram a circular nesta semana das [&hellip;]<\/p>\n","protected":false},"author":1,"featured_media":0,"comment_status":"closed","ping_status":"closed","sticky":false,"template":"","format":"standard","meta":{"footnotes":""},"categories":[],"tags":[],"class_list":["post-52848","post","type-post","status-publish","format-standard","hentry"],"_links":{"self":[{"href":"https:\/\/blog.corretoraideal.com.br\/index.php\/wp-json\/wp\/v2\/posts\/52848","targetHints":{"allow":["GET"]}}],"collection":[{"href":"https:\/\/blog.corretoraideal.com.br\/index.php\/wp-json\/wp\/v2\/posts"}],"about":[{"href":"https:\/\/blog.corretoraideal.com.br\/index.php\/wp-json\/wp\/v2\/types\/post"}],"author":[{"embeddable":true,"href":"https:\/\/blog.corretoraideal.com.br\/index.php\/wp-json\/wp\/v2\/users\/1"}],"replies":[{"embeddable":true,"href":"https:\/\/blog.corretoraideal.com.br\/index.php\/wp-json\/wp\/v2\/comments?post=52848"}],"version-history":[{"count":1,"href":"https:\/\/blog.corretoraideal.com.br\/index.php\/wp-json\/wp\/v2\/posts\/52848\/revisions"}],"predecessor-version":[{"id":52851,"href":"https:\/\/blog.corretoraideal.com.br\/index.php\/wp-json\/wp\/v2\/posts\/52848\/revisions\/52851"}],"wp:attachment":[{"href":"https:\/\/blog.corretoraideal.com.br\/index.php\/wp-json\/wp\/v2\/media?parent=52848"}],"wp:term":[{"taxonomy":"category","embeddable":true,"href":"https:\/\/blog.corretoraideal.com.br\/index.php\/wp-json\/wp\/v2\/categories?post=52848"},{"taxonomy":"post_tag","embeddable":true,"href":"https:\/\/blog.corretoraideal.com.br\/index.php\/wp-json\/wp\/v2\/tags?post=52848"}],"curies":[{"name":"wp","href":"https:\/\/api.w.org\/{rel}","templated":true}]}}