{"id":52852,"date":"2023-09-16T02:30:00","date_gmt":"2023-09-16T02:30:00","guid":{"rendered":"https:\/\/blog.corretoraideal.com.br\/?p=52852"},"modified":"2023-09-16T02:30:00","modified_gmt":"2023-09-16T02:30:00","slug":"globo-ganha-o-premio-internacional-melhor-relatorio-de-sustentabilidade-no-coporate-star-awards-economia-g1","status":"publish","type":"post","link":"https:\/\/blog.corretoraideal.com.br\/index.php\/2023\/09\/16\/globo-ganha-o-premio-internacional-melhor-relatorio-de-sustentabilidade-no-coporate-star-awards-economia-g1\/","title":{"rendered":"Globo ganha o pr\u00eamio internacional &#039;Melhor Relat\u00f3rio de Sustentabilidade&#039; no Coporate Star Awards | Economia | G1"},"content":{"rendered":"\n<p> A <a class href=\"https:\/\/g1.globo.com\/tudo-sobre\/globo\/\">Globo<\/a> venceu nesta sexta-feira (15) o pr\u00eamio internacional &#x27;Melhor Relat\u00f3rio de Sustentabilidade&#x27; no Coporate Star Awards. A cerim\u00f4nia de premia\u00e7\u00e3o aconteceu em Amsterd\u00e3, na Holanda, durante o International Broadcasting Convention (IBC). <\/p>\n<ul>\n<li>\u2705Clique aqui para seguir o novo canal do g1 no WhatsApp.<\/li>\n<\/ul>\n<p> \u26a0\ufe0fO grupo antigo ser\u00e1 desativado. Mesmo que voc\u00ea j\u00e1 fa\u00e7a parte da nossa comunidade, \u00e9 preciso se inscrever novamente. <\/p>\n<p> O evento re\u00fane a ind\u00fastria global de m\u00eddia, entretenimento e tecnologia. Estavam presentes no evento tr\u00eas funcion\u00e1rios da Globo: <\/p>\n<ul>\n<li>Manuel Belmar, diretor geral de Finan\u00e7as, Jur\u00eddico e Infraestrutura;<\/li>\n<li>Raymundo Barros, diretor de Estrat\u00e9gia e Tecnologia;<\/li>\n<li>Carlos Oct\u00e1vio Queiroz, diretor de Estrat\u00e9gia Corporativa e Arquitetura. <\/li>\n<\/ul>\n<p>\u201c\u00c9 com muita felicidade e ainda mais orgulho que celebro este pr\u00eamio em nome da Globo. O nosso relat\u00f3rio de sustentabilidade \u00e9 resultado de um processo multidisciplinar e de uma cuidadosa an\u00e1lise setorial e estudo dos padr\u00f5es GRI e SASB para o setor de m\u00eddia. Desenvolvemos o documento com design l\u00fadico para divulgar os nossos compromissos, metas e ambi\u00e7\u00f5es de maneira muito clara\u201d, celebra Belmar. <\/p>\n<p> \u201cA agenda ESG da Globo, que nasce oficialmente em 2022, reflete a atua\u00e7\u00e3o respons\u00e1vel que a empresa tem desde a sua funda\u00e7\u00e3o. Essa agenda n\u00e3o \u00e9 sobre a Globo, mas sobre a contribui\u00e7\u00e3o que a empresa pode dar com o desenvolvimento da nossa sociedade e com o futuro do nosso pa\u00eds. Esse pr\u00eamio nos motiva a continuar fazendo a diferen\u00e7a todos os dias\u201d. <\/p>\n<p> A Globo tamb\u00e9m concorreu em outras tr\u00eas categorias: Melhor Iniciativa de Melhoria da Pegada de Carbono, Projeto Filantr\u00f3pico (com o Criesp); e Melhor Campanha para Melhorar o Treinamento e a Educa\u00e7\u00e3o (com o Movimento LED). <\/p>\n<ul>\n<li> <a href=\"https:\/\/g1.globo.com\/tudo-sobre\/globo\/\" class=\"entities__list-itemLink\" data-track-click=\"Globo\"> Globo <\/a> <\/li>\n<\/ul>\n","protected":false},"excerpt":{"rendered":"<p>A Globo venceu nesta sexta-feira (15) o pr\u00eamio internacional &#x27;Melhor Relat\u00f3rio de Sustentabilidade&#x27; no Coporate Star Awards. A cerim\u00f4nia de premia\u00e7\u00e3o aconteceu em Amsterd\u00e3, na Holanda, durante o International Broadcasting Convention (IBC). \u2705Clique aqui para seguir o novo canal do g1 no WhatsApp. \u26a0\ufe0fO grupo antigo ser\u00e1 desativado. Mesmo que voc\u00ea j\u00e1 fa\u00e7a parte da [&hellip;]<\/p>\n","protected":false},"author":1,"featured_media":0,"comment_status":"closed","ping_status":"closed","sticky":false,"template":"","format":"standard","meta":{"footnotes":""},"categories":[],"tags":[],"class_list":["post-52852","post","type-post","status-publish","format-standard","hentry"],"_links":{"self":[{"href":"https:\/\/blog.corretoraideal.com.br\/index.php\/wp-json\/wp\/v2\/posts\/52852","targetHints":{"allow":["GET"]}}],"collection":[{"href":"https:\/\/blog.corretoraideal.com.br\/index.php\/wp-json\/wp\/v2\/posts"}],"about":[{"href":"https:\/\/blog.corretoraideal.com.br\/index.php\/wp-json\/wp\/v2\/types\/post"}],"author":[{"embeddable":true,"href":"https:\/\/blog.corretoraideal.com.br\/index.php\/wp-json\/wp\/v2\/users\/1"}],"replies":[{"embeddable":true,"href":"https:\/\/blog.corretoraideal.com.br\/index.php\/wp-json\/wp\/v2\/comments?post=52852"}],"version-history":[{"count":1,"href":"https:\/\/blog.corretoraideal.com.br\/index.php\/wp-json\/wp\/v2\/posts\/52852\/revisions"}],"predecessor-version":[{"id":52854,"href":"https:\/\/blog.corretoraideal.com.br\/index.php\/wp-json\/wp\/v2\/posts\/52852\/revisions\/52854"}],"wp:attachment":[{"href":"https:\/\/blog.corretoraideal.com.br\/index.php\/wp-json\/wp\/v2\/media?parent=52852"}],"wp:term":[{"taxonomy":"category","embeddable":true,"href":"https:\/\/blog.corretoraideal.com.br\/index.php\/wp-json\/wp\/v2\/categories?post=52852"},{"taxonomy":"post_tag","embeddable":true,"href":"https:\/\/blog.corretoraideal.com.br\/index.php\/wp-json\/wp\/v2\/tags?post=52852"}],"curies":[{"name":"wp","href":"https:\/\/api.w.org\/{rel}","templated":true}]}}