{"id":52863,"date":"2023-09-16T05:30:29","date_gmt":"2023-09-16T05:30:29","guid":{"rendered":"https:\/\/blog.corretoraideal.com.br\/?p=52863"},"modified":"2023-09-16T05:30:29","modified_gmt":"2023-09-16T05:30:29","slug":"prf-apreende-cerca-de-9-quilos-de-drogas-na-br-101-em-casimiro-de-abreu-regiao-dos-lagos-g1","status":"publish","type":"post","link":"https:\/\/blog.corretoraideal.com.br\/index.php\/2023\/09\/16\/prf-apreende-cerca-de-9-quilos-de-drogas-na-br-101-em-casimiro-de-abreu-regiao-dos-lagos-g1\/","title":{"rendered":"PRF apreende cerca de 9 quilos de drogas na BR-101, em Casimiro de Abreu | Regi\u00e3o dos Lagos | G1"},"content":{"rendered":"<p>      1 de 1&#013;Drogas estavam dentro de mala encontrada no interior de um ve\u00edculo parado pela PRF na BR-101, em Casimiro de Abreu \u2014 Foto: PRF    <\/p>\n<p> Drogas estavam dentro de mala encontrada no interior de um ve\u00edculo parado pela PRF na BR-101, em Casimiro de Abreu \u2014 Foto: PRF <\/p>\n<p> A Policia Rodovi\u00e1ria Federal (PRF) apreendeu cerca de nove quilos de drogas durante uma fiscaliza\u00e7\u00e3o na BR-101, em <a class href=\"https:\/\/g1.globo.com\/rj\/regiao-dos-lagos\/cidade\/casimiro-de-abreu\/\">Casimiro de Abreu (RJ)<\/a>, na noite desta quinta-feira (14). <\/p>\n<p> Segundo a PRF havia tr\u00eas ocupantes no carro, e eles ficaram em sil\u00eancio ao serem questionados sobre uma mala azul que estava no interior do ve\u00edculo. <\/p>\n<p> Dentro dela, os agentes encontraram aproximadamente 5 kg de maconha e 4 kg quilos de &quot;skunk&quot;. <\/p>\n<p> Ainda segundo a Pol\u00edcia, ap\u00f3s nova indaga\u00e7\u00e3o um dos passageiros confessou ser o dono do material, dizendo que as drogas sa\u00edram de S\u00e3o Paulo para ser entregue na rodovi\u00e1ria de Vit\u00f3ria, no ES. <\/p>\n<p> Ap\u00f3s nova indaga\u00e7\u00e3o um dos ocupantes do carro confessou que era o dono do material. <\/p>\n<p> &quot;Relatou ainda, que o motivo de levar o material il\u00edcito, seria para pagar uma d\u00edvida j\u00e1 que era usu\u00e1rio de coca\u00edna&quot;, disse a PRF. <\/p>\n<p> O motorista do carro explicou \u00e0 PRF que os passageiros n\u00e3o se conheciam, inclusive o dono da mala, visto que ele estava indo para Vit\u00f3ria e aproveitou para dar carona por meio de um aplicativo de carona. <\/p>\n<p> A ocorr\u00eancia foi registrada na 121\u00aa Delegacia de Pol\u00edcia, em Casimiro de Abreu. <\/p>\n<ul>\n<li> <a href=\"https:\/\/g1.globo.com\/rj\/regiao-dos-lagos\/cidade\/casimiro-de-abreu\/\" class=\"entities__list-itemLink\" data-track-click=\"Casimiro de Abreu\"> Casimiro de Abreu <\/a> <\/li>\n<\/ul>\n","protected":false},"excerpt":{"rendered":"<p>1 de 1&#013;Drogas estavam dentro de mala encontrada no interior de um ve\u00edculo parado pela PRF na BR-101, em Casimiro de Abreu \u2014 Foto: PRF Drogas estavam dentro de mala encontrada no interior de um ve\u00edculo parado pela PRF na BR-101, em Casimiro de Abreu \u2014 Foto: PRF A Policia Rodovi\u00e1ria Federal (PRF) apreendeu cerca [&hellip;]<\/p>\n","protected":false},"author":1,"featured_media":0,"comment_status":"closed","ping_status":"closed","sticky":false,"template":"","format":"standard","meta":{"footnotes":""},"categories":[],"tags":[],"class_list":["post-52863","post","type-post","status-publish","format-standard","hentry"],"_links":{"self":[{"href":"https:\/\/blog.corretoraideal.com.br\/index.php\/wp-json\/wp\/v2\/posts\/52863","targetHints":{"allow":["GET"]}}],"collection":[{"href":"https:\/\/blog.corretoraideal.com.br\/index.php\/wp-json\/wp\/v2\/posts"}],"about":[{"href":"https:\/\/blog.corretoraideal.com.br\/index.php\/wp-json\/wp\/v2\/types\/post"}],"author":[{"embeddable":true,"href":"https:\/\/blog.corretoraideal.com.br\/index.php\/wp-json\/wp\/v2\/users\/1"}],"replies":[{"embeddable":true,"href":"https:\/\/blog.corretoraideal.com.br\/index.php\/wp-json\/wp\/v2\/comments?post=52863"}],"version-history":[{"count":1,"href":"https:\/\/blog.corretoraideal.com.br\/index.php\/wp-json\/wp\/v2\/posts\/52863\/revisions"}],"predecessor-version":[{"id":52865,"href":"https:\/\/blog.corretoraideal.com.br\/index.php\/wp-json\/wp\/v2\/posts\/52863\/revisions\/52865"}],"wp:attachment":[{"href":"https:\/\/blog.corretoraideal.com.br\/index.php\/wp-json\/wp\/v2\/media?parent=52863"}],"wp:term":[{"taxonomy":"category","embeddable":true,"href":"https:\/\/blog.corretoraideal.com.br\/index.php\/wp-json\/wp\/v2\/categories?post=52863"},{"taxonomy":"post_tag","embeddable":true,"href":"https:\/\/blog.corretoraideal.com.br\/index.php\/wp-json\/wp\/v2\/tags?post=52863"}],"curies":[{"name":"wp","href":"https:\/\/api.w.org\/{rel}","templated":true}]}}