{"id":52866,"date":"2023-09-16T07:31:17","date_gmt":"2023-09-16T07:31:17","guid":{"rendered":"https:\/\/blog.corretoraideal.com.br\/?p=52866"},"modified":"2023-09-16T07:31:17","modified_gmt":"2023-09-16T07:31:17","slug":"brasil-registra-100o-caso-de-gripe-aviaria-aponta-relatorio-do-governo-agronegocios-g1","status":"publish","type":"post","link":"https:\/\/blog.corretoraideal.com.br\/index.php\/2023\/09\/16\/brasil-registra-100o-caso-de-gripe-aviaria-aponta-relatorio-do-governo-agronegocios-g1\/","title":{"rendered":"Brasil registra 100\u00ba caso de gripe avi\u00e1ria, aponta relat\u00f3rio do governo | Agroneg\u00f3cios | G1"},"content":{"rendered":"\n<ul>\n<li>\n<p> Pa\u00eds tem 100 casos de gripe avi\u00e1ria, sendo a maioria em aves migrat\u00f3rias, que n\u00e3o s\u00e3o voltadas para alimentos. <\/p>\n<\/li>\n<li>\n<p> N\u00e3o foram registrados casos em aves de granjas, por isso o governo mant\u00e9m a orienta\u00e7\u00e3o de que \u00e9 seguro o consumo de carnes e ovos. <\/p>\n<\/li>\n<li>\n<p> Esp\u00edrito Santo \u00e9 o estado com mais focos detectados, seguido por S\u00e3o Paulo e Rio de Janeiro. <\/p>\n<\/li>\n<li>\n<p> Ritmo dos registros vinha caindo nos \u00faltimos meses e voltou a subir agora. <\/p>\n<\/li>\n<\/ul>\n<p> Pa\u00eds tem 100 casos de gripe avi\u00e1ria, sendo a maioria em aves migrat\u00f3rias, que n\u00e3o s\u00e3o voltadas para alimentos. <\/p>\n<p> N\u00e3o foram registrados casos em aves de granjas, por isso o governo mant\u00e9m a orienta\u00e7\u00e3o de que \u00e9 seguro o consumo de carnes e ovos. <\/p>\n<p> Esp\u00edrito Santo \u00e9 o estado com mais focos detectados, seguido por S\u00e3o Paulo e Rio de Janeiro. <\/p>\n<p> Ritmo dos registros vinha caindo nos \u00faltimos meses e voltou a subir agora. <\/p>\n<p>         1 de 1&#013;Equipe que registrou foco de gripe avi\u00e1ria no Rio Grande do Sul, em maio, na Reserva do Taim \u2014 Foto: Divulga\u00e7\u00e3o\/ICMBio    <\/p>\n<p> Equipe que registrou foco de gripe avi\u00e1ria no Rio Grande do Sul, em maio, na Reserva do Taim \u2014 Foto: Divulga\u00e7\u00e3o\/ICMBio <\/p>\n<p> O Brasil chegou ao 100\u00ba caso de gripe avi\u00e1ria do subtipo H5N1, de acordo com a atualiza\u00e7\u00e3o do relat\u00f3rio do Minist\u00e9rio da Agricultura e Pecu\u00e1ria (Mapa), nesta sexta-feira (15). <\/p>\n<p> Os registros de contamina\u00e7\u00e3o come\u00e7aram em maio e, ap\u00f3s o pico, no m\u00eas seguinte (com 44 casos), desaceleraram em julho e em agosto. Mas voltaram a apresentar alta agora em setembro. <\/p>\n<p> A maioria ocorreu em aves migrat\u00f3rias. Apenas dois casos foram identificados em aves de cria\u00e7\u00e3o, voltadas para a alimenta\u00e7\u00e3o dos propriet\u00e1rios. O primeiro deles foi registrado na cidade de <a class href=\"https:\/\/g1.globo.com\/economia\/agronegocios\/noticia\/2023\/06\/27\/governo-confirma-1o-foco-de-gripe-aviaria-em-fazenda-de-subsistencia.ghtml\">Serra<\/a> (ES), no m\u00eas de junho, e o outro em <a class href=\"https:\/\/g1.globo.com\/sc\/santa-catarina\/noticia\/2023\/07\/16\/santa-catarina-identifica-1o-caso-de-gripe-aviaria-em-ave-de-fundo-de-quintal.ghtml\">Maracaj\u00e1<\/a> (SC), em julho. <\/p>\n<p> At\u00e9 o momento, o pa\u00eds n\u00e3o confirmou casos da doen\u00e7a em granjas voltadas para o com\u00e9rcio em larga escala. <strong>Por isso, o governo afirma que n\u00e3o h\u00e1 risco para o consumo de carnes e ovos<\/strong>. Al\u00e9m disso, nunca houve transmiss\u00e3o para humanos no Brasil. <\/p>\n<ul>\n<li><strong>Gripe avi\u00e1ria<\/strong>: <a class href=\"https:\/\/g1.globo.com\/economia\/agronegocios\/noticia\/2023\/05\/30\/gripe-aviaria-como-humanos-pegam-quantas-pessoas-ja-foram-infectadas-tire-duvidas.ghtml\">como humanos pegam? Tire d\u00favidas<\/a><\/li>\n<\/ul>\n<p><h2>Onde est\u00e3o os casos<\/h2>\n<\/p>\n<p> O maior n\u00famero de focos (72% do total) foi registrado na Regi\u00e3o Sudeste. A maioria foi no Esp\u00edrito Santo (29 casos), onde surgiram os primeiros focos, seguido por S\u00e3o Paulo (25) e Rio de Janeiro (18). <\/p>\n<p> Dois casos foram divulgados nesta sexta: um em Praia Grande (SP) e outro em S\u00e3o Jo\u00e3o da Barra (RJ), ambos em aves silvestres. <\/p>\n<p><h2>Sobe e desce dos casos<\/h2>\n<\/p>\n<p> Conforme os dados do governo, junho foi o m\u00eas com maior incid\u00eancia, com 44 casos. Desde ent\u00e3o, o n\u00famero de novos focos vinha apresentando desacelera\u00e7\u00e3o. <\/p>\n<p> A queda seria um reflexo das medidas de combate, da mortalidade inicial causada pela doen\u00e7a e do fim do ciclo migrat\u00f3rio de aves, explica o m\u00e9dico veterin\u00e1rio e virologista da Universidade de S\u00e3o Paulo (USP). <\/p>\n<p> \u201cConforme elas continuam migrando, continuam trazendo o v\u00edrus para c\u00e1 (&#8230;) assim vai oscilando a doen\u00e7a. Entre repovoamento, despovoamento e os padr\u00f5es de migra\u00e7\u00e3o das aves\u201d, afirma Paulo Brand\u00e3o. <\/p>\n<p>O veterin\u00e1rio ainda ressalta que os cuidados ainda devem ser mantidos, j\u00e1 que a chegada da primavera \u00e9 marcada pela passagem de aves migrat\u00f3rias na Am\u00e9rica do Sul.<\/p>\n<p><h2>Brasil \u00e9 l\u00edder em exporta\u00e7\u00e3o de frango<\/h2>\n<\/p>\n<p> Neste momento, o foco das medidas adotadas pelo Minist\u00e9rio da Agricultura e secretarias de estado \u00e9 evitar que o H5N1 chegue \u00e0s grandes granjas do Brasil, que \u00e9 o principal exportador de carne de frango do mundo e o segundo maior produtor global, atr\u00e1s dos EUA. <\/p>\n<p> O veterin\u00e1rio e coordenador da Defesa Agropecu\u00e1ria do Estado de S\u00e3o Paulo, Luiz Henrique Barrochelo, esclarece que a possibilidade da doen\u00e7a se espalhar em grandes granjas \u00e9 baixa, j\u00e1 que a legisla\u00e7\u00e3o \u00e9 rigorosa em rela\u00e7\u00e3o \u00e0 seguran\u00e7a e higiene dos ambientes. <\/p>\n<p> &quot;Em \u00e1reas comerciais, a situa\u00e7\u00e3o \u00e9 diferente porque o acesso \u00e9 restrito. As aves s\u00e3o criadas em galp\u00f5es fechados (&#8230;) Lembrando que as cidades envolvidas com a avicultura est\u00e3o distantes do litoral (paulista), onde houve a incid\u00eancia&quot;, diz Barrochelo. <\/p>\n<p> Em S\u00e3o Paulo, 95% dos focos foram registrados em cidades do litoral. Nenhum caso foi identificado pr\u00f3ximo da regi\u00e3o de Bastos, que \u00e9 a maior produtora de ovos do estado, por exemplo. <\/p>\n<p><h2>Novas medidas<\/h2>\n<\/p>\n<p> No final de maio, o Minist\u00e9rio da Agricultura declarou emerg\u00eancia zoossanit\u00e1ria por 180 dias. A medida, al\u00e9m de alertar a popula\u00e7\u00e3o, serviu para reduzir a burocracia para comprar equipamentos ou deslocar servidores de um estado para o outro. <\/p>\n<p> Outras medidas anunciadas pelo governo s\u00e3o: investiga\u00e7\u00e3o epidemiol\u00f3gica e restri\u00e7\u00e3o tempor\u00e1ria de tr\u00e2nsito de produtos agropecu\u00e1rios. <\/p>\n<p>                   <img loading=\"lazy\" decoding=\"async\" class=\"aligncenter size-full wp-image-52868\" src=\"https:\/\/blog.corretoraideal.com.br\/wp-content\/uploads\/2023\/09\/instituto-butantan-esta-desenvolvendo-1a-vacina-do-brasil-contra-gripe-aviaria.jpeg\" alt=\"Instituto Butantan est\u00e1 desenvolvendo 1\u00aa vacina do Brasil contra gripe avi\u00e1ria\" width=\"800\" height=\"400\" \/>      <\/p>\n<p> Instituto Butantan est\u00e1 desenvolvendo 1\u00aa vacina do Brasil contra gripe avi\u00e1ria <\/p>\n<ul> <\/ul>\n","protected":false},"excerpt":{"rendered":"<p>Pa\u00eds tem 100 casos de gripe avi\u00e1ria, sendo a maioria em aves migrat\u00f3rias, que n\u00e3o s\u00e3o voltadas para alimentos. N\u00e3o foram registrados casos em aves de granjas, por isso o governo mant\u00e9m a orienta\u00e7\u00e3o de que \u00e9 seguro o consumo de carnes e ovos. Esp\u00edrito Santo \u00e9 o estado com mais focos detectados, seguido por [&hellip;]<\/p>\n","protected":false},"author":1,"featured_media":0,"comment_status":"closed","ping_status":"closed","sticky":false,"template":"","format":"standard","meta":{"footnotes":""},"categories":[],"tags":[],"class_list":["post-52866","post","type-post","status-publish","format-standard","hentry"],"_links":{"self":[{"href":"https:\/\/blog.corretoraideal.com.br\/index.php\/wp-json\/wp\/v2\/posts\/52866","targetHints":{"allow":["GET"]}}],"collection":[{"href":"https:\/\/blog.corretoraideal.com.br\/index.php\/wp-json\/wp\/v2\/posts"}],"about":[{"href":"https:\/\/blog.corretoraideal.com.br\/index.php\/wp-json\/wp\/v2\/types\/post"}],"author":[{"embeddable":true,"href":"https:\/\/blog.corretoraideal.com.br\/index.php\/wp-json\/wp\/v2\/users\/1"}],"replies":[{"embeddable":true,"href":"https:\/\/blog.corretoraideal.com.br\/index.php\/wp-json\/wp\/v2\/comments?post=52866"}],"version-history":[{"count":1,"href":"https:\/\/blog.corretoraideal.com.br\/index.php\/wp-json\/wp\/v2\/posts\/52866\/revisions"}],"predecessor-version":[{"id":52869,"href":"https:\/\/blog.corretoraideal.com.br\/index.php\/wp-json\/wp\/v2\/posts\/52866\/revisions\/52869"}],"wp:attachment":[{"href":"https:\/\/blog.corretoraideal.com.br\/index.php\/wp-json\/wp\/v2\/media?parent=52866"}],"wp:term":[{"taxonomy":"category","embeddable":true,"href":"https:\/\/blog.corretoraideal.com.br\/index.php\/wp-json\/wp\/v2\/categories?post=52866"},{"taxonomy":"post_tag","embeddable":true,"href":"https:\/\/blog.corretoraideal.com.br\/index.php\/wp-json\/wp\/v2\/tags?post=52866"}],"curies":[{"name":"wp","href":"https:\/\/api.w.org\/{rel}","templated":true}]}}