{"id":52870,"date":"2023-09-16T08:30:14","date_gmt":"2023-09-16T08:30:14","guid":{"rendered":"https:\/\/blog.corretoraideal.com.br\/?p=52870"},"modified":"2023-09-16T08:30:14","modified_gmt":"2023-09-16T08:30:14","slug":"ios-17-quais-iphones-vao-atualizar-para-o-novo-sistema-tecnologia-g1","status":"publish","type":"post","link":"https:\/\/blog.corretoraideal.com.br\/index.php\/2023\/09\/16\/ios-17-quais-iphones-vao-atualizar-para-o-novo-sistema-tecnologia-g1\/","title":{"rendered":"iOS 17: quais iPhones v\u00e3o atualizar para o novo sistema? | Tecnologia | G1"},"content":{"rendered":"<p>      1 de 5&#013;iOS 17 permite escolher o que outras pessoas ver\u00e3o quando voc\u00ea ligar para elas \u2014 Foto: Reprodu\u00e7\u00e3o\/Apple    <\/p>\n<p> iOS 17 permite escolher o que outras pessoas ver\u00e3o quando voc\u00ea ligar para elas \u2014 Foto: Reprodu\u00e7\u00e3o\/Apple <\/p>\n<p> Al\u00e9m de lan\u00e7ar iPhone 15, a <a class href=\"https:\/\/g1.globo.com\/tudo-sobre\/apple\/\">Apple<\/a> apresentou na ter\u00e7a-feira (17) o iOS 17 <strong>(veja as principais novidades ao final do texto)<\/strong>. A nova vers\u00e3o do sistema &quot;aposentar\u00e1&quot; os iPhones X, 8 e 8 Plus, que v\u00e3o parar no iOS 16. <\/p>\n<p> Com a decis\u00e3o, a empresa segue a tradi\u00e7\u00e3o de liberar grandes atualiza\u00e7\u00f5es para os celulares at\u00e9 cinco anos depois que eles foram lan\u00e7ados. O novo sistema operacional ser\u00e1 liberado na pr\u00f3xima segunda-feira (18). <\/p>\n<p> <strong>Estes s\u00e3o os celulares compat\u00edveis com o iOS 17: <\/strong> <\/p>\n<ul>\n<li>iPhone 15, 15 Plus, 15 Pro e 15 Pro Max (2023); <\/li>\n<li>iPhone 14, 14 Plus, 14 Pro e 14 Pro Max (2022); <\/li>\n<li>iPhone 13, 13 mini, 13 Pro e 13 Pro Max (2021); <\/li>\n<li>iPhone 12, 12 mini, 12 Pro, 12 Pro Max (2020); <\/li>\n<li>iPhone 11, 11 Pro e 11 Pro Max (2019); <\/li>\n<li>iPhone XS e XS Max (2018); <\/li>\n<li>iPhone XR (2018); <\/li>\n<li>iPhone SE (2020 e 2022). <\/li>\n<\/ul>\n<p>         2 de 5&#013;Namedrop, dispon\u00edvel no iOS 17, permite compartilhar n\u00famero de telefone ou e-mail ao aproximar iPhones \u2014 Foto: Divulga\u00e7\u00e3o\/Apple    <\/p>\n<p> Namedrop, dispon\u00edvel no iOS 17, permite compartilhar n\u00famero de telefone ou e-mail ao aproximar iPhones \u2014 Foto: Divulga\u00e7\u00e3o\/Apple <\/p>\n<p><h2>Como atualizar o iOS? <\/h2>\n<\/p>\n<p> Para instalar novas vers\u00f5es do sistema da Apple, siga os passos abaixo: <\/p>\n<li>Clique em &quot;<strong>Ajustes<\/strong>&quot;; <\/li>\n<li>Depois, selecione o item &quot;<strong>Geral<\/strong>&quot;; <\/li>\n<li>Escolha a op\u00e7\u00e3o &quot;<strong>Atualiza\u00e7\u00e3o de Software<\/strong>&quot;. <\/li>\n<p><h2>O que mudou no iOS 17? <\/h2>\n<\/p>\n<ul>\n<li><strong>Em Espera:<\/strong> tela do iPhone pode mostrar informa\u00e7\u00f5es de calend\u00e1rio, tempo e m\u00fasica, quando o celular n\u00e3o estiver em uso; <\/li>\n<li><strong>NameDrop: <\/strong>recurso permite que usu\u00e1rios compartilhem n\u00famero de telefone ou e-mail ao aproximar iPhone ou Apple Watch ao de outra pessoa, usando a tecnologia do AirDrop; <\/li>\n<li><strong>Di\u00e1rio (Journal):<\/strong> novo aplicativo da Apple para usu\u00e1rios registrarem lembran\u00e7as (Apple diz que o app ser\u00e1 liberado em uma segunda etapa, ainda em 2023); <\/li>\n<li><strong>Telefone: <\/strong>\u00e9 poss\u00edvel definir a foto que outras pessoas ver\u00e3o quando voc\u00ea ligar para elas; <\/li>\n<li><strong>Mensagens: <\/strong>o aplicativo agora consegue transcrever mensagens de \u00e1udio e ganhou o &quot;Chegou Bem?&quot;, recurso que permite notificar uma pessoa assim que voc\u00ea chegar ao seu destino; <\/li>\n<li><strong>Figurinhas: <\/strong>novo sistema oferece efeitos para animar stickers criados a partir de Live Photos; <\/li>\n<li><strong>FaceTime: <\/strong>usu\u00e1rios poder\u00e3o deixar recado em v\u00eddeo ou \u00e1udio quando a outra pessoa n\u00e3o puder atender a chamada.<\/li>\n<\/ul>\n<p> <strong>LEIA TAMB\u00c9M:<\/strong> <\/p>\n<ul>\n<li><a class href=\"https:\/\/g1.globo.com\/tecnologia\/noticia\/2023\/09\/12\/evento-da-apple.ghtml\">iPhone 15 abandona padr\u00e3o exclusivo de carregador; veja pre\u00e7os<\/a><\/li>\n<li><a class href=\"https:\/\/g1.globo.com\/tecnologia\/noticia\/2023\/09\/13\/iphone-14-tem-ate-r-2800-de-desconto-veja-quanto-sai-cada-versao.ghtml\">Com novo celular, iPhone 14 tem at\u00e9 R$ 2.800 de desconto<\/a><\/li>\n<li><a class href=\"https:\/\/g1.globo.com\/tecnologia\/noticia\/2023\/09\/12\/apple-watch-9-tem-controle-por-gestos-veja-mais-novidades-do-relogio.ghtml\">Apple Watch ganha controle por gestos; confira as novidades<\/a><\/li>\n<li><a class href=\"https:\/\/g1.globo.com\/tecnologia\/noticia\/2023\/09\/12\/o-que-e-usb-c-padrao-de-conexao-que-o-iphone-passa-a-adotar-depois-de-pressao-sobre-a-apple.ghtml\">O que \u00e9 padr\u00e3o USB-C, que o iPhone adota ap\u00f3s press\u00e3o sobre a Apple<\/a><\/li>\n<\/ul>\n<p>         3 de 5&#013;Recurso &#034;Em Espera&#034;, liberado com o iOS 17, mostra informa\u00e7\u00f5es quando iPhone n\u00e3o est\u00e1 em uso \u2014 Foto: Divulga\u00e7\u00e3o\/Apple    <\/p>\n<p> Recurso &#034;Em Espera&#034;, liberado com o iOS 17, mostra informa\u00e7\u00f5es quando iPhone n\u00e3o est\u00e1 em uso \u2014 Foto: Divulga\u00e7\u00e3o\/Apple <\/p>\n<p>         4 de 5&#013;Com novo aplicativo Di\u00e1rio, usu\u00e1rios de iPhone podem registrar lembran\u00e7as \u2014 Foto: Divulga\u00e7\u00e3o\/Apple    <\/p>\n<p> Com novo aplicativo Di\u00e1rio, usu\u00e1rios de iPhone podem registrar lembran\u00e7as \u2014 Foto: Divulga\u00e7\u00e3o\/Apple <\/p>\n<p>         5 de 5&#013;iOS 17 est\u00e1 dispon\u00edvel para iPhones lan\u00e7ados desde 2018 \u2014 Foto: Divulga\u00e7\u00e3o\/Apple    <\/p>\n<p> iOS 17 est\u00e1 dispon\u00edvel para iPhones lan\u00e7ados desde 2018 \u2014 Foto: Divulga\u00e7\u00e3o\/Apple <\/p>\n<p>                   <img loading=\"lazy\" decoding=\"async\" class=\"aligncenter size-full wp-image-52872\" src=\"https:\/\/blog.corretoraideal.com.br\/wp-content\/uploads\/2023\/09\/apple-anuncia-o-lancamento-do-iphone-15-e-outras-novidades-3.jpeg\" alt=\"Apple anuncia o lan\u00e7amento do iPhone 15 e outras novidades\" width=\"800\" height=\"400\" \/>      <\/p>\n<p> Apple anuncia o lan\u00e7amento do iPhone 15 e outras novidades <\/p>\n<ul>\n<li> <a href=\"https:\/\/g1.globo.com\/tudo-sobre\/apple\/\" class=\"entities__list-itemLink\" data-track-click=\"Apple\"> Apple <\/a> <\/li>\n<\/ul>\n","protected":false},"excerpt":{"rendered":"<p>1 de 5&#013;iOS 17 permite escolher o que outras pessoas ver\u00e3o quando voc\u00ea ligar para elas \u2014 Foto: Reprodu\u00e7\u00e3o\/Apple iOS 17 permite escolher o que outras pessoas ver\u00e3o quando voc\u00ea ligar para elas \u2014 Foto: Reprodu\u00e7\u00e3o\/Apple Al\u00e9m de lan\u00e7ar iPhone 15, a Apple apresentou na ter\u00e7a-feira (17) o iOS 17 (veja as principais novidades ao [&hellip;]<\/p>\n","protected":false},"author":1,"featured_media":0,"comment_status":"closed","ping_status":"closed","sticky":false,"template":"","format":"standard","meta":{"footnotes":""},"categories":[],"tags":[],"class_list":["post-52870","post","type-post","status-publish","format-standard","hentry"],"_links":{"self":[{"href":"https:\/\/blog.corretoraideal.com.br\/index.php\/wp-json\/wp\/v2\/posts\/52870","targetHints":{"allow":["GET"]}}],"collection":[{"href":"https:\/\/blog.corretoraideal.com.br\/index.php\/wp-json\/wp\/v2\/posts"}],"about":[{"href":"https:\/\/blog.corretoraideal.com.br\/index.php\/wp-json\/wp\/v2\/types\/post"}],"author":[{"embeddable":true,"href":"https:\/\/blog.corretoraideal.com.br\/index.php\/wp-json\/wp\/v2\/users\/1"}],"replies":[{"embeddable":true,"href":"https:\/\/blog.corretoraideal.com.br\/index.php\/wp-json\/wp\/v2\/comments?post=52870"}],"version-history":[{"count":1,"href":"https:\/\/blog.corretoraideal.com.br\/index.php\/wp-json\/wp\/v2\/posts\/52870\/revisions"}],"predecessor-version":[{"id":52873,"href":"https:\/\/blog.corretoraideal.com.br\/index.php\/wp-json\/wp\/v2\/posts\/52870\/revisions\/52873"}],"wp:attachment":[{"href":"https:\/\/blog.corretoraideal.com.br\/index.php\/wp-json\/wp\/v2\/media?parent=52870"}],"wp:term":[{"taxonomy":"category","embeddable":true,"href":"https:\/\/blog.corretoraideal.com.br\/index.php\/wp-json\/wp\/v2\/categories?post=52870"},{"taxonomy":"post_tag","embeddable":true,"href":"https:\/\/blog.corretoraideal.com.br\/index.php\/wp-json\/wp\/v2\/tags?post=52870"}],"curies":[{"name":"wp","href":"https:\/\/api.w.org\/{rel}","templated":true}]}}