{"id":52874,"date":"2023-09-16T10:29:35","date_gmt":"2023-09-16T10:29:35","guid":{"rendered":"https:\/\/blog.corretoraideal.com.br\/?p=52874"},"modified":"2023-09-16T10:29:35","modified_gmt":"2023-09-16T10:29:35","slug":"festival-caminhos-do-acucar-comeca-nesta-sexta-em-cardoso-moreira-no-rj-norte-fluminense-g1","status":"publish","type":"post","link":"https:\/\/blog.corretoraideal.com.br\/index.php\/2023\/09\/16\/festival-caminhos-do-acucar-comeca-nesta-sexta-em-cardoso-moreira-no-rj-norte-fluminense-g1\/","title":{"rendered":"Festival Caminhos do A\u00e7\u00facar come\u00e7a nesta sexta em Cardoso Moreira, no RJ | Norte Fluminense | G1"},"content":{"rendered":"\n<p> A terceira edi\u00e7\u00e3o do Festival Caminhos do A\u00e7\u00facar come\u00e7a nesta sexta-feira (15) e segue at\u00e9 domingo (17) no Parque de Exposi\u00e7\u00e3o de <a class href=\"https:\/\/g1.globo.com\/rj\/norte-fluminense\/cidade\/cardoso-moreira\/\">Cardoso Moreira<\/a>, no Norte Fluminense, com ampla programa\u00e7\u00e3o. <\/p>\n<p> O evento \u00e9 organizado pelo Cons\u00f3rcio P\u00fablico Intermunicipal de Desenvolvimento do Norte e Noroeste Fluminense (Cidennf), oferecendo ao p\u00fablico capacita\u00e7\u00f5es, shows de artistas regionais, apresenta\u00e7\u00f5es culturais entre outras atra\u00e7\u00f5es. Um dos destaques \u00e9 a 2\u00ba Cardoso MotoFest, que vai proporcionar uma experi\u00eancia emocionante para os amantes de motocicletas. <\/p>\n<p> O Festival conta ainda com o lan\u00e7amento de circuitos tur\u00edsticos de Cardoso Moreira, para que os visitantes possam aproveitar as experi\u00eancias oferecidas pelos atrativos tur\u00edsticos da cidade. <\/p>\n<p><h2>Hor\u00e1rios de funcionamento<\/h2>\n<\/p>\n<ul>\n<li><strong>Sexta-feira (15) &#8211;<\/strong> Programa\u00e7\u00e3o come\u00e7a a partir das 17h <strong>(veja programa\u00e7\u00e3o no final do texto)<\/strong><\/li>\n<li><strong>S\u00e1bado (16) e domingo (17) &#8211;<\/strong> Programa\u00e7\u00e3o come\u00e7a a partir das 12h <strong>(veja programa\u00e7\u00e3o no final do texto)<\/strong><\/li>\n<li><strong>Local: <\/strong>Parque de Exposi\u00e7\u00e3o, Rua Alice Mon\u00e7\u00e3o, 356, bairro Cachoeiro.<\/li>\n<\/ul>\n<p> &quot;O Festival Caminhos do A\u00e7\u00facar n\u00e3o se limita a oferecer entretenimento e cultura. Com a entrega desse primeiro circuito tur\u00edstico, estamos construindo um legado que promover\u00e1 o crescimento de Cardoso Moreira a longo prazo. Esses roteiros n\u00e3o apenas atraem visitantes, mas tamb\u00e9m sustentam o empreendedorismo local, preservam nossas tradi\u00e7\u00f5es e destacam a beleza da paisagem. Esse \u00e9 um dos compromissos do Cidennf com os munic\u00edpios consorciados&quot;, Vinicius Viana, secret\u00e1rio executivo do Cidennf. <\/p>\n<p><h2> Programa\u00e7\u00e3o:<\/h2>\n<\/p>\n<p><h2>Sexta-Feira (15\/09)<\/h2>\n<\/p>\n<p> <strong>17h &#8211; Abertura do Evento<\/strong> <\/p>\n<p> <strong>Lan\u00e7amento dos Circuitos de Cardoso Moreira<\/strong> <\/p>\n<ul>\n<li>Circuito Rural Dr. Matos<\/li>\n<li> Rural Tour<\/li>\n<li>Agroturismo 2 Santos<\/li>\n<li>Hist\u00f3ria de Cardoso Moreira em Cordel: Rosiney Nunes<\/li>\n<\/ul>\n<p> <strong>19h &#8211; <\/strong>DJ Romualdo Braga <\/p>\n<p> <strong>22h &#8211;<\/strong> Banda Projeto Zero <\/p>\n<p><h2>S\u00e1bado (16\/09)<\/h2>\n<\/p>\n<p> <strong>13h &#8211; <\/strong>Cozinha Show Senac <\/p>\n<ul>\n<li>Receita de Risotto<\/li>\n<\/ul>\n<p> <strong>14h &#8211;<\/strong> Palestra Emater <\/p>\n<ul>\n<li>Qualidade do Leite conforme a IN 76\/77 MAPA (Palestrante Luiz Alberto Figueiredo dos Santos -Emater-Rio)<\/li>\n<\/ul>\n<p> <strong>15h &#8211; <\/strong>Palestra Sebrae <\/p>\n<ul>\n<li>Como Expor Produtos Para Feiras e Eventos (Concei\u00e7\u00e3o de Maria Mendes Macedo)<\/li>\n<\/ul>\n<p> 16h &#8211; Palestra Mapa <\/p>\n<ul>\n<li>Benef\u00edcios Econ\u00f4micos e Sociais da Ades\u00e3o ao SISBI (Dr. Lu\u00eds Eduardo da Silva)<\/li>\n<\/ul>\n<p> <strong>17h &#8211;<\/strong> Folias de Reis (Folia Estrela da Guia, Estrela do Oriente e Estrela do Mar) <\/p>\n<ul>\n<li>Prefeitura de Cardoso Moreira<\/li>\n<\/ul>\n<p> <strong>18h &#8211;<\/strong> DJ Romualdo Braga <\/p>\n<p> <strong>19h &#8211;<\/strong> Marcelo Benj\u00e1 e UND\u00ea3 <\/p>\n<p> <strong>22h &#8211; <\/strong>Banda Arizona 71 <\/p>\n<p><h2>Domingo (17\/09)<\/h2>\n<\/p>\n<p> <strong>13h &#8211; <\/strong>Palestra Secretaria de Turismo do Estado do Rio de Janeiro <\/p>\n<ul>\n<li>Marketing de Produtos Tur\u00edsticos (Palestrante Pablo Kling)<\/li>\n<\/ul>\n<p> <strong>14h &#8211; <\/strong>Palestra Senar <\/p>\n<ul>\n<li>Comercializa\u00e7\u00e3o de Produtos para o Turismo Rural (Instrutor Mozart Valle)<\/li>\n<\/ul>\n<p> <strong>15h &#8211; <\/strong>Palestra CIDENNF <\/p>\n<ul>\n<li>Como come\u00e7ar uma ag\u00eancia de viagens de receptivo? (Me. Bruno Barcellos)<\/li>\n<\/ul>\n<p> <strong>16h &#8211; <\/strong>Boi Flamengo, Boi Vitorioso e Boneca Anita <\/p>\n<ul>\n<li>Prefeitura de Cardoso Moreira<\/li>\n<\/ul>\n<p> <strong>17h &#8211;<\/strong> Betinho Assad <\/p>\n<p> <strong>18h &#8211; <\/strong>DJ Romualdo Braga <\/p>\n<p> <strong>19h &#8211; <\/strong>Banda Terceiro Mandato <\/p>\n<ul>\n<li> <a href=\"https:\/\/g1.globo.com\/rj\/norte-fluminense\/cidade\/cardoso-moreira\/\" class=\"entities__list-itemLink\" data-track-click=\"Cardoso Moreira\"> Cardoso Moreira <\/a> <\/li>\n<\/ul>\n","protected":false},"excerpt":{"rendered":"<p>A terceira edi\u00e7\u00e3o do Festival Caminhos do A\u00e7\u00facar come\u00e7a nesta sexta-feira (15) e segue at\u00e9 domingo (17) no Parque de Exposi\u00e7\u00e3o de Cardoso Moreira, no Norte Fluminense, com ampla programa\u00e7\u00e3o. O evento \u00e9 organizado pelo Cons\u00f3rcio P\u00fablico Intermunicipal de Desenvolvimento do Norte e Noroeste Fluminense (Cidennf), oferecendo ao p\u00fablico capacita\u00e7\u00f5es, shows de artistas regionais, apresenta\u00e7\u00f5es [&hellip;]<\/p>\n","protected":false},"author":1,"featured_media":0,"comment_status":"closed","ping_status":"closed","sticky":false,"template":"","format":"standard","meta":{"footnotes":""},"categories":[],"tags":[],"class_list":["post-52874","post","type-post","status-publish","format-standard","hentry"],"_links":{"self":[{"href":"https:\/\/blog.corretoraideal.com.br\/index.php\/wp-json\/wp\/v2\/posts\/52874","targetHints":{"allow":["GET"]}}],"collection":[{"href":"https:\/\/blog.corretoraideal.com.br\/index.php\/wp-json\/wp\/v2\/posts"}],"about":[{"href":"https:\/\/blog.corretoraideal.com.br\/index.php\/wp-json\/wp\/v2\/types\/post"}],"author":[{"embeddable":true,"href":"https:\/\/blog.corretoraideal.com.br\/index.php\/wp-json\/wp\/v2\/users\/1"}],"replies":[{"embeddable":true,"href":"https:\/\/blog.corretoraideal.com.br\/index.php\/wp-json\/wp\/v2\/comments?post=52874"}],"version-history":[{"count":1,"href":"https:\/\/blog.corretoraideal.com.br\/index.php\/wp-json\/wp\/v2\/posts\/52874\/revisions"}],"predecessor-version":[{"id":52876,"href":"https:\/\/blog.corretoraideal.com.br\/index.php\/wp-json\/wp\/v2\/posts\/52874\/revisions\/52876"}],"wp:attachment":[{"href":"https:\/\/blog.corretoraideal.com.br\/index.php\/wp-json\/wp\/v2\/media?parent=52874"}],"wp:term":[{"taxonomy":"category","embeddable":true,"href":"https:\/\/blog.corretoraideal.com.br\/index.php\/wp-json\/wp\/v2\/categories?post=52874"},{"taxonomy":"post_tag","embeddable":true,"href":"https:\/\/blog.corretoraideal.com.br\/index.php\/wp-json\/wp\/v2\/tags?post=52874"}],"curies":[{"name":"wp","href":"https:\/\/api.w.org\/{rel}","templated":true}]}}