{"id":52877,"date":"2023-09-16T12:29:46","date_gmt":"2023-09-16T12:29:46","guid":{"rendered":"https:\/\/blog.corretoraideal.com.br\/?p=52877"},"modified":"2023-09-16T12:29:46","modified_gmt":"2023-09-16T12:29:46","slug":"cafe-colhido-em-fezes-de-passaros-conheca-a-bebida-brasileira-que-custa-r-11-mil-o-quilo-agronegocios-g1","status":"publish","type":"post","link":"https:\/\/blog.corretoraideal.com.br\/index.php\/2023\/09\/16\/cafe-colhido-em-fezes-de-passaros-conheca-a-bebida-brasileira-que-custa-r-11-mil-o-quilo-agronegocios-g1\/","title":{"rendered":"Caf\u00e9 colhido em fezes de p\u00e1ssaros? Conhe\u00e7a a bebida brasileira que custa R$ 1,1 mil o quilo | Agroneg\u00f3cios | G1"},"content":{"rendered":"<p>      1 de 5&#013;Caf\u00e9 brasileiro luxuoso \u00e9 extra\u00eddo de excrementos do p\u00e1ssaro jacu \u2014 Foto: CARL DE SOUZA \/ AFP    <\/p>\n<p> Caf\u00e9 brasileiro luxuoso \u00e9 extra\u00eddo de excrementos do p\u00e1ssaro jacu \u2014 Foto: CARL DE SOUZA \/ AFP <\/p>\n<p> Antes considerado uma praga nas planta\u00e7\u00f5es de caf\u00e9 da Regi\u00e3o Sudeste, o p\u00e1ssaro selvagem jacu &#8211; e seu prodigioso sistema digestivo &#8211; se tornou aliado na produ\u00e7\u00e3o de <strong>um dos caf\u00e9s mais caros do mundo<\/strong>. <\/p>\n<p> \u2705<a class href=\"https:\/\/www.whatsapp.com\/channel\/0029Va2ll12AInPbyd8p933r\" target=\"_blank\" rel=\"noopener noreferrer\">Clique aqui para seguir o novo canal do g1 no WhatsApp<\/a>. <\/p>\n<p> \u26a0\ufe0fO grupo antigo ser\u00e1 desativado. Mesmo que voc\u00ea j\u00e1 fa\u00e7a parte da nossa comunidade, \u00e9 preciso se inscrever novamente. <\/p>\n<p> O p\u00e1ssaro, tamb\u00e9m chamado de jacua\u00e7u, parece um fais\u00e3o e tem um paladar refinado: &quot;Geralmente ele escolhe as melhores frutas, as mais maduras&quot;, explicou Agnael Costa, que trabalha com a colheita de fezes deixadas pelos jacus. <\/p>\n<p> Em uma fazenda localizada no munic\u00edpio de <a class href=\"https:\/\/g1.globo.com\/es\/espirito-santo\/cidade\/domingos-martins\/\">Domingos Martins<\/a>, interior do Esp\u00edrito Santo, os p\u00e9s de caf\u00e9 crescem em meio a uma floresta exuberante. <\/p>\n<p> &quot;Foi esse sistema agroflorestal que criou as condi\u00e7\u00f5es necess\u00e1rias para existir esse caf\u00e9 ex\u00f3tico aqui&quot;, afirmou Henrique Sloper, que \u00e9 dono da fazenda adepta da agricultura biodin\u00e2mica, ou seja, que n\u00e3o utiliza produtos qu\u00edmicos. <\/p>\n<p> <strong>Leia tamb\u00e9m: <\/strong> <\/p>\n<ul>\n<li><a class href=\"https:\/\/g1.globo.com\/economia\/agronegocios\/noticia\/2023\/03\/02\/selos-ajudam-a-identificar-cafe-de-qualidade-veja-dicas-para-comprar-o-produto.ghtml\">Selos ajudam a identificar caf\u00e9 de qualidade<\/a><\/li>\n<li><a class href=\"https:\/\/g1.globo.com\/economia\/agronegocios\/noticia\/2023\/08\/09\/soja-carne-cafe-suco-de-laranja-veja-os-produtos-que-o-brasil-e-lider-em-exportacao-no-mundo.ghtml\">Soja, carne, caf\u00e9, suco de laranja: veja os produtos l\u00edder em exporta\u00e7\u00e3o<\/a><\/li>\n<li><a class href=\"https:\/\/g1.globo.com\/economia\/agronegocios\/noticia\/2023\/07\/27\/pergunta-do-dia-qual-o-primeiro-passo-para-fazer-em-casa-um-cafe-coado-perfeito.ghtml\">O que \u00e9 indispens\u00e1vel para fazer o caf\u00e9 perfeito?<\/a><\/li>\n<\/ul>\n<p> No Brasil, o caf\u00e9 ex\u00f3tico extra\u00eddo das fezes deixadas pelos jacus custa em m\u00e9dia R$ 1.118,00. No entanto, ele \u00e9 ainda mais caro no exterior. <\/p>\n<p>         2 de 5&#013;Gr\u00e3os de caf\u00e9s s\u00e3o extra\u00eddos das fezes deixadas por jacus no Espirito Santo \u2014 Foto: CARL DE SOUZA \/ AFP    <\/p>\n<p> Gr\u00e3os de caf\u00e9s s\u00e3o extra\u00eddos das fezes deixadas por jacus no Espirito Santo \u2014 Foto: CARL DE SOUZA \/ AFP <\/p>\n<p><h2>De inimigo a aliado<\/h2>\n<\/p>\n<p> O jacu, esp\u00e9cie de plumagem preta e garganta escarlate, nativa de outras regi\u00f5es da Am\u00e9rica do Sul, nem sempre foi bem-vindo na propriedade Camocim. No in\u00edcio, era visto como uma praga que amea\u00e7ava as colheitas e causava problemas. <\/p>\n<p> Foi ao conhecer o caf\u00e9 &quot;Kopi Luwak&quot; na Indon\u00e9sia, feito com excrementos de civeta (mam\u00edfero asi\u00e1tico semelhante a um mangusto), que Sloper teve a ideia de transformar o jacu de inimigo a aliado. <\/p>\n<p> Enquanto a reputa\u00e7\u00e3o do &quot;Kopi Luwak&quot; &#8211; tamb\u00e9m vendido a pre\u00e7o de ouro &#8211; \u00e9 prejudicada por den\u00fancias de maus-tratos a civetas em cativeiro, o jacu brasileiro cresce em liberdade. <\/p>\n<p>&quot;\u00c9 100% natural. O jacu est\u00e1 dentro do habitat natural dele mesmo&quot;, a floresta atl\u00e2ntica do litoral brasileiro, diz o supervisor de produ\u00e7\u00e3o, Rog\u00e9rio Lemke. <\/p>\n<p> &quot;\u00c9 uma regi\u00e3o muito protegida (&#8230;) e n\u00e3o usamos qu\u00edmico, produtos transg\u00eanicos, nada&quot; na planta\u00e7\u00e3o de caf\u00e9, acrescenta. <\/p>\n<p> <strong>De onde vem o que eu bebo:<\/strong><a class href=\"https:\/\/g1.globo.com\/economia\/agronegocios\/agro-de-gente-pra-gente\/noticia\/2022\/07\/06\/de-onde-vem-o-que-eu-bebo-como-e-o-cafe-especial-que-faz-o-brasil-ser-premiado-internacionalmente.ghtml\"><strong> caf\u00e9 faz Brasil ser premiado internacionalmente<\/strong><\/a> <\/p>\n<p>                   <img loading=\"lazy\" decoding=\"async\" class=\"aligncenter size-full wp-image-52879\" src=\"https:\/\/blog.corretoraideal.com.br\/wp-content\/uploads\/2023\/09\/de-onde-vem-o-que-eu-bebo-o-cafe-especial-que-faz-o-brasil-ser-premiado-no-exterior.jpeg\" alt=\"De onde vem o que eu bebo: o caf\u00e9 especial que faz o Brasil ser premiado no exterior\" width=\"800\" height=\"400\" \/>      <\/p>\n<p> De onde vem o que eu bebo: o caf\u00e9 especial que faz o Brasil ser premiado no exterior <\/p>\n<p><h2>Etapas de produ\u00e7\u00e3o <\/h2>\n<\/p>\n<p> As fezes do jacu lembram a apar\u00eancia de um p\u00e9 de moleque, com gr\u00e3os de caf\u00e9 incrustados em uma pasta enegrecida. <\/p>\n<p> Depois de colhidas, as fezes s\u00e3o colocadas para secar em uma estufa. Em seguida, os gr\u00e3os de caf\u00e9 s\u00e3o classificados e descascados cuidadosamente, antes de serem colocados em uma c\u00e2mara fria. <\/p>\n<p> S\u00e3o retirados de l\u00e1 apenas mediante solicita\u00e7\u00e3o do cliente, para evitar desperd\u00edcios. <\/p>\n<p>&quot;Em fun\u00e7\u00e3o do trabalho que a gente tem para fazer esse produto, ele \u00e9 naturalmente caro. N\u00e3o tem como fazer um caf\u00e9 de jacu com custo baixo (&#8230;) \u00c9 um produto escasso e a produ\u00e7\u00e3o \u00e9 incerta, porque depende do apetite do jacu&quot;, afirma Henrique Sloper.<\/p>\n<p>         3 de 5&#013;Caf\u00e9 tem notas doces e boa acidez, afirma analista \u2014 Foto: CARL DE SOUZA \/ AFP    <\/p>\n<p> Caf\u00e9 tem notas doces e boa acidez, afirma analista \u2014 Foto: CARL DE SOUZA \/ AFP <\/p>\n<p> O caf\u00e9 extra\u00eddo dos excrementos destas aves representa menos de 2% da produ\u00e7\u00e3o da fazenda. <\/p>\n<p> &quot;Serve n\u00e3o s\u00f3 como selecionador, como tamb\u00e9m alarme de colheita. Onde ele come, o caf\u00e9 est\u00e1 maduro&quot;, explica. <\/p>\n<p>                   <img loading=\"lazy\" decoding=\"async\" class=\"aligncenter size-full wp-image-52880\" src=\"https:\/\/blog.corretoraideal.com.br\/wp-content\/uploads\/2023\/09\/umedecer-o-coador-e-a-medida-ideal-aprenda-a-fazer-cafe-com-os-melhores-baristas.jpeg\" alt=\"Umedecer o coador e a medida ideal: aprenda a fazer caf\u00e9 com os melhores baristas\" width=\"800\" height=\"400\" \/>      <\/p>\n<p> Umedecer o coador e a medida ideal: aprenda a fazer caf\u00e9 com os melhores baristas <\/p>\n<p><h2>Luxo e sustentabilidade<\/h2>\n<\/p>\n<p> &quot;Os p\u00e1ssaros t\u00eam um tr\u00e2nsito intestinal extremamente curto. Praticamente entrou, e depois de alguns segundos j\u00e1 est\u00e1 saindo. Ent\u00e3o n\u00e3o existe propriamente qualquer tipo de processo bioqu\u00edmico, n\u00e3o d\u00e1 tempo&quot;, explica o analista de caf\u00e9, Ensei Neto. <\/p>\n<p> \u00c9 mais lento em civetas ou elefantes, cujos excrementos tamb\u00e9m s\u00e3o usados para produzir esse tipo de caf\u00e9 na Tail\u00e2ndia. <\/p>\n<p> &quot;Basicamente, o que voc\u00ea tem como diferencial, que o p\u00e1ssaro promove, \u00e9 essa sele\u00e7\u00e3o dos gr\u00e3os maduros. Ele n\u00e3o adiciona nada a mais. Mas a hist\u00f3ria \u00e9 boa&quot;, diz Neto. <\/p>\n<p>         4 de 5&#013;Caf\u00e9 brasileiro luxuoso \u00e9 extra\u00eddo de excrementos do p\u00e1ssaro jacu \u2014 Foto: CARL DE SOUZA \/ AFP    <\/p>\n<p> Caf\u00e9 brasileiro luxuoso \u00e9 extra\u00eddo de excrementos do p\u00e1ssaro jacu \u2014 Foto: CARL DE SOUZA \/ AFP <\/p>\n<p> Os gr\u00e3os bem maduros conferem ao caf\u00e9 &quot;notas doces, com boa acidez&quot;, afirma o analista. <\/p>\n<p> &quot;\u00c9 um caf\u00e9 delicioso e a hist\u00f3ria por tr\u00e1s da sua produ\u00e7\u00e3o \u00e9 muito original. \u00c9 uma experi\u00eancia nova para n\u00f3s&quot;, diz a turista Poliana Cristiana Prego, de 37 anos, que veio at\u00e9 a fazenda provar o caf\u00e9 do jacu. <\/p>\n<p>         5 de 5&#013;Caf\u00e9 da Camocim, em Domingos Martins, Esp\u00edrito Santo \u2014 Foto: CARL DE SOUZA \/ AFP    <\/p>\n<p> Caf\u00e9 da Camocim, em Domingos Martins, Esp\u00edrito Santo \u2014 Foto: CARL DE SOUZA \/ AFP <\/p>\n<p> &quot;Nossos clientes s\u00e3o os amantes de produtos ex\u00f3ticos, mas tamb\u00e9m aqueles que valorizam a ideia de desenvolvimento sustent\u00e1vel&quot;, afirma Henrique Sloper. <\/p>\n<p> Para ele, &quot;o futuro do caf\u00e9 vai vir do Brasil&quot;. Maior produtor mundial, o gigante sul-americano come\u00e7a a melhorar &quot;a parte do branding, do marketing do caf\u00e9. \u00c9 mostrar para o mundo que realmente temos condi\u00e7\u00f5es de fazer o que ningu\u00e9m tem&quot;. <\/p>\n<p><h2>Assista: s\u00e9rie do g1 mostra caminho da comida at\u00e9 a sua mesa<\/h2>\n<\/p>\n<p>                   <img loading=\"lazy\" decoding=\"async\" class=\"aligncenter size-full wp-image-52881\" src=\"https:\/\/blog.corretoraideal.com.br\/wp-content\/uploads\/2023\/09\/de-onde-vem-o-vinho-1.jpeg\" alt=\"De onde vem o vinho\" width=\"800\" height=\"400\" \/>      <\/p>\n<p> De onde vem o vinho <\/p>\n<p>                    <img loading=\"lazy\" decoding=\"async\" class=\"aligncenter size-full wp-image-52882\" src=\"https:\/\/blog.corretoraideal.com.br\/wp-content\/uploads\/2023\/09\/de-onde-vem-o-que-eu-como-chocolate.jpeg\" alt=\"De onde vem o que eu como: chocolate\" width=\"800\" height=\"400\" \/>      <\/p>\n<p> De onde vem o que eu como: chocolate <\/p>\n<p>                    <img loading=\"lazy\" decoding=\"async\" class=\"aligncenter size-full wp-image-52883\" src=\"https:\/\/blog.corretoraideal.com.br\/wp-content\/uploads\/2023\/09\/de-onde-vem-o-tomate.jpeg\" alt=\"De Onde Vem o tomate\" width=\"800\" height=\"400\" \/>      <\/p>\n<p> De Onde Vem o tomate <\/p>\n<ul>\n<li> <a href=\"https:\/\/g1.globo.com\/es\/espirito-santo\/cidade\/domingos-martins\/\" class=\"entities__list-itemLink\" data-track-click=\"Domingos Martins\"> Domingos Martins <\/a> <\/li>\n<\/ul>\n","protected":false},"excerpt":{"rendered":"<p>1 de 5&#013;Caf\u00e9 brasileiro luxuoso \u00e9 extra\u00eddo de excrementos do p\u00e1ssaro jacu \u2014 Foto: CARL DE SOUZA \/ AFP Caf\u00e9 brasileiro luxuoso \u00e9 extra\u00eddo de excrementos do p\u00e1ssaro jacu \u2014 Foto: CARL DE SOUZA \/ AFP Antes considerado uma praga nas planta\u00e7\u00f5es de caf\u00e9 da Regi\u00e3o Sudeste, o p\u00e1ssaro selvagem jacu &#8211; e seu prodigioso [&hellip;]<\/p>\n","protected":false},"author":1,"featured_media":0,"comment_status":"closed","ping_status":"closed","sticky":false,"template":"","format":"standard","meta":{"footnotes":""},"categories":[],"tags":[],"class_list":["post-52877","post","type-post","status-publish","format-standard","hentry"],"_links":{"self":[{"href":"https:\/\/blog.corretoraideal.com.br\/index.php\/wp-json\/wp\/v2\/posts\/52877","targetHints":{"allow":["GET"]}}],"collection":[{"href":"https:\/\/blog.corretoraideal.com.br\/index.php\/wp-json\/wp\/v2\/posts"}],"about":[{"href":"https:\/\/blog.corretoraideal.com.br\/index.php\/wp-json\/wp\/v2\/types\/post"}],"author":[{"embeddable":true,"href":"https:\/\/blog.corretoraideal.com.br\/index.php\/wp-json\/wp\/v2\/users\/1"}],"replies":[{"embeddable":true,"href":"https:\/\/blog.corretoraideal.com.br\/index.php\/wp-json\/wp\/v2\/comments?post=52877"}],"version-history":[{"count":1,"href":"https:\/\/blog.corretoraideal.com.br\/index.php\/wp-json\/wp\/v2\/posts\/52877\/revisions"}],"predecessor-version":[{"id":52884,"href":"https:\/\/blog.corretoraideal.com.br\/index.php\/wp-json\/wp\/v2\/posts\/52877\/revisions\/52884"}],"wp:attachment":[{"href":"https:\/\/blog.corretoraideal.com.br\/index.php\/wp-json\/wp\/v2\/media?parent=52877"}],"wp:term":[{"taxonomy":"category","embeddable":true,"href":"https:\/\/blog.corretoraideal.com.br\/index.php\/wp-json\/wp\/v2\/categories?post=52877"},{"taxonomy":"post_tag","embeddable":true,"href":"https:\/\/blog.corretoraideal.com.br\/index.php\/wp-json\/wp\/v2\/tags?post=52877"}],"curies":[{"name":"wp","href":"https:\/\/api.w.org\/{rel}","templated":true}]}}