{"id":52885,"date":"2023-09-16T13:30:05","date_gmt":"2023-09-16T13:30:05","guid":{"rendered":"https:\/\/blog.corretoraideal.com.br\/?p=52885"},"modified":"2023-09-16T13:30:05","modified_gmt":"2023-09-16T13:30:05","slug":"apple-lanca-adaptador-de-r-349-apos-anunciar-iphone-15-com-entrada-usb-c-tecnologia-g1","status":"publish","type":"post","link":"https:\/\/blog.corretoraideal.com.br\/index.php\/2023\/09\/16\/apple-lanca-adaptador-de-r-349-apos-anunciar-iphone-15-com-entrada-usb-c-tecnologia-g1\/","title":{"rendered":"Apple lan\u00e7a adaptador de R$ 349 ap\u00f3s anunciar iPhone 15 com entrada USB-C | Tecnologia | G1"},"content":{"rendered":"<p>      1 de 4&#013;Adaptador da Apple &#039;converte&#039; cabo Lightning em USB-C \u2014 Foto: Divulga\u00e7\u00e3o\/Apple    <\/p>\n<p> Adaptador da Apple &#039;converte&#039; cabo Lightning em USB-C \u2014 Foto: Divulga\u00e7\u00e3o\/Apple <\/p>\n<p> Com a mudan\u00e7a na entrada de carregador do <a class href=\"https:\/\/g1.globo.com\/tecnologia\/noticia\/2023\/09\/12\/evento-da-apple.ghtml\">iPhone 15, lan\u00e7ado na \u00faltima ter\u00e7a-feira (12)<\/a>, a <a class href=\"https:\/\/g1.globo.com\/tudo-sobre\/apple\/\">Apple<\/a> liberou um novo adaptador em sua loja. O acess\u00f3rio &quot;converte&quot; o cabo Lightning, padr\u00e3o exclusivo da empresa, em um USB-C e custa R$ 349. <\/p>\n<p> O item poder\u00e1 ser \u00fatil para quem tiver carregador Lightning, usado em celulares antigos da Apple, e quiser aproveit\u00e1-lo no iPhone 15 \u2013 ainda n\u00e3o h\u00e1 previs\u00e3o de quando o aparelho ser\u00e1 colocado \u00e0 venda no Brasil. <\/p>\n<p>Como a Apple n\u00e3o vende seus celulares com carregadores, adquirir o adaptador ser\u00e1 uma op\u00e7\u00e3o para quem busca algo na loja oficial da marca. <\/p>\n<p> Uma alternativa mais em conta \u00e9 comprar um carregador (apenas o adaptador de energia que vai na tomada) por a partir de R$ 219. <\/p>\n<p> Para as duas alternativas, h\u00e1 op\u00e7\u00f5es mais baratas em outras lojas, incluindo revendedores oficiais. <\/p>\n<p> A loja oficial da Apple \u00e9 conhecida por ter pre\u00e7os inusitados em produtos menos conhecidos. Em 2021, a empresa <a class href=\"https:\/\/g1.globo.com\/tecnologia\/noticia\/2021\/10\/19\/apple-lanca-paninho-de-r-219-e-gera-piadas-nas-redes-sociais.ghtml\">lan\u00e7ou um pano para limpeza de telas por R$ 219 e gerou piadas nas redes sociais<\/a>. <\/p>\n<p> Para modelos recentes, a empresa tem acess\u00f3rios ainda mais caros: um cabo USB-C com capacidade de transferir dados mais rapidamente, pode custar at\u00e9 R$ 1.849 e uma base para carregar o celular sem fios sai por at\u00e9 R$ 1.799. <\/p>\n<p> <strong>LEIA TAMB\u00c9M:<\/strong> <\/p>\n<ul>\n<li><a class href=\"https:\/\/g1.globo.com\/tecnologia\/noticia\/2023\/09\/13\/iphone-14-tem-ate-r-2800-de-desconto-veja-quanto-sai-cada-versao.ghtml\">Com novo celular, iPhone 14 tem at\u00e9 R$ 2.800 de desconto<\/a><\/li>\n<li><a class href=\"https:\/\/g1.globo.com\/tecnologia\/noticia\/2023\/09\/15\/ios-17-quais-iphones-vao-atualizar-para-o-novo-sistema.ghtml\">iOS 17: quais iPhones v\u00e3o atualizar para o novo sistema?<\/a><\/li>\n<li><a class href=\"https:\/\/g1.globo.com\/tecnologia\/noticia\/2023\/09\/12\/o-que-e-usb-c-padrao-de-conexao-que-o-iphone-passa-a-adotar-depois-de-pressao-sobre-a-apple.ghtml\">O que \u00e9 padr\u00e3o USB-C, que o iPhone adota ap\u00f3s press\u00e3o sobre a Apple<\/a><\/li>\n<\/ul>\n<p>         2 de 4&#013;Adaptador que &#039;converte&#039; cabo Lightning em USB-C custa R$ 349 na loja da Apple \u2014 Foto: Reprodu\u00e7\u00e3o    <\/p>\n<p> Adaptador que &#039;converte&#039; cabo Lightning em USB-C custa R$ 349 na loja da Apple \u2014 Foto: Reprodu\u00e7\u00e3o <\/p>\n<p>         3 de 4&#013;Apple vende cabo com mais capacidade de transfer\u00eancia de dados por R$ 1.849 \u2014 Foto: Reprodu\u00e7\u00e3o    <\/p>\n<p> Apple vende cabo com mais capacidade de transfer\u00eancia de dados por R$ 1.849 \u2014 Foto: Reprodu\u00e7\u00e3o <\/p>\n<p>         4 de 4&#013;Carregador sem fio para iPhone, Apple Watch e AirPods custa R$ 1.799 na loja da Apple \u2014 Foto: Reprodu\u00e7\u00e3o    <\/p>\n<p> Carregador sem fio para iPhone, Apple Watch e AirPods custa R$ 1.799 na loja da Apple \u2014 Foto: Reprodu\u00e7\u00e3o <\/p>\n<p>                   <img loading=\"lazy\" decoding=\"async\" class=\"aligncenter size-full wp-image-52887\" src=\"https:\/\/blog.corretoraideal.com.br\/wp-content\/uploads\/2023\/09\/apple-anuncia-o-lancamento-do-iphone-15-e-outras-novidades-4.jpeg\" alt=\"Apple anuncia o lan\u00e7amento do iPhone 15 e outras novidades\" width=\"800\" height=\"400\" \/>      <\/p>\n<p> Apple anuncia o lan\u00e7amento do iPhone 15 e outras novidades <\/p>\n<p>                    <img loading=\"lazy\" decoding=\"async\" class=\"aligncenter size-full wp-image-52888\" src=\"https:\/\/blog.corretoraideal.com.br\/wp-content\/uploads\/2023\/09\/conheca-o-vision-pro-o-oculos-de-realidade-mista-da-apple-4.jpeg\" alt=\"Conhe\u00e7a o Vision Pro, o \u00f3culos de realidade mista da Apple\" width=\"800\" height=\"400\" \/>      <\/p>\n<p> Conhe\u00e7a o Vision Pro, o \u00f3culos de realidade mista da Apple <\/p>\n<ul>\n<li> <a href=\"https:\/\/g1.globo.com\/tudo-sobre\/apple\/\" class=\"entities__list-itemLink\" data-track-click=\"Apple\"> Apple <\/a> <\/li>\n<\/ul>\n","protected":false},"excerpt":{"rendered":"<p>1 de 4&#013;Adaptador da Apple &#039;converte&#039; cabo Lightning em USB-C \u2014 Foto: Divulga\u00e7\u00e3o\/Apple Adaptador da Apple &#039;converte&#039; cabo Lightning em USB-C \u2014 Foto: Divulga\u00e7\u00e3o\/Apple Com a mudan\u00e7a na entrada de carregador do iPhone 15, lan\u00e7ado na \u00faltima ter\u00e7a-feira (12), a Apple liberou um novo adaptador em sua loja. O acess\u00f3rio &quot;converte&quot; o cabo Lightning, padr\u00e3o [&hellip;]<\/p>\n","protected":false},"author":1,"featured_media":0,"comment_status":"closed","ping_status":"closed","sticky":false,"template":"","format":"standard","meta":{"footnotes":""},"categories":[],"tags":[],"class_list":["post-52885","post","type-post","status-publish","format-standard","hentry"],"_links":{"self":[{"href":"https:\/\/blog.corretoraideal.com.br\/index.php\/wp-json\/wp\/v2\/posts\/52885","targetHints":{"allow":["GET"]}}],"collection":[{"href":"https:\/\/blog.corretoraideal.com.br\/index.php\/wp-json\/wp\/v2\/posts"}],"about":[{"href":"https:\/\/blog.corretoraideal.com.br\/index.php\/wp-json\/wp\/v2\/types\/post"}],"author":[{"embeddable":true,"href":"https:\/\/blog.corretoraideal.com.br\/index.php\/wp-json\/wp\/v2\/users\/1"}],"replies":[{"embeddable":true,"href":"https:\/\/blog.corretoraideal.com.br\/index.php\/wp-json\/wp\/v2\/comments?post=52885"}],"version-history":[{"count":1,"href":"https:\/\/blog.corretoraideal.com.br\/index.php\/wp-json\/wp\/v2\/posts\/52885\/revisions"}],"predecessor-version":[{"id":52889,"href":"https:\/\/blog.corretoraideal.com.br\/index.php\/wp-json\/wp\/v2\/posts\/52885\/revisions\/52889"}],"wp:attachment":[{"href":"https:\/\/blog.corretoraideal.com.br\/index.php\/wp-json\/wp\/v2\/media?parent=52885"}],"wp:term":[{"taxonomy":"category","embeddable":true,"href":"https:\/\/blog.corretoraideal.com.br\/index.php\/wp-json\/wp\/v2\/categories?post=52885"},{"taxonomy":"post_tag","embeddable":true,"href":"https:\/\/blog.corretoraideal.com.br\/index.php\/wp-json\/wp\/v2\/tags?post=52885"}],"curies":[{"name":"wp","href":"https:\/\/api.w.org\/{rel}","templated":true}]}}