{"id":52890,"date":"2023-09-16T15:30:31","date_gmt":"2023-09-16T15:30:31","guid":{"rendered":"https:\/\/blog.corretoraideal.com.br\/?p=52890"},"modified":"2023-09-16T15:30:31","modified_gmt":"2023-09-16T15:30:31","slug":"previsao-do-tempo-no-interior-do-rio-sol-e-calor-neste-fim-de-semana-regiao-dos-lagos-g1","status":"publish","type":"post","link":"https:\/\/blog.corretoraideal.com.br\/index.php\/2023\/09\/16\/previsao-do-tempo-no-interior-do-rio-sol-e-calor-neste-fim-de-semana-regiao-dos-lagos-g1\/","title":{"rendered":"Previs\u00e3o do tempo no interior do Rio: sol e calor neste fim de semana | Regi\u00e3o dos Lagos | G1"},"content":{"rendered":"<p>      1 de 1&#013;Praia do Forte, em Cabo Frio \u2014 Foto: B\u00e1rbara Mello    <\/p>\n<p> Praia do Forte, em Cabo Frio \u2014 Foto: B\u00e1rbara Mello <\/p>\n<p> O fim de semana chegou e, para quem est\u00e1 no interior do estado do Rio, as condi\u00e7\u00f5es do tempo s\u00e3o importantes para planejar atividades. Veja o que esperar para este s\u00e1bado (16) e domingo (17) nas cidades da Regi\u00e3o Serrana, Norte Fluminense e Regi\u00e3o dos Lagos. <\/p>\n<p><h2><strong>Sol e temperaturas em eleva\u00e7\u00e3o neste s\u00e1bado<\/strong><\/h2>\n<\/p>\n<p> Neste s\u00e1bado (16), o dia come\u00e7ou com muitas nuvens, mas um sistema de alta press\u00e3o sobre o oceano garantiu a estabilidade no clima em todo o estado do Rio de Janeiro. Isso significa que o sol vai permanecer ao longo do dia. N\u00e3o h\u00e1 previs\u00e3o de chuva em nenhuma regi\u00e3o, e as temperaturas voltam a subir. Na cidade de Cabo Frio, na Regi\u00e3o dos Lagos, a m\u00e1xima pode chegar a 29\u00b0C, proporcionando um dia agrad\u00e1vel. <\/p>\n<p><h2><strong>Tempo firme e ensolarado neste domingo<\/strong><\/h2>\n<\/p>\n<p> No domingo (17), a previs\u00e3o \u00e9 de tempo firme e ensolarado em todo o estado. Mais uma vez, n\u00e3o h\u00e1 expectativa de chuva. O calor retorna, e a m\u00e1xima na cidade de Cabo Frio pode chegar a 34\u00b0C. Ser\u00e1 um dia ideal para atividades ao ar livre e para aproveitar o sol. <\/p>\n<p> Fique atento a essas informa\u00e7\u00f5es ao planejar o seu fim de semana. Aproveite as condi\u00e7\u00f5es favor\u00e1veis do tempo para desfrutar de momentos ao ar livre e se refrescar com o calor do sol. A seguran\u00e7a e o bem-estar s\u00e3o essenciais para um fim de semana tranquilo e agrad\u00e1vel no interior do Rio de Janeiro. <\/p>\n<ul> <\/ul>\n","protected":false},"excerpt":{"rendered":"<p>1 de 1&#013;Praia do Forte, em Cabo Frio \u2014 Foto: B\u00e1rbara Mello Praia do Forte, em Cabo Frio \u2014 Foto: B\u00e1rbara Mello O fim de semana chegou e, para quem est\u00e1 no interior do estado do Rio, as condi\u00e7\u00f5es do tempo s\u00e3o importantes para planejar atividades. Veja o que esperar para este s\u00e1bado (16) e [&hellip;]<\/p>\n","protected":false},"author":1,"featured_media":0,"comment_status":"closed","ping_status":"closed","sticky":false,"template":"","format":"standard","meta":{"footnotes":""},"categories":[],"tags":[],"class_list":["post-52890","post","type-post","status-publish","format-standard","hentry"],"_links":{"self":[{"href":"https:\/\/blog.corretoraideal.com.br\/index.php\/wp-json\/wp\/v2\/posts\/52890","targetHints":{"allow":["GET"]}}],"collection":[{"href":"https:\/\/blog.corretoraideal.com.br\/index.php\/wp-json\/wp\/v2\/posts"}],"about":[{"href":"https:\/\/blog.corretoraideal.com.br\/index.php\/wp-json\/wp\/v2\/types\/post"}],"author":[{"embeddable":true,"href":"https:\/\/blog.corretoraideal.com.br\/index.php\/wp-json\/wp\/v2\/users\/1"}],"replies":[{"embeddable":true,"href":"https:\/\/blog.corretoraideal.com.br\/index.php\/wp-json\/wp\/v2\/comments?post=52890"}],"version-history":[{"count":1,"href":"https:\/\/blog.corretoraideal.com.br\/index.php\/wp-json\/wp\/v2\/posts\/52890\/revisions"}],"predecessor-version":[{"id":52892,"href":"https:\/\/blog.corretoraideal.com.br\/index.php\/wp-json\/wp\/v2\/posts\/52890\/revisions\/52892"}],"wp:attachment":[{"href":"https:\/\/blog.corretoraideal.com.br\/index.php\/wp-json\/wp\/v2\/media?parent=52890"}],"wp:term":[{"taxonomy":"category","embeddable":true,"href":"https:\/\/blog.corretoraideal.com.br\/index.php\/wp-json\/wp\/v2\/categories?post=52890"},{"taxonomy":"post_tag","embeddable":true,"href":"https:\/\/blog.corretoraideal.com.br\/index.php\/wp-json\/wp\/v2\/tags?post=52890"}],"curies":[{"name":"wp","href":"https:\/\/api.w.org\/{rel}","templated":true}]}}