{"id":52893,"date":"2023-09-16T16:30:27","date_gmt":"2023-09-16T16:30:27","guid":{"rendered":"https:\/\/blog.corretoraideal.com.br\/?p=52893"},"modified":"2023-09-16T16:30:27","modified_gmt":"2023-09-16T16:30:27","slug":"fotos-188a-oktoberfest-comeca-em-munique-com-expectativa-de-receber-6-milhoes-de-pessoas-mundo-g1","status":"publish","type":"post","link":"https:\/\/blog.corretoraideal.com.br\/index.php\/2023\/09\/16\/fotos-188a-oktoberfest-comeca-em-munique-com-expectativa-de-receber-6-milhoes-de-pessoas-mundo-g1\/","title":{"rendered":"FOTOS: 188\u00aa Oktoberfest come\u00e7a em Munique com expectativa de receber 6 milh\u00f5es de pessoas | Mundo | G1"},"content":{"rendered":"\n<p> Milhares de pessoas participaram neste s\u00e1bado (16) da abertura oficial da 188\u00aa edi\u00e7\u00e3o tradicional Oktoberfest de Munique, na <a class href=\"https:\/\/g1.globo.com\/tudo-sobre\/alemanha\/\">Alemanha<\/a>, que \u00e9 considerada a maior festa mundial da cerveja. <\/p>\n<p> <strong>\u2705<\/strong><a class href=\"https:\/\/www.whatsapp.com\/channel\/0029Va2ll12AInPbyd8p933r\" target=\"_blank\" rel=\"noopener noreferrer\"><strong>Clique aqui para seguir o novo canal do g1 no WhatsApp<\/strong><\/a><strong>.<\/strong> <\/p>\n<p> \u26a0\ufe0fO grupo antigo ser\u00e1 desativado. Mesmo que voc\u00ea j\u00e1 fa\u00e7a parte da nossa comunidade, \u00e9 preciso se inscrever novamente. <\/p>\n<p> O prefeito de Munique, Dieter Reiter, abriu o primeiro barril de cerveja com dois golpes de martelo e as palavras \u201cO&#x27;zapft is\u201d (algo como &quot;est\u00e1 aberto&quot;, em dialeto b\u00e1varo). <\/p>\n<p> Segundo os organizadores, s\u00e3o esperados mais de 6 milh\u00f5es de visitantes at\u00e9 3 de outubro. <\/p>\n<p> Uma caneca de 1 litro custa entre 12,60 euros e 14,90 euros (cerca de R$ 65,40 e R$ 77,34 na convers\u00e3o atual) este ano, um aumento de cerca de 6% em rela\u00e7\u00e3o ao ano passado. <\/p>\n<p><h2>Veja fotos:<\/h2>\n<\/p>\n<ul>\n<li> <a href=\"https:\/\/g1.globo.com\/tudo-sobre\/alemanha\/\" class=\"entities__list-itemLink\" data-track-click=\"Alemanha\"> Alemanha <\/a> <\/li>\n<\/ul>\n","protected":false},"excerpt":{"rendered":"<p>Milhares de pessoas participaram neste s\u00e1bado (16) da abertura oficial da 188\u00aa edi\u00e7\u00e3o tradicional Oktoberfest de Munique, na Alemanha, que \u00e9 considerada a maior festa mundial da cerveja. \u2705Clique aqui para seguir o novo canal do g1 no WhatsApp. \u26a0\ufe0fO grupo antigo ser\u00e1 desativado. Mesmo que voc\u00ea j\u00e1 fa\u00e7a parte da nossa comunidade, \u00e9 preciso [&hellip;]<\/p>\n","protected":false},"author":1,"featured_media":0,"comment_status":"closed","ping_status":"closed","sticky":false,"template":"","format":"standard","meta":{"footnotes":""},"categories":[],"tags":[],"class_list":["post-52893","post","type-post","status-publish","format-standard","hentry"],"_links":{"self":[{"href":"https:\/\/blog.corretoraideal.com.br\/index.php\/wp-json\/wp\/v2\/posts\/52893","targetHints":{"allow":["GET"]}}],"collection":[{"href":"https:\/\/blog.corretoraideal.com.br\/index.php\/wp-json\/wp\/v2\/posts"}],"about":[{"href":"https:\/\/blog.corretoraideal.com.br\/index.php\/wp-json\/wp\/v2\/types\/post"}],"author":[{"embeddable":true,"href":"https:\/\/blog.corretoraideal.com.br\/index.php\/wp-json\/wp\/v2\/users\/1"}],"replies":[{"embeddable":true,"href":"https:\/\/blog.corretoraideal.com.br\/index.php\/wp-json\/wp\/v2\/comments?post=52893"}],"version-history":[{"count":1,"href":"https:\/\/blog.corretoraideal.com.br\/index.php\/wp-json\/wp\/v2\/posts\/52893\/revisions"}],"predecessor-version":[{"id":52895,"href":"https:\/\/blog.corretoraideal.com.br\/index.php\/wp-json\/wp\/v2\/posts\/52893\/revisions\/52895"}],"wp:attachment":[{"href":"https:\/\/blog.corretoraideal.com.br\/index.php\/wp-json\/wp\/v2\/media?parent=52893"}],"wp:term":[{"taxonomy":"category","embeddable":true,"href":"https:\/\/blog.corretoraideal.com.br\/index.php\/wp-json\/wp\/v2\/categories?post=52893"},{"taxonomy":"post_tag","embeddable":true,"href":"https:\/\/blog.corretoraideal.com.br\/index.php\/wp-json\/wp\/v2\/tags?post=52893"}],"curies":[{"name":"wp","href":"https:\/\/api.w.org\/{rel}","templated":true}]}}