{"id":52896,"date":"2023-09-16T17:30:21","date_gmt":"2023-09-16T17:30:21","guid":{"rendered":"https:\/\/blog.corretoraideal.com.br\/?p=52896"},"modified":"2023-09-16T17:30:21","modified_gmt":"2023-09-16T17:30:21","slug":"brasileiro-lucra-com-criacao-de-galos-gigantes-que-custam-r-20-mil-agronegocios-g1","status":"publish","type":"post","link":"https:\/\/blog.corretoraideal.com.br\/index.php\/2023\/09\/16\/brasileiro-lucra-com-criacao-de-galos-gigantes-que-custam-r-20-mil-agronegocios-g1\/","title":{"rendered":"Brasileiro lucra com cria\u00e7\u00e3o de galos gigantes que custam R$ 20 mil | Agroneg\u00f3cios | G1"},"content":{"rendered":"\n<ul>\n<li>\n<p> Esp\u00e9cie &#x27;\u00cdndio Gigante&#x27; pode medir mais de 1,20 m de altura. <\/p>\n<\/li>\n<li>\n<p> Cruzamento de aves caipiras com combatentes originou o &#x27;supergalo&#x27;, que aguarda reconhecimento formal como uma nova ra\u00e7a. <\/p>\n<\/li>\n<li>\n<p> Cada ave \u00e9 vendida por R$ 20 mil. <\/p>\n<\/li>\n<\/ul>\n<p> Esp\u00e9cie &#x27;\u00cdndio Gigante&#x27; pode medir mais de 1,20 m de altura. <\/p>\n<p> Cruzamento de aves caipiras com combatentes originou o &#x27;supergalo&#x27;, que aguarda reconhecimento formal como uma nova ra\u00e7a. <\/p>\n<p> Cada ave \u00e9 vendida por R$ 20 mil. <\/p>\n<p> O tamanho surpreendente da maior esp\u00e9cie de galo do mundo reflete no nome e pre\u00e7o dos &quot;\u00cdndios Gigantes&quot;, que<strong> podem medir mais de 1,20 metro de altura.<\/strong> <\/p>\n<p> As aves ainda <strong>aguardam o reconhecimento formal como uma nova ra\u00e7a<\/strong>, mas j\u00e1 s\u00e3o vendidas por <strong>R$ 20 mil cada <\/strong>por um avicultor brasileiro. <\/p>\n<p> Quando Rubens Braz come\u00e7ou a criar galinhas como um hobby, ele n\u00e3o tinha ideia do tamanho que a opera\u00e7\u00e3o &#8212; ou as aves &#8212; alcan\u00e7aria. <\/p>\n<p> Agora, depois de 20 anos, o avicultor cria galos gigantes na Regi\u00e3o Central. Segundo ele, o neg\u00f3cio de pequena escala est\u00e1 ganhando for\u00e7a com o aumento das vendas em todo o pa\u00eds. <\/p>\n<p>&quot;No in\u00edcio, era um hobby (&#8230;) Depois, outros criadores se interessaram e hoje temos uma opera\u00e7\u00e3o comercial&quot;, disse Braz, em uma de suas granjas no Estado de Goi\u00e1s.<\/p>\n<p> A empresa do avicultor ainda atua em um nicho restrito no Brasil, que \u00e9 o principal exportador de carne de frango do mundo e o segundo maior produtor global, atr\u00e1s dos EUA. <\/p>\n<ul>\n<li><a class href=\"https:\/\/g1.globo.com\/economia\/agronegocios\/noticia\/2023\/07\/08\/skincare-quarto-privativo-e-seguranca-24-horas-a-rotina-da-vaca-brasileira-que-e-a-mais-valiosa-do-mundo.ghtml\">&#x27;Skincare&#x27;, &#x27;quarto&#x27; privativo e seguran\u00e7a: a rotina da vaca brasileira que \u00e9 a mais valiosa do mundo<\/a><\/li>\n<\/ul>\n<p>         2 de 3&#013;Agr\u00f4nomo Rubens Braz posa ao lado de seu galo \u00cdndio Gigante Urubu chamado Galalau \u2014 Foto: Reuters\/Ueslei Marcelino    <\/p>\n<p> Agr\u00f4nomo Rubens Braz posa ao lado de seu galo \u00cdndio Gigante Urubu chamado Galalau \u2014 Foto: Reuters\/Ueslei Marcelino <\/p>\n<p><h2>Produ\u00e7\u00e3o de ovos?<\/h2>\n<\/p>\n<p> Como a<a class href=\"https:\/\/g1.globo.com\/economia\/agronegocios\/noticia\/2023\/05\/15\/ministerio-da-agricultura-alerta-sobre-casos-de-gripe-aviaria-em-aves-silvestres-no-espirito-santo.ghtml\"> crise global da gripe avi\u00e1ria prejudicou os neg\u00f3cios<\/a> este ano, limitando o transporte de animais vivos \u00e0 medida que o <strong>pa\u00eds tenta evitar a contamina\u00e7\u00e3o em granjas comerciais<\/strong>, Braz conta que se concentrou no <strong>fornecimento de ovos produzidos para fazendeiros pr\u00f3ximos<\/strong>. <\/p>\n<p> <strong>Saiba mais: <\/strong> <\/p>\n<ul>\n<li><strong>Gripe avi\u00e1ria:<\/strong> <a class href=\"https:\/\/g1.globo.com\/economia\/agronegocios\/noticia\/2023\/05\/30\/gripe-aviaria-como-humanos-pegam-quantas-pessoas-ja-foram-infectadas-tire-duvidas.ghtml\">Como humanos pegam? Quantas pessoas j\u00e1 foram infectadas? Tire d\u00favidas<\/a><\/li>\n<\/ul>\n<p>         3 de 3&#013;Galo gigante chamado de Galalau ao lado de galinha com tamanho convencional \u2014 Foto: Reuters\/Ueslei Marcelino    <\/p>\n<p> Galo gigante chamado de Galalau ao lado de galinha com tamanho convencional \u2014 Foto: Reuters\/Ueslei Marcelino <\/p>\n<p> Atualmente, as <strong>granjas do avicultor abrigam cerca de 300 aves.<\/strong> <\/p>\n<p> Embora isso n\u00e3o seja suficiente para atender ao setor de carnes, ele disse que h\u00e1 muita demanda por parte de colecionadores e fazendeiros que buscam refor\u00e7ar seus lotes de galinhas caipiras, ou animais sem gaiolas criados em pequenas propriedades principalmente para fins de subsist\u00eancia <\/p>\n<p><h2>Origem do \u00cdndio Gigante?<\/h2>\n<\/p>\n<p> Segundo informa\u00e7\u00e3o do site da empresa, o &quot;\u00cdndio Gigante&quot; \u00e9 o resultado do cruzamento de aves caipiras com ra\u00e7as combatentes. <\/p>\n<p>&quot;S\u00e3o r\u00fasticos, bons produtores de carne e ovos&quot;, diz, destacando que a esp\u00e9cie \u00e9 indicada tamb\u00e9m para cruzamento com outras ra\u00e7as para melhoramento de um plantel.<\/p>\n<p><h2>Assista: s\u00e9rie do g1 mostra caminho da comida at\u00e9 a sua mesa<\/h2>\n<\/p>\n<p>                   <img loading=\"lazy\" decoding=\"async\" class=\"aligncenter size-full wp-image-52898\" src=\"https:\/\/blog.corretoraideal.com.br\/wp-content\/uploads\/2023\/09\/ovo-caipira-organico-convencional-e-enriquecido-g1-explica-as-diferencas.jpeg\" alt=\"Ovo caipira, org\u00e2nico, convencional e enriquecido: g1 explica as diferen\u00e7as\" width=\"800\" height=\"400\" \/>      <\/p>\n<p> Ovo caipira, org\u00e2nico, convencional e enriquecido: g1 explica as diferen\u00e7as <\/p>\n<p>                    <img loading=\"lazy\" decoding=\"async\" class=\"aligncenter size-full wp-image-52899\" src=\"https:\/\/blog.corretoraideal.com.br\/wp-content\/uploads\/2023\/09\/de-onde-vem-batata.jpeg\" alt=\"De onde vem: batata \" width=\"800\" height=\"400\" \/>      <\/p>\n<p> De onde vem: batata &#8216;dorme&#8217; por meses e s\u00f3 suas netas v\u00e3o para os mercados <\/p>\n<p>                    <img loading=\"lazy\" decoding=\"async\" class=\"aligncenter size-full wp-image-52900\" src=\"https:\/\/blog.corretoraideal.com.br\/wp-content\/uploads\/2023\/09\/de-onde-vem-o-que-eu-como-tilapia.jpeg\" alt=\"De onde vem o que eu como: til\u00e1pia\" width=\"800\" height=\"400\" \/>      <\/p>\n<p> De onde vem o que eu como: til\u00e1pia <\/p>\n<p>                    <img loading=\"lazy\" decoding=\"async\" class=\"aligncenter size-full wp-image-52901\" src=\"https:\/\/blog.corretoraideal.com.br\/wp-content\/uploads\/2023\/09\/de-onde-vem-o-que-eu-como-milho.jpeg\" alt=\"De onde vem o que eu como: Milho\" width=\"800\" height=\"400\" \/>      <\/p>\n<p> De onde vem o que eu como: Milho <\/p>\n<ul> <\/ul>\n","protected":false},"excerpt":{"rendered":"<p>Esp\u00e9cie &#x27;\u00cdndio Gigante&#x27; pode medir mais de 1,20 m de altura. Cruzamento de aves caipiras com combatentes originou o &#x27;supergalo&#x27;, que aguarda reconhecimento formal como uma nova ra\u00e7a. Cada ave \u00e9 vendida por R$ 20 mil. Esp\u00e9cie &#x27;\u00cdndio Gigante&#x27; pode medir mais de 1,20 m de altura. Cruzamento de aves caipiras com combatentes originou o [&hellip;]<\/p>\n","protected":false},"author":1,"featured_media":0,"comment_status":"closed","ping_status":"closed","sticky":false,"template":"","format":"standard","meta":{"footnotes":""},"categories":[],"tags":[],"class_list":["post-52896","post","type-post","status-publish","format-standard","hentry"],"_links":{"self":[{"href":"https:\/\/blog.corretoraideal.com.br\/index.php\/wp-json\/wp\/v2\/posts\/52896","targetHints":{"allow":["GET"]}}],"collection":[{"href":"https:\/\/blog.corretoraideal.com.br\/index.php\/wp-json\/wp\/v2\/posts"}],"about":[{"href":"https:\/\/blog.corretoraideal.com.br\/index.php\/wp-json\/wp\/v2\/types\/post"}],"author":[{"embeddable":true,"href":"https:\/\/blog.corretoraideal.com.br\/index.php\/wp-json\/wp\/v2\/users\/1"}],"replies":[{"embeddable":true,"href":"https:\/\/blog.corretoraideal.com.br\/index.php\/wp-json\/wp\/v2\/comments?post=52896"}],"version-history":[{"count":1,"href":"https:\/\/blog.corretoraideal.com.br\/index.php\/wp-json\/wp\/v2\/posts\/52896\/revisions"}],"predecessor-version":[{"id":52902,"href":"https:\/\/blog.corretoraideal.com.br\/index.php\/wp-json\/wp\/v2\/posts\/52896\/revisions\/52902"}],"wp:attachment":[{"href":"https:\/\/blog.corretoraideal.com.br\/index.php\/wp-json\/wp\/v2\/media?parent=52896"}],"wp:term":[{"taxonomy":"category","embeddable":true,"href":"https:\/\/blog.corretoraideal.com.br\/index.php\/wp-json\/wp\/v2\/categories?post=52896"},{"taxonomy":"post_tag","embeddable":true,"href":"https:\/\/blog.corretoraideal.com.br\/index.php\/wp-json\/wp\/v2\/tags?post=52896"}],"curies":[{"name":"wp","href":"https:\/\/api.w.org\/{rel}","templated":true}]}}