{"id":52903,"date":"2023-09-16T18:29:39","date_gmt":"2023-09-16T18:29:39","guid":{"rendered":"https:\/\/blog.corretoraideal.com.br\/?p=52903"},"modified":"2023-09-16T18:29:39","modified_gmt":"2023-09-16T18:29:39","slug":"apple-watch-9-tem-controle-por-gestos-veja-precos-e-mais-novidades-do-relogio-tecnologia-g1","status":"publish","type":"post","link":"https:\/\/blog.corretoraideal.com.br\/index.php\/2023\/09\/16\/apple-watch-9-tem-controle-por-gestos-veja-precos-e-mais-novidades-do-relogio-tecnologia-g1\/","title":{"rendered":"Apple Watch 9 tem controle por gestos; veja pre\u00e7os e mais novidades do rel\u00f3gio | Tecnologia | G1"},"content":{"rendered":"\n<ul>\n<li>\n<p> Rel\u00f3gios inteligentes Apple Watch chegam \u00e0 nona gera\u00e7\u00e3o <\/p>\n<\/li>\n<li>\n<p> Veja todos os pre\u00e7os para o Brasil <\/p>\n<\/li>\n<li>\n<p> Eles ter\u00e3o um novo processador, mais eficiente e r\u00e1pido, segundo a fabricante <\/p>\n<\/li>\n<li>\n<p> E permitir\u00e3o atender e encerrar chamadas, tocar e pausa m\u00fasicas s\u00f3 com o estalar de dedos <\/p>\n<\/li>\n<\/ul>\n<p> Rel\u00f3gios inteligentes Apple Watch chegam \u00e0 nona gera\u00e7\u00e3o <\/p>\n<p> Veja todos os pre\u00e7os para o Brasil <\/p>\n<p> Eles ter\u00e3o um novo processador, mais eficiente e r\u00e1pido, segundo a fabricante <\/p>\n<p> E permitir\u00e3o atender e encerrar chamadas, tocar e pausa m\u00fasicas s\u00f3 com o estalar de dedos <\/p>\n<p> Double tap Apple Watch Serie 9 \u2014 Foto: Divulga\u00e7\u00e3o \/ Apple <\/p>\n<p> O controle por gestos \u00e9 uma das novidades da nova gera\u00e7\u00e3o do <a class href=\"https:\/\/g1.globo.com\/tudo-sobre\/apple\/\">Apple<\/a> Watch, apresentou nesta ter\u00e7a-feira (12), junto com<a class href=\"https:\/\/g1.globo.com\/tecnologia\/noticia\/2023\/09\/12\/evento-da-apple.ghtml\"> a linha iPhone 15 <\/a>(<a class href=\"https:\/\/g1.globo.com\/tecnologia\/ao-vivo\/apple-iphone-15.ghtml\">veja os pre\u00e7os do smartphone<\/a>). <\/p>\n<p> A Apple mostrou os novos rel\u00f3gios inteligentes (<a class href=\"https:\/\/g1.globo.com\/especiais\/guia-de-compras\/noticia\/2023\/02\/03\/8-smartwatches-para-todo-tipo-de-atividade-fisica.ghtml\">smartwatches<\/a>) em uma apresenta\u00e7\u00e3o gravada, como tem feito nos \u00faltimos anos. Nos Estados Unidos, os aparelhos ser\u00e3o lan\u00e7ados no pr\u00f3ximo dia 22. <\/p>\n<p> <strong>Veja pre\u00e7os dos novos Apple Watch no Brasil:<\/strong> <\/p>\n<ul>\n<li>A<strong>pple Watch 9 em alum\u00ednio:<\/strong> a partir de R$ 4.999<\/li>\n<li><strong>Apple Watch 9 em a\u00e7o inoxid\u00e1vel <\/strong>: a partir de R$ 8.499<\/li>\n<li><strong>Apple Watch Ultra 2:<\/strong> a partir de R$ 9.699<\/li>\n<\/ul>\n<p> O primeiro produto revelado foi o Apple Watch Series 9, que \u00e9 equipado com o novo chip S9 e tamb\u00e9m conta uma tela que poder\u00e1 ficar duas vezes mais brilhante do que no Series 8. <\/p>\n<p> A empresa anunciou ainda o Apple Watch Ultra 2, que promete at\u00e9 72 horas de uso com uma carga. <\/p>\n<p>O recurso &quot;Double Tap&quot;, em que o usu\u00e1rio toca o ded\u00e3o duas vezes com o dedo indicador, estalando os dedos, vai permitir atender ou encerrar chamadas, tocar e pausar m\u00fasica e alarmes.<\/p>\n<p> Outros gestos que tamb\u00e9m ser\u00e3o entendidos s\u00e3o o clique, o &quot;varrer&quot; (para mudar de tela) e o levantar do pulso. <\/p>\n<p>         1 de 2&#013;Apple Watch Ultra 2 \u2014 Foto: Reprodu\u00e7\u00e3o \/ Apple    <\/p>\n<p> Apple Watch Ultra 2 \u2014 Foto: Reprodu\u00e7\u00e3o \/ Apple <\/p>\n<p> <strong>Leia tamb\u00e9m:<\/strong> <\/p>\n<ul>\n<li><a class href=\"https:\/\/g1.globo.com\/tecnologia\/noticia\/2023\/09\/12\/iphone-15-vs-14-veja-comparacao-de-precos-no-brasil.ghtml\">iPhone 15 \u00e9 mais barato que o 14; antigos t\u00eam desconto<\/a><\/li>\n<li><a class href=\"https:\/\/g1.globo.com\/tecnologia\/noticia\/2023\/09\/12\/evento-da-apple.ghtml\">Apple adiciona entrada USB-C para carregador e novas c\u00e2meras <\/a><\/li>\n<\/ul>\n<p> A Siri, assistente virtual da Apple, pela primeira vez atender\u00e1 a comandos no aparelho. Aqueles que n\u00e3o necessitarem de pesquisa na internet, como criar um alarme, ser\u00e3o atendidos mesmo se o smartwatch estiver sem wi-fi ou rede de celular. <\/p>\n<p> A assistente tamb\u00e9m ter\u00e1 acesso a dados sobre a sa\u00fade do usu\u00e1rio, que poder\u00e1, por exemplo, perguntar quantas horas dormiu na noite anterior. <\/p>\n<p> Tamb\u00e9m ser\u00e1 poss\u00edvel compartilhar suas informa\u00e7\u00f5es de contato ao aproximar o Apple Watch com o rel\u00f3gio inteligente de outra pessoa. E tamb\u00e9m contar\u00e1 com o sistema que permite encontrar o iPhone. <\/p>\n<p> Toda a linha passar\u00e1 a rodar com o sistema &quot;watchOS 10&quot;, que, segundo a Apple, tem novo design de app, recursos adicionais para trilha e ciclismo, al\u00e9m de ferramentas para dar suporte \u00e0 sa\u00fade mental do usu\u00e1rio. <\/p>\n<p> Entre as cores, a novidade \u00e9 a op\u00e7\u00e3o da rosa. <\/p>\n<p>         2 de 2&#013;Apple Watch Ultra 2 permite se conectar com outros dispositivos enquanto usu\u00e1rio realiza exerc\u00edcios \u2014 Foto: Reprodu\u00e7\u00e3o \/ Apple    <\/p>\n<p> Apple Watch Ultra 2 permite se conectar com outros dispositivos enquanto usu\u00e1rio realiza exerc\u00edcios \u2014 Foto: Reprodu\u00e7\u00e3o \/ Apple <\/p>\n<p> <strong>Leia ainda:<\/strong> <\/p>\n<ul>\n<li><a class href=\"https:\/\/g1.globo.com\/especiais\/guia-de-compras\/noticia\/2023\/02\/03\/8-smartwatches-para-todo-tipo-de-atividade-fisica.ghtml\">Oito smartwatches para todo tipo de atividade f\u00edsica<\/a><\/li>\n<li><a class href=\"https:\/\/g1.globo.com\/tecnologia\/noticia\/2023\/09\/11\/iphone-15-3-polemicas-e-curiosidades-do-novo-lancamento-da-apple.ghtml\">Tr\u00eas pol\u00eamicas e curiosidades do novo lan\u00e7amento da Apple<\/a><\/li>\n<\/ul>\n<p>                   <img loading=\"lazy\" decoding=\"async\" class=\"aligncenter size-full wp-image-52905\" src=\"https:\/\/blog.corretoraideal.com.br\/wp-content\/uploads\/2023\/09\/apple-anuncia-o-lancamento-do-apple-15-e-outras-novidades-2.jpeg\" alt=\"Apple anuncia o lan\u00e7amento do Apple 15 e outras novidades\" width=\"800\" height=\"400\" \/>      <\/p>\n<p> Apple anuncia o lan\u00e7amento do Apple 15 e outras novidades <\/p>\n<p> <strong>Guia de compras do g1 ensina:<\/strong> <\/p>\n<p>                   <img loading=\"lazy\" decoding=\"async\" class=\"aligncenter size-full wp-image-52906\" src=\"https:\/\/blog.corretoraideal.com.br\/wp-content\/uploads\/2023\/09\/como-escolher-um-smartwatch.jpeg\" alt=\"Como escolher um smartwatch\" width=\"800\" height=\"400\" \/>      <\/p>\n<p> Como escolher um smartwatch <\/p>\n<ul>\n<li> <a href=\"https:\/\/g1.globo.com\/tudo-sobre\/apple\/\" class=\"entities__list-itemLink\" data-track-click=\"Apple\"> Apple <\/a> <\/li>\n<\/ul>\n","protected":false},"excerpt":{"rendered":"<p>Rel\u00f3gios inteligentes Apple Watch chegam \u00e0 nona gera\u00e7\u00e3o Veja todos os pre\u00e7os para o Brasil Eles ter\u00e3o um novo processador, mais eficiente e r\u00e1pido, segundo a fabricante E permitir\u00e3o atender e encerrar chamadas, tocar e pausa m\u00fasicas s\u00f3 com o estalar de dedos Rel\u00f3gios inteligentes Apple Watch chegam \u00e0 nona gera\u00e7\u00e3o Veja todos os pre\u00e7os [&hellip;]<\/p>\n","protected":false},"author":1,"featured_media":0,"comment_status":"closed","ping_status":"closed","sticky":false,"template":"","format":"standard","meta":{"footnotes":""},"categories":[],"tags":[],"class_list":["post-52903","post","type-post","status-publish","format-standard","hentry"],"_links":{"self":[{"href":"https:\/\/blog.corretoraideal.com.br\/index.php\/wp-json\/wp\/v2\/posts\/52903","targetHints":{"allow":["GET"]}}],"collection":[{"href":"https:\/\/blog.corretoraideal.com.br\/index.php\/wp-json\/wp\/v2\/posts"}],"about":[{"href":"https:\/\/blog.corretoraideal.com.br\/index.php\/wp-json\/wp\/v2\/types\/post"}],"author":[{"embeddable":true,"href":"https:\/\/blog.corretoraideal.com.br\/index.php\/wp-json\/wp\/v2\/users\/1"}],"replies":[{"embeddable":true,"href":"https:\/\/blog.corretoraideal.com.br\/index.php\/wp-json\/wp\/v2\/comments?post=52903"}],"version-history":[{"count":1,"href":"https:\/\/blog.corretoraideal.com.br\/index.php\/wp-json\/wp\/v2\/posts\/52903\/revisions"}],"predecessor-version":[{"id":52907,"href":"https:\/\/blog.corretoraideal.com.br\/index.php\/wp-json\/wp\/v2\/posts\/52903\/revisions\/52907"}],"wp:attachment":[{"href":"https:\/\/blog.corretoraideal.com.br\/index.php\/wp-json\/wp\/v2\/media?parent=52903"}],"wp:term":[{"taxonomy":"category","embeddable":true,"href":"https:\/\/blog.corretoraideal.com.br\/index.php\/wp-json\/wp\/v2\/categories?post=52903"},{"taxonomy":"post_tag","embeddable":true,"href":"https:\/\/blog.corretoraideal.com.br\/index.php\/wp-json\/wp\/v2\/tags?post=52903"}],"curies":[{"name":"wp","href":"https:\/\/api.w.org\/{rel}","templated":true}]}}