{"id":52909,"date":"2023-09-16T22:30:30","date_gmt":"2023-09-16T22:30:30","guid":{"rendered":"https:\/\/blog.corretoraideal.com.br\/?p=52909"},"modified":"2023-09-16T22:30:30","modified_gmt":"2023-09-16T22:30:30","slug":"entenda-o-mercado-livre-de-energia-eletrica-e-como-pode-afetar-a-conta-de-luz-economia-g1","status":"publish","type":"post","link":"https:\/\/blog.corretoraideal.com.br\/index.php\/2023\/09\/16\/entenda-o-mercado-livre-de-energia-eletrica-e-como-pode-afetar-a-conta-de-luz-economia-g1\/","title":{"rendered":"Entenda o mercado livre de energia el\u00e9trica e como pode afetar a conta de luz | Economia | G1"},"content":{"rendered":"\n<ul>\n<li>\n<p> Conta de luz deve ficar mais barata para com\u00e9rcios e ind\u00fastrias que migrarem para o mercado livre <\/p>\n<\/li>\n<li>\n<p> Entretanto, para o consumidor do chamado &#x27;mercado cativo&#x27;, composto por resid\u00eancias urbanas e rurais que n\u00e3o podem migrar, tarifas podem aumentar <\/p>\n<\/li>\n<li>\n<p> Isso porque, entre outros motivos, a sa\u00edda de com\u00e9rcios e ind\u00fastrias do mercado far\u00e1 com que menos consumidores arquem com o custo da utiliza\u00e7\u00e3o de fontes de energia mais cara <\/p>\n<\/li>\n<li>\n<p> Para migrar para o consumidor de alta tens\u00e3o, as empresas precisam notificar a sua distribuidora 6 meses antes do vencimento do contratual anual <\/p>\n<\/li>\n<\/ul>\n<p> Conta de luz deve ficar mais barata para com\u00e9rcios e ind\u00fastrias que migrarem para o mercado livre <\/p>\n<p> Entretanto, para o consumidor do chamado &#x27;mercado cativo&#x27;, composto por resid\u00eancias urbanas e rurais que n\u00e3o podem migrar, tarifas podem aumentar <\/p>\n<p> Isso porque, entre outros motivos, a sa\u00edda de com\u00e9rcios e ind\u00fastrias do mercado far\u00e1 com que menos consumidores arquem com o custo da utiliza\u00e7\u00e3o de fontes de energia mais cara <\/p>\n<p> Para migrar para o consumidor de alta tens\u00e3o, as empresas precisam notificar a sua distribuidora 6 meses antes do vencimento do contratual anual <\/p>\n<p>         1 de 1&#013;Torres de transmiss\u00e3o de energia el\u00e9trica no Par\u00e1. \u2014 Foto: Paulo Santos\/Reuters    <\/p>\n<p> Torres de transmiss\u00e3o de energia el\u00e9trica no Par\u00e1. \u2014 Foto: Paulo Santos\/Reuters <\/p>\n<p> As distribuidoras de energia el\u00e9trica devem perder 5.301 clientes, ou 1% do seu mercado, com a migra\u00e7\u00e3o de consumidores ligados em alta tens\u00e3o \u2013 como com\u00e9rcios e ind\u00fastrias \u2013 para o mercado livre de energia em 2024. <\/p>\n<p> \u2705<a class href=\"https:\/\/www.whatsapp.com\/channel\/0029Va2ll12AInPbyd8p933r\" target=\"_blank\" rel=\"noopener noreferrer\"><strong>Clique aqui para seguir o novo canal do g1 no WhatsApp<\/strong><\/a>. <\/p>\n<p> \u26a0\ufe0fO grupo antigo ser\u00e1 desativado. Mesmo que voc\u00ea j\u00e1 fa\u00e7a parte da nossa comunidade, \u00e9 preciso se inscrever novamente. <\/p>\n<p> Os dados s\u00e3o da Ag\u00eancia Nacional de Energia El\u00e9trica (<a class href=\"https:\/\/g1.globo.com\/tudo-sobre\/aneel\/\">Aneel<\/a>), que estima para 2024 a migra\u00e7\u00e3o de clientes que consomem um total de 279,4 gigawatts-hora (GWh) de energia por m\u00eas. <\/p>\n<p> Esse consumo representa 1% da energia demandada mensalmente pelos consumidores no chamado mercado \u201ccativo\u201d ou \u201cregulado\u201d \u2013 que s\u00f3 pode comprar energia da distribuidora local. <\/p>\n<p> Os dados consideram a m\u00e9dia de consumo nesse mercado at\u00e9 julho de 2023, segundo c\u00e1lculo da Empresa de Pesquisa Energ\u00e9tica (EPE). <\/p>\n<p> <strong>O que voc\u00ea vai ver nesta reportagem: <\/strong> <\/p>\n<ul>\n<li><a class href=\"https:\/\/g1.globo.com\/economia\/noticia\/2023\/09\/16\/entenda-o-mercado-livre-de-energia-eletrica-e-como-pode-afetar-a-conta-de-luz.ghtml#1\">O que muda a partir de 2024?<\/a><\/li>\n<li><a class href=\"https:\/\/g1.globo.com\/economia\/noticia\/2023\/09\/16\/entenda-o-mercado-livre-de-energia-eletrica-e-como-pode-afetar-a-conta-de-luz.ghtml#2\">A conta de luz vai aumentar?<\/a><\/li>\n<li><a class href=\"https:\/\/g1.globo.com\/economia\/noticia\/2023\/09\/16\/entenda-o-mercado-livre-de-energia-eletrica-e-como-pode-afetar-a-conta-de-luz.ghtml#3\">Como migrar para o mercado livre? <\/a><\/li>\n<li><a class href=\"https:\/\/g1.globo.com\/economia\/noticia\/2023\/09\/16\/entenda-o-mercado-livre-de-energia-eletrica-e-como-pode-afetar-a-conta-de-luz.ghtml#4\">Quais s\u00e3o as expectativas do setor? <\/a><\/li>\n<\/ul>\n<p>                   <img loading=\"lazy\" decoding=\"async\" class=\"aligncenter size-full wp-image-52911\" src=\"https:\/\/blog.corretoraideal.com.br\/wp-content\/uploads\/2023\/09\/mercado-livre-puxa-aumento-do-consumo-de-energia-em-2022.jpeg\" alt=\"Mercado livre puxa aumento do consumo de energia em 2022\" width=\"800\" height=\"400\" \/>      <\/p>\n<p> Mercado livre puxa aumento do consumo de energia em 2022 <\/p>\n<p><h2>O que muda a partir de 2024?<\/h2>\n<\/p>\n<p> A partir de janeiro de 2024, os consumidores de energia em alta tens\u00e3o poder\u00e3o comprar energia de qualquer comercializador que n\u00e3o seja a distribuidora, negociando pre\u00e7os. <\/p>\n<p> O mercado livre existe no Brasil desde 1996, mas as regras para migra\u00e7\u00e3o restringiam a contrata\u00e7\u00e3o para grandes consumidores, com demanda acima 1.000 quilowatts (kW) ou 500 kW, no caso de fontes renov\u00e1veis. <\/p>\n<p> Em setembro de 2022, o governo federal publicou uma portaria que permite a migra\u00e7\u00e3o de todos os outros consumidores ligados em alta tens\u00e3o. J\u00e1 os consumidores em baixa tens\u00e3o, como os residenciais e rurais, permanecem tendo de comprar energia da distribuidora local. <\/p>\n<p> \u201cA portaria torna eleg\u00edvel esses consumidores a partir de janeiro [de 2024], mas o efeito pr\u00e1tico j\u00e1 \u00e9 concreto porque 5.300 contratos j\u00e1 foram encerrados com as distribuidoras, [elas] j\u00e1 foram notificadas, e 5.300 novos contratos j\u00e1 foram assinados com os comercializadores\u201d, declarou o presidente da Associa\u00e7\u00e3o Brasileira dos Comercializadores de Energia (Abraceel), Rodrigo Ferreira. <\/p>\n<p> No ano passado, o governo chegou a colocar em consulta p\u00fablica uma portaria para a abertura completa do mercado, mas ela nunca foi publicada. O tema tamb\u00e9m \u00e9 tratado em um projeto de lei que tramita na C\u00e2mara dos Deputados. <\/p>\n<p> <a class href=\"https:\/\/g1.globo.com\/economia\/noticia\/2023\/09\/16\/entenda-o-mercado-livre-de-energia-eletrica-e-como-pode-afetar-a-conta-de-luz.ghtml#inicio\"><strong>Voltar ao in\u00edcio. <\/strong><\/a> <\/p>\n<p><h2>A conta de luz vai aumentar?<\/h2>\n<\/p>\n<p> Os custos de aquisi\u00e7\u00e3o de energia s\u00e3o menores no mercado livre. Um estudo da Confedera\u00e7\u00e3o Nacional da Ind\u00fastria (CNI) estima que a tarifa pode cair de 15% a 20% para quem migrar a partir de 2024. <\/p>\n<p> Mas, para os consumidores que v\u00e3o continuar no mercado cativo, das resid\u00eancias, a<strong> conta de luz pode aumentar<\/strong>. \u00c9 o que afirma o presidente da Associa\u00e7\u00e3o Brasileira de Distribuidores de Energia El\u00e9trica (Abradee), Marcos Madureira. <\/p>\n<p> Ele lista tr\u00eas raz\u00f5es para um eventual aumento: <\/p>\n<ul>\n<li><strong>menos consumidores no mercado cativo para pagar por fontes de energia mais caras<\/strong>, mas que garantem o fornecimento ao sistema, como t\u00e9rmicas. Com a sa\u00edda de clientes, o valor vai ficando proporcionalmente maior; <\/li>\n<li><strong>alta na sobrecontrata\u00e7\u00e3o das distribuidoras<\/strong>, que t\u00eam mais energia contratada junto \u00e0s usinas do que demanda no mercado;<\/li>\n<li><strong>alta na Conta de Desenvolvimento Energ\u00e9tico (CDE)<\/strong> \u2013 fundo de subs\u00eddios pago por todos os consumidores, sejam livres ou regulados.<\/li>\n<\/ul>\n<p> \u201cSem d\u00favida, esses tr\u00eas impactos ser\u00e3o sentidos. N\u00e3o \u00e9 igual porque vai depender de como cada distribuidora ser\u00e1 impactada. Uma distribuidora poder\u00e1 ter um volume maior de migra\u00e7\u00e3o, outra poder\u00e1 ter um volume menor, mas sem d\u00favida alguma a tarifa dos consumidores no mercado regulado ser\u00e1 impactada\u201d, afirma Madureira. <\/p>\n<p> O aumento na CDE se dar\u00e1 por causa de uma eventual alta no consumo de fontes incentivadas no mercado livre. Usinas de gera\u00e7\u00e3o solar e e\u00f3lica, por exemplo, t\u00eam descontos nas tarifas de uso dos sistemas de distribui\u00e7\u00e3o e transmiss\u00e3o, que s\u00e3o custeados pela CDE. <\/p>\n<p> J\u00e1 a sobrecontrata\u00e7\u00e3o das distribuidoras \u00e9 uma quest\u00e3o sist\u00eamica. Hoje, esse n\u00famero est\u00e1 em torno de 10%, segundo o presidente da Abradee. Isso significa que essa parcela de energia contratada n\u00e3o \u00e9 consumida no mercado regulado, por falta de demanda. <\/p>\n<p> Quando a energia \u201csobra\u201d, as distribuidoras podem: <\/p>\n<ul>\n<li>vender para outra distribuidora no mercado regulado. Mas, como o cen\u00e1rio de sobrecontrata\u00e7\u00e3o \u00e9 geral, optam pela segunda alternativa; <\/li>\n<li>revender essa energia no mercado livre. <\/li>\n<\/ul>\n<p> Segundo Madureira, as distribuidoras pagam em m\u00e9dia R$ 250 por megawatt-hora (MWh) pela energia. O valor \u00e9 superior ao Pre\u00e7o de Liquida\u00e7\u00e3o das Diferen\u00e7as (PLD) \u2014 refer\u00eancia para o mercado livre, que hoje est\u00e1 no piso, a cerca de R$ 70 por MWh. <\/p>\n<p> O PLD \u00e9 o valor pelo qual a distribuidora vende energia no mercado livre. Com isso, a diferen\u00e7a de R$ 180 por MWh acaba na conta do consumidor cativo \u2013 que n\u00e3o tem acesso ao mercado livre. <\/p>\n<p>\u201c\u00c9 o que chamamos de espiral da morte. Toda vez que algu\u00e9m migra do mercado regulado para o mercado livre, como as regras est\u00e3o hoje, aumenta o pre\u00e7o do mercado regulado. Portanto, torna mais atrativo para algu\u00e9m migrar. Esse algu\u00e9m migra, torna mais atrativo [para outro]. E a energia vai ficando mais cara para quem permanece no mercado regulado\u201d, declarou Madureira.<\/p>\n<p> A Abraceel, que representa as comercializadoras do mercado livre, afirma que n\u00e3o verifica esse impacto na conta de luz. <\/p>\n<p> Segundo Ferreira, haveria uma redu\u00e7\u00e3o na CDE com uma eventual migra\u00e7\u00e3o de consumidores da gera\u00e7\u00e3o distribu\u00edda &#8211;terceiro subs\u00eddio com mais impacto no fundo setorial. Na gera\u00e7\u00e3o distribu\u00edda, o consumidor gera sua pr\u00f3pria energia, principalmente a partir de placas solares. <\/p>\n<p> Contudo, o presidente da Abraceel reconhece que essa migra\u00e7\u00e3o demanda mais convencimento, porque j\u00e1 houve um investimento em gera\u00e7\u00e3o por parte do cliente em potencial. <\/p>\n<p> Ferreira afirma ainda que a associa\u00e7\u00e3o n\u00e3o encontrou ind\u00edcios de sobrecontrata\u00e7\u00e3o com a migra\u00e7\u00e3o desse grupo de consumidores \u2013 o chamado \u201cgrupo A\u201d, de alta tens\u00e3o. \u201cH\u00e1 um volume significativo de energia que deixar\u00e1 o mercado regulado nos pr\u00f3ximos anos, muito superior ao volume de energia envolvido nessa fase de abertura do mercado\u201d, disse. <\/p>\n<p> <a class href=\"https:\/\/g1.globo.com\/economia\/noticia\/2023\/09\/16\/entenda-o-mercado-livre-de-energia-eletrica-e-como-pode-afetar-a-conta-de-luz.ghtml#inicio\"><strong>Voltar ao in\u00edcio. <\/strong><\/a> <\/p>\n<p><h2>Como migrar para o mercado livre? <\/h2>\n<\/p>\n<p> Pela regula\u00e7\u00e3o atual, todos os consumidores em alta tens\u00e3o &#8212; acima de 2,3 quilovolts (kV) \u2013 poder\u00e3o contratar energia no mercado livre a partir de janeiro de 2024. Isso significa que v\u00e3o poder adquirir energia de um comercializador a pre\u00e7os negociados. <\/p>\n<p> As regras excluem os consumidores em baixa tens\u00e3o, como resid\u00eancias e em \u00e1reas rurais, que v\u00e3o permanecer comprando da distribuidora local. <\/p>\n<p> Para iniciar o processo, o consumidor precisa notificar a sua distribuidora 6 meses antes do vencimento do contratual anual de presta\u00e7\u00e3o de servi\u00e7os. <\/p>\n<p> Al\u00e9m disso, a partir de janeiro, os consumidores aptos a migrar ter\u00e3o que fazer isso por meio de uma comercializadora varejista. Ou seja, uma empresa que os representar\u00e1 junto \u00e0 C\u00e2mara de Comercializa\u00e7\u00e3o de Energia El\u00e9trica (CCEE) &#8212; respons\u00e1vel pela gest\u00e3o da compra e venda de energia no mercado livre. <\/p>\n<p>\u201cIsso facilita demais a vida deles, porque n\u00e3o s\u00f3 o modelo de comercializador varejista simplifica muito a vida para o consumidor, como agiliza uma s\u00e9rie de elementos dessa migra\u00e7\u00e3o\u201d, afirmou o presidente da Abraceel. <\/p>\n<p> <a class href=\"https:\/\/g1.globo.com\/economia\/noticia\/2023\/09\/16\/entenda-o-mercado-livre-de-energia-eletrica-e-como-pode-afetar-a-conta-de-luz.ghtml#inicio\"><strong>Voltar ao in\u00edcio. <\/strong><\/a> <\/p>\n<p><h2>Expectativas do setor <\/h2>\n<\/p>\n<p> Com a publica\u00e7\u00e3o da portaria, em setembro de 2022, o mercado passou a se preparar para entrada de milhares de consumidores que possuem consumo individual menor. <\/p>\n<p> \u201cEssa abertura \u00e9 algo para o qual n\u00f3s nos preparamos h\u00e1 tr\u00eas anos. Entendemos que \u00e9 uma disrup\u00e7\u00e3o superimportante no mercado de energia\u201d, afirma o diretor de Tecnologia da Delta Energia, Alfredo Silva. Em julho, o grupo comprou a Wisebyte, uma empresa de tecnologia voltada para o mercado livre. <\/p>\n<p> Segundo Silva, atualmente, o mercado potencial de consumidores livres \u00e9 de 30.000 empresas. Com a abertura para a alta tens\u00e3o, esse n\u00famero vai para mais 72.000. E, caso os consumidores residenciais sejam inclu\u00eddos futuramente, o mercado pode crescer para mais de 80 milh\u00f5es. <\/p>\n<p> Os n\u00fameros da Aneel para migra\u00e7\u00e3o em 2024 superaram as expectativas. Segundo os dados da ag\u00eancia, s\u00f3 em janeiro, 2.195 consumidores devem entrar no mercado livre. <\/p>\n<p> Como as distribuidoras t\u00eam que ser notificadas seis meses antes do t\u00e9rmino dos contratos e os dados da Aneel s\u00e3o de junho, esse n\u00famero de migra\u00e7\u00e3o em janeiro est\u00e1 fechado. Contudo, nos meses seguintes, pode aumentar. <\/p>\n<p> \u201cEst\u00e1vamos imaginando, depois de algumas conversas com Aneel, CCEE etc., 1.500 em janeiro e me parece que s\u00e3o [mais de] 2.000. \u00c9 um n\u00famero bem expressivo\u201d, afirma Ferreira. <\/p>\n<p> A CCEE estima um mercado potencial de 165.000 consumidores, sendo que 93.000 j\u00e1 fizeram investimentos em gera\u00e7\u00e3o distribu\u00edda &#8211;em que o pr\u00f3prio consumidor gera sua energia. O restante, cerca de 72.000 clientes, estaria mais propenso a migrar. <\/p>\n<p> \u201c\u00c9 um mercado ainda de \u2018atacarejo\u2019. Antes da portaria, o que t\u00ednhamos era um mercado de atacado. Grosso modo, para fazer parte do mercado livre, um consumidor tinha que ter uma conta mensal na ordem de R$ 150 mil [&#8230;]. Com a portaria, passam a ser eleg\u00edveis consumidores com uma conta de R$ 10 mil. \u00c9 muito diferente\u201d, disse o presidente da Abraceel. <\/p>\n<p> Segundo o presidente da Abradee, Marcos Madureira, o mercado livre \u00e9 um fato, mas seria necess\u00e1rio endere\u00e7ar os custos que ficam para o mercado regulado. <\/p>\n<p> \u201cA abertura de mercado \u00e9 algo previsto para ser institucionalizado, faz parte da evolu\u00e7\u00e3o [do mercado]. N\u00f3s s\u00f3 entendemos que tem que se tomar alguns cuidados para os incentivos que s\u00e3o dados nos mercados n\u00e3o continuarem onerando os consumidores regulados\u201d, declarou. <\/p>\n<p> <a class href=\"https:\/\/g1.globo.com\/economia\/noticia\/2023\/09\/16\/entenda-o-mercado-livre-de-energia-eletrica-e-como-pode-afetar-a-conta-de-luz.ghtml#inicio\"><strong>Voltar ao in\u00edcio. <\/strong><\/a> <\/p>\n<ul>\n<li> <a href=\"https:\/\/g1.globo.com\/tudo-sobre\/aneel\/\" class=\"entities__list-itemLink\" data-track-click=\"Aneel\"> Aneel <\/a> <\/li>\n<li> <a href=\"https:\/\/g1.globo.com\/tudo-sobre\/epe\/\" class=\"entities__list-itemLink\" data-track-click=\"EPE \"> EPE <\/a> <\/li>\n<\/ul>\n","protected":false},"excerpt":{"rendered":"<p>Conta de luz deve ficar mais barata para com\u00e9rcios e ind\u00fastrias que migrarem para o mercado livre Entretanto, para o consumidor do chamado &#x27;mercado cativo&#x27;, composto por resid\u00eancias urbanas e rurais que n\u00e3o podem migrar, tarifas podem aumentar Isso porque, entre outros motivos, a sa\u00edda de com\u00e9rcios e ind\u00fastrias do mercado far\u00e1 com que menos [&hellip;]<\/p>\n","protected":false},"author":1,"featured_media":0,"comment_status":"closed","ping_status":"closed","sticky":false,"template":"","format":"standard","meta":{"footnotes":""},"categories":[],"tags":[],"class_list":["post-52909","post","type-post","status-publish","format-standard","hentry"],"_links":{"self":[{"href":"https:\/\/blog.corretoraideal.com.br\/index.php\/wp-json\/wp\/v2\/posts\/52909","targetHints":{"allow":["GET"]}}],"collection":[{"href":"https:\/\/blog.corretoraideal.com.br\/index.php\/wp-json\/wp\/v2\/posts"}],"about":[{"href":"https:\/\/blog.corretoraideal.com.br\/index.php\/wp-json\/wp\/v2\/types\/post"}],"author":[{"embeddable":true,"href":"https:\/\/blog.corretoraideal.com.br\/index.php\/wp-json\/wp\/v2\/users\/1"}],"replies":[{"embeddable":true,"href":"https:\/\/blog.corretoraideal.com.br\/index.php\/wp-json\/wp\/v2\/comments?post=52909"}],"version-history":[{"count":1,"href":"https:\/\/blog.corretoraideal.com.br\/index.php\/wp-json\/wp\/v2\/posts\/52909\/revisions"}],"predecessor-version":[{"id":52912,"href":"https:\/\/blog.corretoraideal.com.br\/index.php\/wp-json\/wp\/v2\/posts\/52909\/revisions\/52912"}],"wp:attachment":[{"href":"https:\/\/blog.corretoraideal.com.br\/index.php\/wp-json\/wp\/v2\/media?parent=52909"}],"wp:term":[{"taxonomy":"category","embeddable":true,"href":"https:\/\/blog.corretoraideal.com.br\/index.php\/wp-json\/wp\/v2\/categories?post=52909"},{"taxonomy":"post_tag","embeddable":true,"href":"https:\/\/blog.corretoraideal.com.br\/index.php\/wp-json\/wp\/v2\/tags?post=52909"}],"curies":[{"name":"wp","href":"https:\/\/api.w.org\/{rel}","templated":true}]}}