{"id":52913,"date":"2023-09-16T23:30:19","date_gmt":"2023-09-16T23:30:19","guid":{"rendered":"https:\/\/blog.corretoraideal.com.br\/?p=52913"},"modified":"2023-09-16T23:30:19","modified_gmt":"2023-09-16T23:30:19","slug":"iphone-15-abandona-tipo-de-conexao-exclusiva-de-carregador-e-ganha-novas-cameras-veja-precos-no-brasil-tecnologia-g1","status":"publish","type":"post","link":"https:\/\/blog.corretoraideal.com.br\/index.php\/2023\/09\/16\/iphone-15-abandona-tipo-de-conexao-exclusiva-de-carregador-e-ganha-novas-cameras-veja-precos-no-brasil-tecnologia-g1\/","title":{"rendered":"iPhone 15 abandona tipo de conex\u00e3o exclusiva de carregador e ganha novas c\u00e2meras; veja pre\u00e7os no Brasil | Tecnologia | G1"},"content":{"rendered":"\n<ul>\n<li>\n<p> Apple apresentou quatro celulares, dois rel\u00f3gios e nova gera\u00e7\u00e3o de fones de ouvido sem fio <\/p>\n<\/li>\n<li>\n<p> iPhone 15 custar\u00e1 entre R$ 7.299 e R$ 13.999, de acordo com o modelo e a capacidade <\/p>\n<\/li>\n<li>\n<p> Os pre\u00e7os s\u00e3o menores que os de lan\u00e7amento do iPhone 14, em 2022 <\/p>\n<\/li>\n<li>\n<p> Celulares da Apple passam a usar entrada USB-C, mais popular, em vez da Lightning <\/p>\n<\/li>\n<li>\n<p> C\u00e2mera do iPhone 15 Pro Max tem zoom \u00f3ptico mais poderoso j\u00e1 oferecido em um celular da marca <\/p>\n<\/li>\n<\/ul>\n<p> Apple apresentou quatro celulares, dois rel\u00f3gios e nova gera\u00e7\u00e3o de fones de ouvido sem fio <\/p>\n<p> iPhone 15 custar\u00e1 entre R$ 7.299 e R$ 13.999, de acordo com o modelo e a capacidade <\/p>\n<p> Os pre\u00e7os s\u00e3o menores que os de lan\u00e7amento do iPhone 14, em 2022 <\/p>\n<p> Celulares da Apple passam a usar entrada USB-C, mais popular, em vez da Lightning <\/p>\n<p> C\u00e2mera do iPhone 15 Pro Max tem zoom \u00f3ptico mais poderoso j\u00e1 oferecido em um celular da marca <\/p>\n<p>                   <img loading=\"lazy\" decoding=\"async\" class=\"aligncenter size-full wp-image-52915\" src=\"https:\/\/blog.corretoraideal.com.br\/wp-content\/uploads\/2023\/09\/apple-anuncia-o-lancamento-do-apple-15-e-outras-novidades-3.jpeg\" alt=\"Apple anuncia o lan\u00e7amento do Apple 15 e outras novidades\" width=\"800\" height=\"400\" \/>      <\/p>\n<p> Apple anuncia o lan\u00e7amento do Apple 15 e outras novidades <\/p>\n<p> A <a class href=\"https:\/\/g1.globo.com\/tudo-sobre\/apple\/\">Apple<\/a> apresentou o iPhone 15 nesta ter\u00e7a-feira (12). Os novos celulares custar\u00e3o entre R$ 7.299 e R$ 13.999 no Brasil <a class href=\"https:\/\/g1.globo.com\/tecnologia\/noticia\/2023\/09\/12\/evento-da-apple.ghtml#precos\">(veja todos os pre\u00e7os)<\/a>, mas a data de lan\u00e7amento no pa\u00eds ainda n\u00e3o foi divulgada. <\/p>\n<p> Ao contr\u00e1rio das especula\u00e7\u00f5es, os pre\u00e7os s\u00e3o menores do que os de lan\u00e7amento do iPhone 14 \u2014 al\u00e9m disso, <a class href=\"https:\/\/g1.globo.com\/tecnologia\/noticia\/2023\/09\/12\/iphone-15-vs-14-veja-comparacao-de-precos-no-brasil.ghtml\">essa linha antiga passa a ser vendida com desconto<\/a>. <\/p>\n<p> <strong>Veja as principais novidades reveladas pela Apple:<\/strong> <\/p>\n<ul>\n<li>\u26a1A principal mudan\u00e7a na nova gera\u00e7\u00e3o \u00e9 que os <strong>modelos deixaram de usar a conex\u00e3o Lightning, exclusiva da fabricante<\/strong>, e passaram a adotar a <a class href=\"https:\/\/g1.globo.com\/tecnologia\/noticia\/2022\/11\/08\/o-que-e-usb-c-carregador-que-a-apple-tera-que-colocar-nos-iphones.ghtml\">entrada USB-C<\/a>, mais popular. Isso porque <a class href=\"https:\/\/g1.globo.com\/tecnologia\/noticia\/2022\/10\/04\/carregador-universal-de-celular-sera-obrigatorio-na-ue-apple-tera-que-se-ajustar-a-norma-na-europa.ghtml\">a Uni\u00e3o Europeia vai obrigar as empresas a padronizar os carregadores<\/a> de celular;<\/li>\n<li><strong>?A c\u00e2mera traseira principal do <\/strong><a class href=\"https:\/\/g1.globo.com\/tecnologia\/noticia\/2023\/09\/12\/evento-da-apple.ghtml#iphone15\"><strong>iPhone 15 e do 15 Plus<\/strong><\/a> <strong>ficou mais potente<\/strong>, passando de 12 megapixels para 48 megapixels;<\/li>\n<li>?No visual, <strong>a c\u00e2mera frontal ficou um pouco mais para baixo<\/strong> que no 14, deixando essas vers\u00f5es de entrada mais parecidas com a Pro e a Pro Max;<\/li>\n<li><strong>O visual praticamente n\u00e3o mudou no <\/strong><a class href=\"https:\/\/g1.globo.com\/tecnologia\/noticia\/2023\/09\/12\/evento-da-apple.ghtml#iphone15pro\"><strong>iPhone 15 Pro e 15 Pro Max<\/strong><\/a>, os mais caros da linha: agora eles t\u00eam bordas mais finas ao redor da tela e acabamento em tit\u00e2nio, o que, segundo a Apple, faz deles os mais leves j\u00e1 produzidos na categoria &quot;Pro&quot;; <\/li>\n<li>? Os quatro novos celulares agora t\u00eam recurso de <strong>localiza\u00e7\u00e3o precisa<\/strong>, que serve <strong>para encontrar outra pessoa com iPhone mesmo no meio de multid\u00f5es<\/strong>, e uma melhoria na qualidade de \u00e1udio em liga\u00e7\u00f5es, que permitir\u00e1 isolar a voz de outros ru\u00eddos;<\/li>\n<li><strong>\u231a<\/strong>O <a class href=\"https:\/\/g1.globo.com\/tecnologia\/noticia\/2023\/09\/12\/evento-da-apple.ghtml#applewatch\"><strong>Apple Watch<\/strong><\/a> agora pode ser controlado por gestos: d\u00e1 para atender liga\u00e7\u00f5es estalando os dedos <a class href=\"https:\/\/g1.globo.com\/tecnologia\/noticia\/2023\/09\/12\/apple-watch-9-tem-controle-por-gestos-veja-mais-novidades-do-relogio.ghtml\">(saiba mais)<\/a>;<\/li>\n<li><strong>? <\/strong>E os <a class href=\"https:\/\/g1.globo.com\/tecnologia\/noticia\/2023\/09\/12\/evento-da-apple.ghtml#airpodspro\"><strong>AirPods Pro <\/strong><\/a>(2\u00aa gera\u00e7\u00e3o) tamb\u00e9m ganharam entrada USB-C, al\u00e9m de melhorias no \u00e1udio.<\/li>\n<\/ul>\n<p>         1 de 5&#013;iPhone 15 adotou entrada USB-C \u2014 Foto: Reprodu\u00e7\u00e3o \/ Apple    <\/p>\n<p> iPhone 15 adotou entrada USB-C \u2014 Foto: Reprodu\u00e7\u00e3o \/ Apple <\/p>\n<p> <strong>Confira os pre\u00e7os dos novos celulares no Brasil:<\/strong> <\/p>\n<p><h2>Mais sobre iPhone 15 Pro e 15 Pro Max<\/h2>\n<\/p>\n<p> O iPhone 15 Pro e o iPhone Max continuam com o mesmo tamanho das vers\u00f5es anteriores. A tela do Pro \u00e9 de 6,1 polegadas, e a iPhone 15 Pro Max, de 6,7. <\/p>\n<p> Os dois smartphones mais caros foram equipados com o novo processador A17 Pro. De acordo com a Apple, a mudan\u00e7a vai oferecer aos usu\u00e1rios uma experi\u00eancia melhor com jogos e aplicativos de realidade imersiva. <\/p>\n<p>         2 de 5&#013;iPhone 15 Pro e 15 Pro Max ser\u00e3o vendidos em quatro cores: preto, branco, azul e &#034;tit\u00e2nio natural&#034; \u2014 Foto: Divulga\u00e7\u00e3o\/Apple    <\/p>\n<p> iPhone 15 Pro e 15 Pro Max ser\u00e3o vendidos em quatro cores: preto, branco, azul e &#034;tit\u00e2nio natural&#034; \u2014 Foto: Divulga\u00e7\u00e3o\/Apple <\/p>\n<p> Al\u00e9m de c\u00e2mera principal com 48 megapixels, o Pro e o Pro Max ganharam um novo sistema que, de acordo com a Apple, permite tirar fotos melhores nos modos retrato e noturno. <\/p>\n<p> A c\u00e2mera telefoto do iPhone 15 Pro Max passou a oferecer zoom \u00f3ptico de 5x em 120mm, o maior j\u00e1 suportado em um celular da Apple. A empresa afirma que ele ajudar\u00e1 a tirar fotos tanto em close quanto em longa dist\u00e2ncia. No iPhone 15 Pro, o zoom \u00f3ptico chega a 3x. <\/p>\n<p> A marca tamb\u00e9m prometeu que, ainda em 2023, o iPhone 15 Pro e o 15 Pro Max ser\u00e3o capazes de gravar v\u00eddeos imersivos para rodarem em <a class href=\"https:\/\/g1.globo.com\/tecnologia\/noticia\/2023\/06\/05\/apple-lanca-novos-produtos.ghtml\">\u00f3culos como o Vision Pro, lan\u00e7ado em junho<\/a>. <\/p>\n<p>Nos dois celulares, o bot\u00e3o &quot;liga\/desliga&quot; foi substitu\u00eddo pelo &quot;bot\u00e3o de a\u00e7\u00e3o&quot;, que permite personalizar o que ser\u00e1 feito pelo aparelho. <\/p>\n<p> \u00c9 poss\u00edvel usar o bot\u00e3o para ativar a c\u00e2mera ou a lanterna, habilitar o modo Foco ou ativar recursos de acessibilidade, por exemplo. <\/p>\n<p> O iPhone 15 Pro e o 15 Pro Max ser\u00e3o vendidos em quatro cores: preto, branco, azul e &quot;tit\u00e2nio natural&quot;. <\/p>\n<p><h2>Mais sobre iPhone 15 e 15 Plus<\/h2>\n<\/p>\n<p> Al\u00e9m de c\u00e2mera traseira mais potente, o iPhone 15 e 15 Plus, modelos mais baratos da nova linha, tamb\u00e9m passaram a contar com dois itens que chegaram primeiro ao iPhone 14 Pro, lan\u00e7ado em 2022. <\/p>\n<p> O primeiro \u00e9 o processador A16 Bionic. O segundo, o Dynamic Island, recurso que faz a \u00e1rea ao redor da c\u00e2mera frontal, que est\u00e1 um pouco mais baixa do que no iPhone 14 e 14 Plus, interagir com anima\u00e7\u00f5es do sistema operacional: veja abaixo. <\/p>\n<p> iPhone 15 ganhou recurso Dynamic Island \u2014 Foto: Divulga\u00e7\u00e3o\/Apple <\/p>\n<p> O tamanho dos celulares segue o mesmo: iPhone 15 tem tela de 6,1 polegadas, e o iPhone 15 Plus, de 6,7. Os aparelhos ser\u00e3o vendidos em cinco cores: rosa, amarelo, verde, azul e preto. <\/p>\n<p>         3 de 5&#013;Cores Iphone 15 \u2014 Foto: Reprodu\u00e7\u00e3o Apple    <\/p>\n<p> Cores Iphone 15 \u2014 Foto: Reprodu\u00e7\u00e3o Apple <\/p>\n<p><h2>Apple Watch<\/h2>\n<\/p>\n<p> A nova gera\u00e7\u00e3o dos rel\u00f3gios inteligentes, <a class href=\"https:\/\/g1.globo.com\/tecnologia\/noticia\/2023\/09\/12\/apple-watch-9-tem-controle-por-gestos-veja-mais-novidades-do-relogio.ghtml\">Apple Watch Series 9<\/a>, \u00e9 equipada com o novo processador S9 e tem tela que fica at\u00e9 duas vezes mais brilhante do que no antecessor. A empresa anunciou ainda o Apple Watch Ultra 2, que promete at\u00e9 72 horas de uso com uma carga. <\/p>\n<p> Nos dois smartwatches, agora \u00e9 poss\u00edvel estalar os dedos para atender liga\u00e7\u00f5es, controlar m\u00fasicas e alarmes, por exemplo. <\/p>\n<p> Controle por gestos do Apple Watch Series 9 \u2014 Foto: Divulga\u00e7\u00e3o \/ Apple <\/p>\n<p> Pela primeira vez, a Siri atender\u00e1 a comandos de voz no aparelho. A assistente tamb\u00e9m ter\u00e1 acesso a dados sobre a sa\u00fade do usu\u00e1rio, que poder\u00e1, entre outras coisas, perguntar quantas horas dormiu na noite anterior. <\/p>\n<p> O rel\u00f3gio ser\u00e1 vendido nas cores rosa, preta, dourado, prata e vermelho por a partir de R$ 4.999. <\/p>\n<p>         4 de 5&#013;Apple Watch 9 Series \u2014 Foto: Loren Elliott\/Reuters    <\/p>\n<p> Apple Watch 9 Series \u2014 Foto: Loren Elliott\/Reuters <\/p>\n<p><h2>AirPods Pro<\/h2>\n<\/p>\n<p> A Apple tamb\u00e9m apresentou a segunda gera\u00e7\u00e3o dos AirPods Pro, que tamb\u00e9m ganharam entrada USB-C para carregador. A empresa afirma que os fones de ouvido sem fio receberam melhorias nos recursos de cancelamento de ru\u00eddo e de \u00e1udio imersivo. <\/p>\n<p> Os acess\u00f3rios t\u00eam certifica\u00e7\u00e3o IP54, o que significa que s\u00e3o resistentes a areia, e poder\u00e3o ser usados em conjunto com o <a class href=\"https:\/\/g1.globo.com\/tecnologia\/noticia\/2023\/06\/05\/apple-lanca-novos-produtos.ghtml\">Vision Pro<\/a>, quando os \u00f3culos forem lan\u00e7ados pela Apple em 2024. <\/p>\n<p> Os AirPods Pro de 2\u00aa gera\u00e7\u00e3o ser\u00e3o vendidos no Brasil por R$ 2.599. <\/p>\n<p>         5 de 5&#013;Apple AirPods Pro (2\u00aa gera\u00e7\u00e3o) \u2014 Foto: Divulga\u00e7\u00e3o\/Apple    <\/p>\n<p> Apple AirPods Pro (2\u00aa gera\u00e7\u00e3o) \u2014 Foto: Divulga\u00e7\u00e3o\/Apple <\/p>\n<p> <strong>LEIA TAMB\u00c9M:<\/strong> <\/p>\n<ul>\n<li><a class href=\"https:\/\/g1.globo.com\/tecnologia\/noticia\/2023\/09\/06\/stopclub-o-aplicativo-que-trava-batalha-com-a-uber-apos-permitir-recusa-automatica-de-corridas-por-motoristas.ghtml\">Aplicativo trava batalha com a Uber ap\u00f3s permitir &#x27;recusa autom\u00e1tica&#x27; por motoristas<\/a><\/li>\n<li><a class href=\"https:\/\/g1.globo.com\/tecnologia\/noticia\/2023\/08\/17\/seguranca-da-informacao-tem-salario-de-r-38-mil-mas-nao-encontra-profissionais-veja-como-entrar.ghtml\">Seguran\u00e7a da informa\u00e7\u00e3o tem sal\u00e1rio de R$ 38 mil, mas n\u00e3o encontra profissionais<\/a><\/li>\n<li><a class href=\"https:\/\/g1.globo.com\/tecnologia\/noticia\/2023\/08\/27\/modo-aviao-do-celular-por-que-e-preciso-ativar-o-recurso-durante-voos.ghtml\">Por que \u00e9 preciso ativar o modo avi\u00e3o do celular durante voos<\/a><\/li>\n<\/ul>\n<p> <strong>Mais sobre iPhone:<\/strong> <\/p>\n<p>                   <img loading=\"lazy\" decoding=\"async\" class=\"aligncenter size-full wp-image-52916\" src=\"https:\/\/blog.corretoraideal.com.br\/wp-content\/uploads\/2023\/09\/qual-iphone-comprar-13-ou-14-2.jpeg\" alt=\"Qual iPhone comprar, 13 ou 14?\" width=\"800\" height=\"400\" \/>      <\/p>\n<p> Qual iPhone comprar, 13 ou 14? <\/p>\n<p>                    <img loading=\"lazy\" decoding=\"async\" class=\"aligncenter size-full wp-image-52917\" src=\"https:\/\/blog.corretoraideal.com.br\/wp-content\/uploads\/2023\/09\/g1-testa-iphone-14-3.jpeg\" alt=\"g1 testa iPhone 14\" width=\"800\" height=\"400\" \/>      <\/p>\n<p> g1 testa iPhone 14 <\/p>\n<p> <strong>Relembre os \u00f3culos de realidade virtual, \u00faltimo produto in\u00e9dito lan\u00e7ado da Apple:<\/strong> <\/p>\n<p>                   <img loading=\"lazy\" decoding=\"async\" class=\"aligncenter size-full wp-image-52918\" src=\"https:\/\/blog.corretoraideal.com.br\/wp-content\/uploads\/2023\/09\/conheca-o-vision-pro-o-oculos-de-realidade-mista-da-apple-em-junho-deste-ano.jpeg\" alt=\"Conhe\u00e7a o Vision Pro, o \u00f3culos de realidade mista da Apple, em junho deste ano\" width=\"800\" height=\"400\" \/>      <\/p>\n<p> Conhe\u00e7a o Vision Pro, o \u00f3culos de realidade mista da Apple, em junho deste ano <\/p>\n<ul>\n<li> <a href=\"https:\/\/g1.globo.com\/tudo-sobre\/apple\/\" class=\"entities__list-itemLink\" data-track-click=\"Apple\"> Apple <\/a> <\/li>\n<\/ul>\n","protected":false},"excerpt":{"rendered":"<p>Apple apresentou quatro celulares, dois rel\u00f3gios e nova gera\u00e7\u00e3o de fones de ouvido sem fio iPhone 15 custar\u00e1 entre R$ 7.299 e R$ 13.999, de acordo com o modelo e a capacidade Os pre\u00e7os s\u00e3o menores que os de lan\u00e7amento do iPhone 14, em 2022 Celulares da Apple passam a usar entrada USB-C, mais popular, [&hellip;]<\/p>\n","protected":false},"author":1,"featured_media":0,"comment_status":"closed","ping_status":"closed","sticky":false,"template":"","format":"standard","meta":{"footnotes":""},"categories":[],"tags":[],"class_list":["post-52913","post","type-post","status-publish","format-standard","hentry"],"_links":{"self":[{"href":"https:\/\/blog.corretoraideal.com.br\/index.php\/wp-json\/wp\/v2\/posts\/52913","targetHints":{"allow":["GET"]}}],"collection":[{"href":"https:\/\/blog.corretoraideal.com.br\/index.php\/wp-json\/wp\/v2\/posts"}],"about":[{"href":"https:\/\/blog.corretoraideal.com.br\/index.php\/wp-json\/wp\/v2\/types\/post"}],"author":[{"embeddable":true,"href":"https:\/\/blog.corretoraideal.com.br\/index.php\/wp-json\/wp\/v2\/users\/1"}],"replies":[{"embeddable":true,"href":"https:\/\/blog.corretoraideal.com.br\/index.php\/wp-json\/wp\/v2\/comments?post=52913"}],"version-history":[{"count":1,"href":"https:\/\/blog.corretoraideal.com.br\/index.php\/wp-json\/wp\/v2\/posts\/52913\/revisions"}],"predecessor-version":[{"id":52919,"href":"https:\/\/blog.corretoraideal.com.br\/index.php\/wp-json\/wp\/v2\/posts\/52913\/revisions\/52919"}],"wp:attachment":[{"href":"https:\/\/blog.corretoraideal.com.br\/index.php\/wp-json\/wp\/v2\/media?parent=52913"}],"wp:term":[{"taxonomy":"category","embeddable":true,"href":"https:\/\/blog.corretoraideal.com.br\/index.php\/wp-json\/wp\/v2\/categories?post=52913"},{"taxonomy":"post_tag","embeddable":true,"href":"https:\/\/blog.corretoraideal.com.br\/index.php\/wp-json\/wp\/v2\/tags?post=52913"}],"curies":[{"name":"wp","href":"https:\/\/api.w.org\/{rel}","templated":true}]}}