{"id":52937,"date":"2023-09-17T13:29:39","date_gmt":"2023-09-17T13:29:39","guid":{"rendered":"https:\/\/blog.corretoraideal.com.br\/?p=52937"},"modified":"2023-09-17T13:29:39","modified_gmt":"2023-09-17T13:29:39","slug":"globo-rural-mostra-rastros-de-destruicao-apos-passagem-de-ciclone-no-rs-globo-rural-g1","status":"publish","type":"post","link":"https:\/\/blog.corretoraideal.com.br\/index.php\/2023\/09\/17\/globo-rural-mostra-rastros-de-destruicao-apos-passagem-de-ciclone-no-rs-globo-rural-g1\/","title":{"rendered":"Globo Rural mostra rastros de destrui\u00e7\u00e3o ap\u00f3s passagem de ciclone no RS | Globo Rural | G1"},"content":{"rendered":"\n<p> O Globo Rural mostrou, neste domingo (17), os <a class href=\"https:\/\/g1.globo.com\/rs\/rio-grande-do-sul\/noticia\/2023\/09\/11\/sobe-para-924-numero-de-pessoas-ficaram-feridas-apos-passagem-de-ciclone-pelo-rs.ghtml\">estragos provocados pela passagem de um ciclone extratropical <\/a>nas cidades de <a class href=\"https:\/\/g1.globo.com\/rs\/rio-grande-do-sul\/cidade\/lajeado\/\">Lajeado<\/a>, <a class href=\"https:\/\/g1.globo.com\/rs\/rio-grande-do-sul\/cidade\/estrela\/\">Estrela<\/a>, <a class href=\"https:\/\/g1.globo.com\/rs\/rio-grande-do-sul\/cidade\/encantado\/\">Encantado<\/a>, <a class href=\"https:\/\/g1.globo.com\/rs\/rio-grande-do-sul\/cidade\/roca-sales\/\">Roca Sales<\/a> e <a class href=\"https:\/\/g1.globo.com\/rs\/rio-grande-do-sul\/cidade\/mucum\/\">Mu\u00e7um<\/a>, no Rio Grande Sul. <\/p>\n<p> A regi\u00e3o, que fica \u00e0s margens do Rio Taquari, vive basicamente da cria\u00e7\u00e3o de gado, aves e su\u00ednos, al\u00e9m de lavouras. Agora, ap\u00f3s as inunda\u00e7\u00f5es, o cen\u00e1rio mudou. <\/p>\n<p> Na propriedade de Fabiano Hauschild, em Estrela, um dos tr\u00eas galp\u00f5es de frango ficou ilhado. <\/p>\n<p> Em Roca Sales, munic\u00edpio vizinho, a situa\u00e7\u00e3o \u00e9 ainda pior. O lama\u00e7al, rajadas de vento e o grande volume de \u00e1gua provocaram a <strong>destrui\u00e7\u00e3o de in\u00fameras lavouras<\/strong>. <\/p>\n<p> M\u00e1rcio Piccinini foi um dos prejudicados. O sustento dele e da fam\u00edlia vinha da ro\u00e7a de milho e trigo. <\/p>\n<p> De acordo com Ag\u00eancia de Assist\u00eancia T\u00e9cnica e Extens\u00e3o Rural (Anater), as <a class href=\"https:\/\/g1.globo.com\/economia\/agronegocios\/noticia\/2023\/09\/14\/ciclone-no-rs-matou-29-mil-animais-de-criacao-e-afetou-principalmente-o-milho-e-o-trigo.ghtml\"><strong>perdas na agricultura e na pecu\u00e1ria somam mais de R$ 1 bilh\u00e3o.<\/strong><\/a> <\/p>\n<p> Para o coordenador do Centro Nacional de Monitoramento e Alertas de Desastres Naturais (Cemaden), a <strong>combina\u00e7\u00e3o de meses de seca com a chuva concentrada em poucos dias explica a trag\u00e9dia<\/strong>. <\/p>\n<p> Diante dos estragos, o governo federal apresentou um pacote de ajuda \u00e0 regi\u00e3o. Por meio da iniciativa, os trabalhadores ga\u00fachos &#8211; que tiverem saldo &#8211; <a class href=\"https:\/\/g1.globo.com\/rs\/rio-grande-do-sul\/noticia\/2023\/09\/06\/caixa-vai-liberar-saque-do-fgts-para-moradores-de-municipios-do-rs-atingidos-por-ciclone.ghtml\"><strong>podem sacar at\u00e9 R$ 6.220 do Fundo de Garantia do Tempo de Servi\u00e7o <\/strong>(FGTS)<\/a>. <\/p>\n<p> A uni\u00e3o tamb\u00e9m ofereceu <strong>R$ 1 bilh\u00e3o ao Estado do Rio Grande do Sul e aos munic\u00edpios afetados.<\/strong> A inten\u00e7\u00e3o \u00e9 ajudar na reconstru\u00e7\u00e3o de estradas, escolas e igrejas. <\/p>\n<p> <strong>? Ou\u00e7a &#8211; O Assunto <\/strong> <\/p>\n<p> <strong>Assista ainda:<\/strong> <\/p>\n<p>                   <img loading=\"lazy\" decoding=\"async\" class=\"aligncenter size-full wp-image-52939\" src=\"https:\/\/blog.corretoraideal.com.br\/wp-content\/uploads\/2023\/09\/chuvas-no-rs-moradores-da-regiao-sul-ainda-enfrentam-cheias-de-rios.jpeg\" alt=\"Chuvas no RS: Moradores da Regi\u00e3o Sul ainda enfrentam cheias de rios\" width=\"800\" height=\"400\" \/>      <\/p>\n<p> Chuvas no RS: Moradores da Regi\u00e3o Sul ainda enfrentam cheias de rios <\/p>\n<ul>\n<li> <a href=\"https:\/\/g1.globo.com\/rs\/rio-grande-do-sul\/cidade\/encantado\/\" class=\"entities__list-itemLink\" data-track-click=\"Encantado\"> Encantado <\/a> <\/li>\n<li> <a href=\"https:\/\/g1.globo.com\/rs\/rio-grande-do-sul\/cidade\/estrela\/\" class=\"entities__list-itemLink\" data-track-click=\"Estrela\"> Estrela <\/a> <\/li>\n<li> <a href=\"https:\/\/g1.globo.com\/rs\/rio-grande-do-sul\/cidade\/lajeado\/\" class=\"entities__list-itemLink\" data-track-click=\"Lajeado\"> Lajeado <\/a> <\/li>\n<li> <a href=\"https:\/\/g1.globo.com\/rs\/rio-grande-do-sul\/cidade\/mucum\/\" class=\"entities__list-itemLink\" data-track-click=\"Mu\u00e7um\"> Mu\u00e7um <\/a> <\/li>\n<li> <a href=\"https:\/\/g1.globo.com\/rs\/rio-grande-do-sul\/cidade\/roca-sales\/\" class=\"entities__list-itemLink\" data-track-click=\"Roca Sales\"> Roca Sales <\/a> <\/li>\n<\/ul>\n","protected":false},"excerpt":{"rendered":"<p>O Globo Rural mostrou, neste domingo (17), os estragos provocados pela passagem de um ciclone extratropical nas cidades de Lajeado, Estrela, Encantado, Roca Sales e Mu\u00e7um, no Rio Grande Sul. A regi\u00e3o, que fica \u00e0s margens do Rio Taquari, vive basicamente da cria\u00e7\u00e3o de gado, aves e su\u00ednos, al\u00e9m de lavouras. Agora, ap\u00f3s as inunda\u00e7\u00f5es, [&hellip;]<\/p>\n","protected":false},"author":1,"featured_media":0,"comment_status":"closed","ping_status":"closed","sticky":false,"template":"","format":"standard","meta":{"footnotes":""},"categories":[],"tags":[],"class_list":["post-52937","post","type-post","status-publish","format-standard","hentry"],"_links":{"self":[{"href":"https:\/\/blog.corretoraideal.com.br\/index.php\/wp-json\/wp\/v2\/posts\/52937","targetHints":{"allow":["GET"]}}],"collection":[{"href":"https:\/\/blog.corretoraideal.com.br\/index.php\/wp-json\/wp\/v2\/posts"}],"about":[{"href":"https:\/\/blog.corretoraideal.com.br\/index.php\/wp-json\/wp\/v2\/types\/post"}],"author":[{"embeddable":true,"href":"https:\/\/blog.corretoraideal.com.br\/index.php\/wp-json\/wp\/v2\/users\/1"}],"replies":[{"embeddable":true,"href":"https:\/\/blog.corretoraideal.com.br\/index.php\/wp-json\/wp\/v2\/comments?post=52937"}],"version-history":[{"count":1,"href":"https:\/\/blog.corretoraideal.com.br\/index.php\/wp-json\/wp\/v2\/posts\/52937\/revisions"}],"predecessor-version":[{"id":52940,"href":"https:\/\/blog.corretoraideal.com.br\/index.php\/wp-json\/wp\/v2\/posts\/52937\/revisions\/52940"}],"wp:attachment":[{"href":"https:\/\/blog.corretoraideal.com.br\/index.php\/wp-json\/wp\/v2\/media?parent=52937"}],"wp:term":[{"taxonomy":"category","embeddable":true,"href":"https:\/\/blog.corretoraideal.com.br\/index.php\/wp-json\/wp\/v2\/categories?post=52937"},{"taxonomy":"post_tag","embeddable":true,"href":"https:\/\/blog.corretoraideal.com.br\/index.php\/wp-json\/wp\/v2\/tags?post=52937"}],"curies":[{"name":"wp","href":"https:\/\/api.w.org\/{rel}","templated":true}]}}