{"id":52948,"date":"2023-09-17T21:29:33","date_gmt":"2023-09-17T21:29:33","guid":{"rendered":"https:\/\/blog.corretoraideal.com.br\/?p=52948"},"modified":"2023-09-17T21:29:33","modified_gmt":"2023-09-17T21:29:33","slug":"disque-denuncia-pede-informacoes-sobre-mulher-que-desapareceu-na-zona-rural-de-natividade-norte-fluminense-g1","status":"publish","type":"post","link":"https:\/\/blog.corretoraideal.com.br\/index.php\/2023\/09\/17\/disque-denuncia-pede-informacoes-sobre-mulher-que-desapareceu-na-zona-rural-de-natividade-norte-fluminense-g1\/","title":{"rendered":"Disque Den\u00fancia pede informa\u00e7\u00f5es sobre mulher que desapareceu na zona rural de Natividade | Norte Fluminense | G1"},"content":{"rendered":"\n<p> O Programa Desaparecido do Disque Den\u00fancia divulgou neste s\u00e1bado (16) um cartaz para ajudar a 140\u00aa Delegacia de Pol\u00edcia de <a class href=\"https:\/\/g1.globo.com\/rj\/norte-fluminense\/cidade\/natividade-rj\/\">Natividade<\/a>, no Noroeste Fluminense a obter informa\u00e7\u00f5es que levem ao paradeiro da dona de casa, Ana Paula Silva Rosa de 26 anos que est\u00e1 desaparecida desde a noite do dia 28 de julho. <\/p>\n<p>         1 de 1&#013;Ana Paula Silva Rosa est\u00e1 desaparecida deste o dia 28 de julho. \u2014 Foto: Disque Den\u00fancia    <\/p>\n<p> Ana Paula Silva Rosa est\u00e1 desaparecida deste o dia 28 de julho. \u2014 Foto: Disque Den\u00fancia <\/p>\n<p> De acordo com a Pol\u00edcia Civil, ela foi vista pela \u00faltima vez saindo da resid\u00eancia onde mora na zona rural de Natividade e n\u00e3o retornou. <\/p>\n<p> Ainda segundo a Pol\u00edcia, Ana Paula tem dois filhos pequenos. <\/p>\n<p> Quem tiver informa\u00e7\u00f5es sobre a localiza\u00e7\u00e3o de Ana Paula pode passar de forma an\u00f4nima ao Disque Den\u00fancia: <\/p>\n<p> Central de atendimento: (021) 2253 1177 ou 0300-253-1177 <\/p>\n<p> WhatsApp Anonimizado: (021) \u2013 2253-1177 (t\u00e9cnica de processamento de dados que remove ou modifica informa\u00e7\u00f5es que possam identificar uma pessoa) <\/p>\n<p> Aplicativo: Disque Den\u00fancia RJ <\/p>\n<p> WhatsApp dos Desaparecidos \u2013 (21) 98849-6254 <\/p>\n<p> O anonimato \u00e9 garantido. <\/p>\n<ul>\n<li> <a href=\"https:\/\/g1.globo.com\/rj\/norte-fluminense\/cidade\/natividade-rj\/\" class=\"entities__list-itemLink\" data-track-click=\"Natividade\"> Natividade <\/a> <\/li>\n<\/ul>\n","protected":false},"excerpt":{"rendered":"<p>O Programa Desaparecido do Disque Den\u00fancia divulgou neste s\u00e1bado (16) um cartaz para ajudar a 140\u00aa Delegacia de Pol\u00edcia de Natividade, no Noroeste Fluminense a obter informa\u00e7\u00f5es que levem ao paradeiro da dona de casa, Ana Paula Silva Rosa de 26 anos que est\u00e1 desaparecida desde a noite do dia 28 de julho. 1 de [&hellip;]<\/p>\n","protected":false},"author":1,"featured_media":0,"comment_status":"closed","ping_status":"closed","sticky":false,"template":"","format":"standard","meta":{"footnotes":""},"categories":[],"tags":[],"class_list":["post-52948","post","type-post","status-publish","format-standard","hentry"],"_links":{"self":[{"href":"https:\/\/blog.corretoraideal.com.br\/index.php\/wp-json\/wp\/v2\/posts\/52948","targetHints":{"allow":["GET"]}}],"collection":[{"href":"https:\/\/blog.corretoraideal.com.br\/index.php\/wp-json\/wp\/v2\/posts"}],"about":[{"href":"https:\/\/blog.corretoraideal.com.br\/index.php\/wp-json\/wp\/v2\/types\/post"}],"author":[{"embeddable":true,"href":"https:\/\/blog.corretoraideal.com.br\/index.php\/wp-json\/wp\/v2\/users\/1"}],"replies":[{"embeddable":true,"href":"https:\/\/blog.corretoraideal.com.br\/index.php\/wp-json\/wp\/v2\/comments?post=52948"}],"version-history":[{"count":1,"href":"https:\/\/blog.corretoraideal.com.br\/index.php\/wp-json\/wp\/v2\/posts\/52948\/revisions"}],"predecessor-version":[{"id":52950,"href":"https:\/\/blog.corretoraideal.com.br\/index.php\/wp-json\/wp\/v2\/posts\/52948\/revisions\/52950"}],"wp:attachment":[{"href":"https:\/\/blog.corretoraideal.com.br\/index.php\/wp-json\/wp\/v2\/media?parent=52948"}],"wp:term":[{"taxonomy":"category","embeddable":true,"href":"https:\/\/blog.corretoraideal.com.br\/index.php\/wp-json\/wp\/v2\/categories?post=52948"},{"taxonomy":"post_tag","embeddable":true,"href":"https:\/\/blog.corretoraideal.com.br\/index.php\/wp-json\/wp\/v2\/tags?post=52948"}],"curies":[{"name":"wp","href":"https:\/\/api.w.org\/{rel}","templated":true}]}}