{"id":52951,"date":"2023-09-17T23:29:34","date_gmt":"2023-09-17T23:29:34","guid":{"rendered":"https:\/\/blog.corretoraideal.com.br\/?p=52951"},"modified":"2023-09-17T23:29:34","modified_gmt":"2023-09-17T23:29:34","slug":"datafolha-cai-o-otimismo-com-o-futuro-da-economia-entre-eleitores-de-lula-economia-g1","status":"publish","type":"post","link":"https:\/\/blog.corretoraideal.com.br\/index.php\/2023\/09\/17\/datafolha-cai-o-otimismo-com-o-futuro-da-economia-entre-eleitores-de-lula-economia-g1\/","title":{"rendered":"Datafolha: cai o otimismo com o futuro da economia entre eleitores de Lula | Economia | G1"},"content":{"rendered":"\n<p> Pesquisa Datafolha divulgada neste domingo (17) pelo jornal &quot;Folha de S. Paulo&quot; mostra que diminuiu o otimismo com o futuro da economia entre eleitores do presidente Lula. Na <a class href=\"https:\/\/g1.globo.com\/economia\/noticia\/2022\/12\/24\/datafolha-pessimismo-com-economia-brasileira-cresce-aponta-pesquisa.ghtml\">pesquisa de dezembro<\/a> de 2022, 79% responderam que a economia iria melhorar nos pr\u00f3ximos meses. Em setembro deste ano, este \u00edndice caiu para 66%. <\/p>\n<p> A pesquisa foi feita nos dias 12 e 13 de setembro, e realizou 2.016 entrevistas em 139 munic\u00edpios do pa\u00eds. A margem de erro \u00e9 de dois pontos percentuais para mais ou menos. <\/p>\n<ul>\n<li><strong>\u2705<\/strong><a class href=\"https:\/\/www.whatsapp.com\/channel\/0029Va2ll12AInPbyd8p933r\" target=\"_blank\" rel=\"noopener noreferrer\"><strong>Clique aqui para seguir o novo canal do g1 no WhatsApp<\/strong><\/a><strong>.<\/strong><\/li>\n<\/ul>\n<p> \u26a0\ufe0fO grupo antigo ser\u00e1 desativado. Mesmo que voc\u00ea j\u00e1 fa\u00e7a parte da nossa comunidade, \u00e9 preciso se inscrever novamente. <\/p>\n<p> Entre os eleitores do presidente, o n\u00famero de pessimistas com o futuro da economia passou de 1% em dezembro para 5% em mar\u00e7o. Agora os que acreditam que a economia vai piorar somam 7%. <\/p>\n<p> J\u00e1 os que acham que a economia vai ficar como est\u00e1 eram 18% em dezembro, \u00edndice que se manteve em mar\u00e7o deste ano, subindo para 25% em setembro. <\/p>\n<p> A pesquisa tamb\u00e9m mostra que a polariza\u00e7\u00e3o persiste no pa\u00eds, porque entre os eleitores do ex-presidente Jair Bolsonaro as previs\u00f5es s\u00e3o opostas. Entre eles, 52% acreditam que a economia vai piorar nos pr\u00f3ximos meses, 31% respondeu que ir\u00e1 ficar como est\u00e1 e 16% que vai melhorar. <\/p>\n<p><h2>Otimismo caiu na tend\u00eancia geral<\/h2>\n<\/p>\n<p> Quando n\u00e3o se separa entre eleitores de Lula e Bolsonaro, a tend\u00eancia geral tamb\u00e9m \u00e9 de queda no otimismo no futuro da economia. Em dezembro de 2022, 49% acreditava que a economia iria melhorar nos pr\u00f3ximos meses. O percentual passou para 46% em mar\u00e7o e 41% neste m\u00eas. <\/p>\n<p> J\u00e1 os que acreditam na estabilidade, o \u00edndice variou entre 28% em dezembro, 26% em mar\u00e7o e 29% em setembro. O pessimismo tamb\u00e9m cresceu no quadro geral. Foi de 20% em dezembro para 26% em mar\u00e7o e 29% neste m\u00eas. <\/p>\n<p> Assim como no futuro da economia do pa\u00eds, os entrevistados otimistas com sua economia pessoal tamb\u00e9m diminu\u00edram. Em dezembro de 2022, 59% achavam que sua situa\u00e7\u00e3o econ\u00f4mica pessoal iria melhorar nos pr\u00f3ximos meses. Em mar\u00e7o, este \u00edndice foi para 56%, variando para 55% em setembro. <\/p>\n<p> Questionados, 54% dos entrevistados tamb\u00e9m acreditam que a infla\u00e7\u00e3o aumentar. Sobre o desemprego nos pr\u00f3ximos meses, 46% responderam que ir\u00e1 subir nos pr\u00f3ximos meses. <\/p>\n<p> J\u00e1 sobre poder de compra do brasileiro, neste m\u00eas, 33% responderam que ir\u00e1 diminuir, outros 33% que ir\u00e1 ficar como est\u00e1, e 32% que ir\u00e1 aumentar. <\/p>\n<p><h2>Percep\u00e7\u00e3o de melhora<\/h2>\n<\/p>\n<p> Enquanto o otimismo caiu quando s\u00e3o questionados sobre o futuro,<strong> a parcela de brasileiros que relata melhora na economia subiu e atingiu o maior patamar registrado na s\u00e9rie hist\u00f3rica do Datafolha<\/strong>. <\/p>\n<p> Em dezembro, 26% relatavam melhora na economia. Em mar\u00e7o, 23%. Seis meses depois, este \u00edndice subiu para 35%. <\/p>\n<p> Entre os que acham que a situa\u00e7\u00e3o ficou como estava, eram 35% em dezembro, 41% em mar\u00e7o e 28% em setembro. <\/p>\n<p> Houve uma varia\u00e7\u00e3o para baixo no n\u00famero de brasileiros que acha que a economia piorou. Eram 38% em dezembro, 35% em mar\u00e7o, mantendo o percentual neste m\u00eas. <\/p>\n<p><h2>Veja v\u00eddeos sobre economia: <\/h2>\n<\/p>\n<p>                   <img loading=\"lazy\" decoding=\"async\" class=\"aligncenter size-full wp-image-52953\" src=\"https:\/\/blog.corretoraideal.com.br\/wp-content\/uploads\/2023\/09\/corrida-nos-estados-g1-mostra-aumento-da-populacao-pelo-censo-ao-longo-das-decadas.jpeg\" alt=\"Corrida nos estados: g1 mostra aumento da popula\u00e7\u00e3o pelo Censo ao longo das d\u00e9cadas\" width=\"800\" height=\"400\" \/>      <\/p>\n<p> Corrida nos estados: g1 mostra aumento da popula\u00e7\u00e3o pelo Censo ao longo das d\u00e9cadas <\/p>\n<p>                    <img loading=\"lazy\" decoding=\"async\" class=\"aligncenter size-full wp-image-52954\" src=\"https:\/\/blog.corretoraideal.com.br\/wp-content\/uploads\/2023\/09\/entenda-as-mudancas-na-deducao-do-imposto-de-renda-1.jpeg\" alt=\"Entenda as mudan\u00e7as na dedu\u00e7\u00e3o do imposto de renda\" width=\"800\" height=\"400\" \/>      <\/p>\n<p> Entenda as mudan\u00e7as na dedu\u00e7\u00e3o do imposto de renda <\/p>\n<ul> <\/ul>\n","protected":false},"excerpt":{"rendered":"<p>Pesquisa Datafolha divulgada neste domingo (17) pelo jornal &quot;Folha de S. Paulo&quot; mostra que diminuiu o otimismo com o futuro da economia entre eleitores do presidente Lula. Na pesquisa de dezembro de 2022, 79% responderam que a economia iria melhorar nos pr\u00f3ximos meses. Em setembro deste ano, este \u00edndice caiu para 66%. A pesquisa foi [&hellip;]<\/p>\n","protected":false},"author":1,"featured_media":0,"comment_status":"closed","ping_status":"closed","sticky":false,"template":"","format":"standard","meta":{"footnotes":""},"categories":[],"tags":[],"class_list":["post-52951","post","type-post","status-publish","format-standard","hentry"],"_links":{"self":[{"href":"https:\/\/blog.corretoraideal.com.br\/index.php\/wp-json\/wp\/v2\/posts\/52951","targetHints":{"allow":["GET"]}}],"collection":[{"href":"https:\/\/blog.corretoraideal.com.br\/index.php\/wp-json\/wp\/v2\/posts"}],"about":[{"href":"https:\/\/blog.corretoraideal.com.br\/index.php\/wp-json\/wp\/v2\/types\/post"}],"author":[{"embeddable":true,"href":"https:\/\/blog.corretoraideal.com.br\/index.php\/wp-json\/wp\/v2\/users\/1"}],"replies":[{"embeddable":true,"href":"https:\/\/blog.corretoraideal.com.br\/index.php\/wp-json\/wp\/v2\/comments?post=52951"}],"version-history":[{"count":1,"href":"https:\/\/blog.corretoraideal.com.br\/index.php\/wp-json\/wp\/v2\/posts\/52951\/revisions"}],"predecessor-version":[{"id":52955,"href":"https:\/\/blog.corretoraideal.com.br\/index.php\/wp-json\/wp\/v2\/posts\/52951\/revisions\/52955"}],"wp:attachment":[{"href":"https:\/\/blog.corretoraideal.com.br\/index.php\/wp-json\/wp\/v2\/media?parent=52951"}],"wp:term":[{"taxonomy":"category","embeddable":true,"href":"https:\/\/blog.corretoraideal.com.br\/index.php\/wp-json\/wp\/v2\/categories?post=52951"},{"taxonomy":"post_tag","embeddable":true,"href":"https:\/\/blog.corretoraideal.com.br\/index.php\/wp-json\/wp\/v2\/tags?post=52951"}],"curies":[{"name":"wp","href":"https:\/\/api.w.org\/{rel}","templated":true}]}}