{"id":52956,"date":"2023-09-18T04:29:38","date_gmt":"2023-09-18T04:29:38","guid":{"rendered":"https:\/\/blog.corretoraideal.com.br\/?p=52956"},"modified":"2023-09-18T04:29:38","modified_gmt":"2023-09-18T04:29:38","slug":"pensando-em-pedir-demissao-veja-5-atitudes-para-colocar-em-pratica-antes-de-largar-o-emprego-trabalho-e-carreira-g1","status":"publish","type":"post","link":"https:\/\/blog.corretoraideal.com.br\/index.php\/2023\/09\/18\/pensando-em-pedir-demissao-veja-5-atitudes-para-colocar-em-pratica-antes-de-largar-o-emprego-trabalho-e-carreira-g1\/","title":{"rendered":"Pensando em pedir demiss\u00e3o? Veja 5 atitudes para colocar em pr\u00e1tica antes de largar o emprego | Trabalho e Carreira | G1"},"content":{"rendered":"\n<ul>\n<li>\n<p> A educadora financeira Aline Soaper afirma que \u00e9 importante criar uma reserva financeira antes de pedir demiss\u00e3o. <\/p>\n<\/li>\n<li>\n<p> A especialista ainda destaca a import\u00e2ncia de se preparar profissionalmente e n\u00e3o gastar o dinheiro da rescis\u00e3o logo que sair do trabalho. <\/p>\n<\/li>\n<li>\n<p> Al\u00e9m disso, vale a pena buscar uma fonte de renda extra provis\u00f3ria enquanto o novo emprego n\u00e3o d\u00e1 certo. <\/p>\n<\/li>\n<\/ul>\n<p> A educadora financeira Aline Soaper afirma que \u00e9 importante criar uma reserva financeira antes de pedir demiss\u00e3o. <\/p>\n<p> A especialista ainda destaca a import\u00e2ncia de se preparar profissionalmente e n\u00e3o gastar o dinheiro da rescis\u00e3o logo que sair do trabalho. <\/p>\n<p> Al\u00e9m disso, vale a pena buscar uma fonte de renda extra provis\u00f3ria enquanto o novo emprego n\u00e3o d\u00e1 certo. <\/p>\n<p>         1 de 1&#013;5 pontos que uma pessoa precisa considerar antes de pedir demiss\u00e3o \u2014 Foto: Marcelo Casal Jr\/Ag\u00eancia Brasil    <\/p>\n<p> 5 pontos que uma pessoa precisa considerar antes de pedir demiss\u00e3o \u2014 Foto: Marcelo Casal Jr\/Ag\u00eancia Brasil <\/p>\n<p> Calcular seu custo de vida, criar uma reserva financeira e se capacitar profissionalmente. Antes de pedir demiss\u00e3o do trabalho, \u00e9 preciso estar preparado. <\/p>\n<p> Seja para empreender, mudar de ramo ou tentar uma oportunidade em outra empresa<strong>, <\/strong>\u00e9 importante se organizar financeiramente ao longo desse processo, explica a educadora financeira Aline Soaper. <\/p>\n<p> O <a class href=\"https:\/\/g1.globo.com\/podcast\/educacao-financeira\/noticia\/2023\/09\/04\/educacao-financeira-261-e-possivel-estar-preparado-para-uma-demissao.ghtml\">assunto foi tema do podcast Educa\u00e7\u00e3o Financeira do g1<\/a>, que deu dicas de como os trabalhadores podem se preparar para reduzir os impactos de uma poss\u00edvel demiss\u00e3o inesperada e listou<strong> 5 orienta\u00e7\u00f5es para aqueles que est\u00e3o pensando em deixar o emprego por conta pr\u00f3pria<\/strong>. <\/p>\n<p> <strong>\u2b07\ufe0f Ou\u00e7a abaixo: <\/strong> <\/p>\n<p> <strong>\u2935\ufe0f Confira as dicas da educadora financeira para quem pensa em pedir demiss\u00e3o: <\/strong> <\/p>\n<p><h2><strong>? 1 &#8211; Calcular custo de vida <\/strong><\/h2>\n<\/p>\n<p> O primeiro ponto importante citado pela educadora financeira para quem est\u00e1 considerando pedir demiss\u00e3o \u00e9 <strong>calcular o custo de vida<\/strong>, ou seja, todos os custos necess\u00e1rios para sobreviv\u00eancia. <\/p>\n<p> Segundo Aline Soaper, \u00e9 necess\u00e1rio saber o quanto &quot;gasta com moradia, transporte, alimenta\u00e7\u00e3o, lazer, e n\u00e3o pode esquecer de colocar os compromissos financeiros que j\u00e1 assumiu&quot;. <\/p>\n<p> A especialista salienta que d\u00edvidas com cart\u00e3o cr\u00e9dito ou compromisso j\u00e1 marcado com algu\u00e9m tamb\u00e9m entram nessa soma. <strong>\u00c9 importante n\u00e3o esquecer nenhum valor.<\/strong> <\/p>\n<p><h2><strong>? 2 &#8211; Reserva financeira <\/strong><\/h2>\n<\/p>\n<p> O segundo passo citado por Soaper \u00e9 <strong>criar uma reserva financeira de pelo menos seis meses<\/strong>. <\/p>\n<p> Isso porque, caso a pessoa queira empreender ou ir para um novo emprego, n\u00e3o se tem certeza de que ela ter\u00e1 no m\u00eas seguinte o dinheiro que era o seu sal\u00e1rio fixo. <\/p>\n<p>&quot;Com uma reserva, tem um pouco mais de tranquilidade de esperar o neg\u00f3cio dar certo, ou se quer ir para um novo emprego, de passar por aquele processo seletivo e ser aceita, ou se der errado, ir para um outro processo seletivo&quot;, explica. <\/p>\n<p><h2><strong>? 3 &#8211; Se preparar profissionalmente <\/strong><\/h2>\n<\/p>\n<p> A educadora financeira tamb\u00e9m explica que <strong>se preparar profissionalmente para o pr\u00f3ximo desafio \u00e9 de extrema import\u00e2ncia<\/strong>. Por isso, &quot;fa\u00e7a cursos de capacita\u00e7\u00e3o, se quer ir para um novo trabalho, j\u00e1 investigue o que eles pedem para ir se preparando&quot;, salienta Soaper. <\/p>\n<p> A especialista explica que, por mais que a taxa de desemprego seja alta, ao mesmo tempo tem muitas empresas precisando contratar e com vagas abertas, mas sem conseguir esses profissionais. Por isso, \u00e9 <strong>importante se capacitar profissionalmente e entender como est\u00e1 o mercado<\/strong>. <\/p>\n<p> &quot;At\u00e9 separar uma parte do sal\u00e1rio para continuar investindo na pr\u00f3pria educa\u00e7\u00e3o, fazendo cursos profissionalizantes, se aperfei\u00e7oando, participando de uma p\u00f3s-gradua\u00e7\u00e3o, algo que vai te capacitar mais para que aumente o n\u00edvel de empregabilidade&quot;, afirma Aline. <\/p>\n<p><h2><strong> ? 4 &#8211; N\u00e3o gastar o dinheiro da rescis\u00e3o<\/strong><\/h2>\n<\/p>\n<p> O quarto ponto \u00e9 n\u00e3o gastar o dinheiro da rescis\u00e3o logo que sair do trabalho. Segundo Soaper, o ideal \u00e9 guardar ou investir. <\/p>\n<p>&quot;Eu sei que \u00e9 tentador porque a pessoa trabalhou, a\u00ed recebe aquela grande quantia que nunca viu na vida e pensa &#x27;agora eu vou fazer uma viagem, vou esfriar a cabe\u00e7a, depois eu volto para procurar emprego&#x27;. Gasta o dinheiro da rescis\u00e3o e depois passa sufoco pois pode precisar&quot;, explica. <\/p>\n<p> &quot;Ent\u00e3o guarde esse dinheiro que foi da rescis\u00e3o, invista em lugares que s\u00e3o seguros. N\u00e3o use o dinheiro enquanto n\u00e3o est\u00e1 nada certo, ou o neg\u00f3cio ainda n\u00e3o deu dinheiro, ou o emprego novo ainda n\u00e3o saiu&quot;, orienta a educadora financeira. <\/p>\n<p><h2><strong>? 5 &#8211; Fonte de renda extra provis\u00f3ria<\/strong><\/h2>\n<\/p>\n<p> Por fim, a especialista destaca que \u00e9 importante <strong>criar uma fonte de renda extra provis\u00f3ria<\/strong> enquanto o novo emprego n\u00e3o d\u00e1 certo. A ideia \u00e9 fazer alguma coisa para come\u00e7ar a gerar um dinheiro complementar e n\u00e3o precisar mexer na reserva na rescis\u00e3o. <\/p>\n<p> &quot;Pode prestar servi\u00e7o para algu\u00e9m, at\u00e9 passear com cachorro, fazer trabalho de bab\u00e1 de final de semana. Quanto mais dinheiro voc\u00ea tiver guardado, mais tranquilidade para dormir at\u00e9 o novo emprego ou novo neg\u00f3cio come\u00e7ar a trazer dinheiro de verdade&quot;, explica Soaper. <\/p>\n<p> <strong>LEIA MAIS:<\/strong> <\/p>\n<ul>\n<li><a class href=\"https:\/\/g1.globo.com\/trabalho-e-carreira\/noticia\/2023\/08\/18\/sabado-e-dia-util-e-pode-ou-nao-ser-trabalhado-entenda-o-que-diz-a-lei.ghtml\"><strong>S\u00e1bado \u00e9 dia \u00fatil e pode ou n\u00e3o ser trabalhado: entenda o que diz a lei<\/strong><\/a><\/li>\n<li><a class href=\"https:\/\/g1.globo.com\/trabalho-e-carreira\/noticia\/2023\/08\/25\/entenda-se-funcionarios-podem-se-recusar-a-trabalhar-aos-sabados-por-causa-da-religiao.ghtml\"><strong>Funcion\u00e1rios podem se recusar a trabalhar aos s\u00e1bados por causa da religi\u00e3o? <\/strong><\/a><\/li>\n<li><a class href=\"https:\/\/g1.globo.com\/trabalho-e-carreira\/noticia\/2023\/08\/29\/chegar-atrasado-ao-trabalho-pode-dar-demissao-por-justa-causa-veja-as-regras-para-servidor-publico-e-funcionario-clt.ghtml\"><strong>Chegar atrasado ao trabalho pode dar demiss\u00e3o por justa causa? Veja as regras<\/strong><\/a><\/li>\n<\/ul>\n<p><h2><strong>Entenda quais s\u00e3o as regras do aviso pr\u00e9vio: <\/strong><\/h2>\n<\/p>\n<p>                   <img loading=\"lazy\" decoding=\"async\" class=\"aligncenter size-full wp-image-52958\" src=\"https:\/\/blog.corretoraideal.com.br\/wp-content\/uploads\/2023\/09\/quais-as-regras-do-aviso-previo.jpeg\" alt=\"Quais as regras do aviso pr\u00e9vio?\" width=\"800\" height=\"400\" \/>      <\/p>\n<p> Quais as regras do aviso pr\u00e9vio? <\/p>\n<p><h2><strong>Veja quem tem direito ao seguro desemprego: <\/strong><\/h2>\n<\/p>\n<p>                   <img loading=\"lazy\" decoding=\"async\" class=\"aligncenter size-full wp-image-52959\" src=\"https:\/\/blog.corretoraideal.com.br\/wp-content\/uploads\/2023\/09\/quem-tem-direito-ao-seguro-desemprego.jpeg\" alt=\"Quem tem direito ao seguro desemprego?\" width=\"800\" height=\"400\" \/>      <\/p>\n<p> Quem tem direito ao seguro-desemprego? <\/p>\n<p><h2><strong>Saiba como pedir o seguro desemprego: <\/strong><\/h2>\n<\/p>\n<p>                   <img loading=\"lazy\" decoding=\"async\" class=\"aligncenter size-full wp-image-52960\" src=\"https:\/\/blog.corretoraideal.com.br\/wp-content\/uploads\/2023\/09\/como-pedir-o-seguro-desemprego.jpeg\" alt=\"Como pedir o seguro desemprego?\" width=\"800\" height=\"400\" \/>      <\/p>\n<p> Como pedir o seguro-desemprego? <\/p>\n<ul> <\/ul>\n","protected":false},"excerpt":{"rendered":"<p>A educadora financeira Aline Soaper afirma que \u00e9 importante criar uma reserva financeira antes de pedir demiss\u00e3o. A especialista ainda destaca a import\u00e2ncia de se preparar profissionalmente e n\u00e3o gastar o dinheiro da rescis\u00e3o logo que sair do trabalho. Al\u00e9m disso, vale a pena buscar uma fonte de renda extra provis\u00f3ria enquanto o novo emprego [&hellip;]<\/p>\n","protected":false},"author":1,"featured_media":0,"comment_status":"closed","ping_status":"closed","sticky":false,"template":"","format":"standard","meta":{"footnotes":""},"categories":[],"tags":[],"class_list":["post-52956","post","type-post","status-publish","format-standard","hentry"],"_links":{"self":[{"href":"https:\/\/blog.corretoraideal.com.br\/index.php\/wp-json\/wp\/v2\/posts\/52956","targetHints":{"allow":["GET"]}}],"collection":[{"href":"https:\/\/blog.corretoraideal.com.br\/index.php\/wp-json\/wp\/v2\/posts"}],"about":[{"href":"https:\/\/blog.corretoraideal.com.br\/index.php\/wp-json\/wp\/v2\/types\/post"}],"author":[{"embeddable":true,"href":"https:\/\/blog.corretoraideal.com.br\/index.php\/wp-json\/wp\/v2\/users\/1"}],"replies":[{"embeddable":true,"href":"https:\/\/blog.corretoraideal.com.br\/index.php\/wp-json\/wp\/v2\/comments?post=52956"}],"version-history":[{"count":1,"href":"https:\/\/blog.corretoraideal.com.br\/index.php\/wp-json\/wp\/v2\/posts\/52956\/revisions"}],"predecessor-version":[{"id":52961,"href":"https:\/\/blog.corretoraideal.com.br\/index.php\/wp-json\/wp\/v2\/posts\/52956\/revisions\/52961"}],"wp:attachment":[{"href":"https:\/\/blog.corretoraideal.com.br\/index.php\/wp-json\/wp\/v2\/media?parent=52956"}],"wp:term":[{"taxonomy":"category","embeddable":true,"href":"https:\/\/blog.corretoraideal.com.br\/index.php\/wp-json\/wp\/v2\/categories?post=52956"},{"taxonomy":"post_tag","embeddable":true,"href":"https:\/\/blog.corretoraideal.com.br\/index.php\/wp-json\/wp\/v2\/tags?post=52956"}],"curies":[{"name":"wp","href":"https:\/\/api.w.org\/{rel}","templated":true}]}}