{"id":52989,"date":"2023-09-18T17:29:34","date_gmt":"2023-09-18T17:29:34","guid":{"rendered":"https:\/\/blog.corretoraideal.com.br\/?p=52989"},"modified":"2023-09-18T17:29:34","modified_gmt":"2023-09-18T17:29:34","slug":"sao-joao-da-barra-realiza-o-1o-festival-nacional-de-danca-a-partir-desta-quinta-norte-fluminense-g1","status":"publish","type":"post","link":"https:\/\/blog.corretoraideal.com.br\/index.php\/2023\/09\/18\/sao-joao-da-barra-realiza-o-1o-festival-nacional-de-danca-a-partir-desta-quinta-norte-fluminense-g1\/","title":{"rendered":"S\u00e3o Jo\u00e3o da Barra realiza o 1\u00ba Festival Nacional de Dan\u00e7a a partir desta quinta | Norte Fluminense | G1"},"content":{"rendered":"<p>      1 de 2&#013;1\u00ba Festival Nacional de Dan\u00e7a de S\u00e3o Jo\u00e3o da Barra recebe inscri\u00e7\u00f5es para diversos g\u00eaneros de dan\u00e7a \u2014 Foto: Imagem de Vladislav83 por Pixabay    <\/p>\n<p> 1\u00ba Festival Nacional de Dan\u00e7a de S\u00e3o Jo\u00e3o da Barra recebe inscri\u00e7\u00f5es para diversos g\u00eaneros de dan\u00e7a \u2014 Foto: Imagem de Vladislav83 por Pixabay <\/p>\n<p> A cidade de <a class href=\"https:\/\/g1.globo.com\/rj\/norte-fluminense\/cidade\/sao-joao-da-barra\/\">S\u00e3o Jo\u00e3o da Barra<\/a>, no Norte Fluminense, vai promover o 1\u00ba Festival Nacional de Dan\u00e7a entre os dias 21 e 24 de setembro. <\/p>\n<p> O evento ir\u00e1 contar com bailarinos independentes, academias, escolas de dan\u00e7a, grupos ou companhias de dan\u00e7a, profissionais ou amadores, de todo territ\u00f3rio nacional. A premia\u00e7\u00e3o total \u00e9 de R$ 30 mil, distribu\u00edda nos g\u00eaneros bal\u00e9 cl\u00e1ssico de repert\u00f3rio, bal\u00e9 neocl\u00e1ssico, dan\u00e7a contempor\u00e2nea, jazz, dan\u00e7a do ventre, dan\u00e7as urbanas e dan\u00e7a de sal\u00e3o, esta \u00faltima voltada apenas para adulto. Haver\u00e1 premia\u00e7\u00e3o tamb\u00e9m para os destaques. <\/p>\n<p> A primeira bailarina do Theatro Municipal do Rio de Janeiro, Claudia Mota, ser\u00e1 a grande atra\u00e7\u00e3o do Festival. A premiada profissional acompanhou em Madri a comitiva da Secretaria de Estado de Cultura e Economia Criativa no projeto de internacionaliza\u00e7\u00e3o da cultura fluminense. <\/p>\n<p>         2 de 2&#013;Bailarina Claudia Mota \u2014 Foto: Reprodu\u00e7\u00e3o redes sociais    <\/p>\n<p> Bailarina Claudia Mota \u2014 Foto: Reprodu\u00e7\u00e3o redes sociais <\/p>\n<p> No Festival, ela vai ministrar o workshop \u201cBal\u00e9 cl\u00e1ssico \u2013 intermedi\u00e1rio e avan\u00e7ado\u201d, no domingo (24), \u00e0s 10h, com vagas limitadas e priorit\u00e1rias para os inscritos. Ap\u00f3s a aula haver\u00e1 um bate-papo com as participantes. <\/p>\n<p> Claudia j\u00e1 foi eleita a melhor bailarina da Am\u00e9rica Latina e ministra regularmente workshops no Uruguai, Portugal, Alemanha, al\u00e9m de ser formada em \u201cExcel\u00eancia da T\u00e9cnica Cubana\u201d pelo renomado professor cubano Fernando Alonso. <\/p>\n<p> O evento \u00e9 realizado pela Secretaria de Cultura com o apoio do Sesc-RJ. As apresenta\u00e7\u00f5es v\u00e3o ocorrer no Hotel Sesc Grussa\u00ed. <\/p>\n<p> Gil Miranda, secret\u00e1rio de Cultura de S\u00e3o Jo\u00e3o da Barra, explica que a ideia \u00e9 promover um festival que traga conforto, organiza\u00e7\u00e3o, parcerias importantes, sem deixar de lado a competitividade e originalidade dos participantes. <\/p>\n<p> \u201cEstamos trabalhando em todos os detalhes em nosso primeiro festival para que ele j\u00e1 fa\u00e7a parte do calend\u00e1rio nacional da dan\u00e7a\u201d, informa. <\/p>\n<p> Outra parceria do Festival \u00e9 com o Theatro Municipal do Rio de Janeiro, que ir\u00e1 trazer workshops, com a presen\u00e7a de seus bailarinos Anderson Dion\u00edsio e Carlos Cabral, ambos com aperfei\u00e7oamento internacional em pa\u00edses como Cuba, Fran\u00e7a, R\u00fassia, Pol\u00f4nia e Estados Unidos. <\/p>\n<p> Eles tamb\u00e9m se destacaram em papeis importantes no Lago dos Cisnes, Dom Quixote, O Quebra Nozes, dentre outros espet\u00e1culos, e trabalharam com nomes como Olga Evreinoff, Nat\u00e1lia Makarova, D\u00e9bora Colker, Yhelena Pankova e Ana Botafogo. <\/p>\n<p><h2>Confira a programa\u00e7\u00e3o<\/h2>\n<\/p>\n<p> <strong>21\/09 (Quinta Feira)<\/strong> <\/p>\n<ul>\n<li>21h &#8211; Espet\u00e1culo de Abertura: &quot;Tekoha \u2013 onde nasce a felicidade. Apresenta\u00e7\u00e3o pela quadrilha tem\u00e1tica Sonho, Amor e Fantasia.<\/li>\n<\/ul>\n<p> <strong>22\/09 (S\u00e1bado)<\/strong> <\/p>\n<ul>\n<li>10h &#8211; Workshop &quot;Dan\u00e7a do Ventre&quot; com Eliza Fari.<\/li>\n<li>11h &#8211; Workshops Paralelos<\/li>\n<li>Workshop &quot;Varia\u00e7\u00e3o de Repert\u00f3rio&quot; com o bailarino Carlos Cabral.<\/li>\n<li>Workshop &quot;Dan\u00e7as Urbanas&quot; com Michell Baes.<\/li>\n<\/ul>\n<p> <strong>23\/09 (Domingo)<\/strong> <\/p>\n<ul>\n<li>11h &#8211; Workshop &quot;Dan\u00e7a Contempor\u00e2nea&quot; com o bailarino Anderson Dion\u00edsio.<\/li>\n<\/ul>\n<ul>\n<li> <a href=\"https:\/\/g1.globo.com\/rj\/norte-fluminense\/cidade\/sao-joao-da-barra\/\" class=\"entities__list-itemLink\" data-track-click=\"S\u00e3o Jo\u00e3o da Barra\"> S\u00e3o Jo\u00e3o da Barra <\/a> <\/li>\n<\/ul>\n","protected":false},"excerpt":{"rendered":"<p>1 de 2&#013;1\u00ba Festival Nacional de Dan\u00e7a de S\u00e3o Jo\u00e3o da Barra recebe inscri\u00e7\u00f5es para diversos g\u00eaneros de dan\u00e7a \u2014 Foto: Imagem de Vladislav83 por Pixabay 1\u00ba Festival Nacional de Dan\u00e7a de S\u00e3o Jo\u00e3o da Barra recebe inscri\u00e7\u00f5es para diversos g\u00eaneros de dan\u00e7a \u2014 Foto: Imagem de Vladislav83 por Pixabay A cidade de S\u00e3o Jo\u00e3o [&hellip;]<\/p>\n","protected":false},"author":1,"featured_media":0,"comment_status":"closed","ping_status":"closed","sticky":false,"template":"","format":"standard","meta":{"footnotes":""},"categories":[],"tags":[],"class_list":["post-52989","post","type-post","status-publish","format-standard","hentry"],"_links":{"self":[{"href":"https:\/\/blog.corretoraideal.com.br\/index.php\/wp-json\/wp\/v2\/posts\/52989","targetHints":{"allow":["GET"]}}],"collection":[{"href":"https:\/\/blog.corretoraideal.com.br\/index.php\/wp-json\/wp\/v2\/posts"}],"about":[{"href":"https:\/\/blog.corretoraideal.com.br\/index.php\/wp-json\/wp\/v2\/types\/post"}],"author":[{"embeddable":true,"href":"https:\/\/blog.corretoraideal.com.br\/index.php\/wp-json\/wp\/v2\/users\/1"}],"replies":[{"embeddable":true,"href":"https:\/\/blog.corretoraideal.com.br\/index.php\/wp-json\/wp\/v2\/comments?post=52989"}],"version-history":[{"count":1,"href":"https:\/\/blog.corretoraideal.com.br\/index.php\/wp-json\/wp\/v2\/posts\/52989\/revisions"}],"predecessor-version":[{"id":52991,"href":"https:\/\/blog.corretoraideal.com.br\/index.php\/wp-json\/wp\/v2\/posts\/52989\/revisions\/52991"}],"wp:attachment":[{"href":"https:\/\/blog.corretoraideal.com.br\/index.php\/wp-json\/wp\/v2\/media?parent=52989"}],"wp:term":[{"taxonomy":"category","embeddable":true,"href":"https:\/\/blog.corretoraideal.com.br\/index.php\/wp-json\/wp\/v2\/categories?post=52989"},{"taxonomy":"post_tag","embeddable":true,"href":"https:\/\/blog.corretoraideal.com.br\/index.php\/wp-json\/wp\/v2\/tags?post=52989"}],"curies":[{"name":"wp","href":"https:\/\/api.w.org\/{rel}","templated":true}]}}