{"id":52992,"date":"2023-09-18T19:29:36","date_gmt":"2023-09-18T19:29:36","guid":{"rendered":"https:\/\/blog.corretoraideal.com.br\/?p=52992"},"modified":"2023-09-18T19:29:36","modified_gmt":"2023-09-18T19:29:36","slug":"em-ny-haddad-cita-boa-receptividade-de-investidores-a-titulos-verdes-e-fala-em-neoindustrializar-o-brasil-economia-g1","status":"publish","type":"post","link":"https:\/\/blog.corretoraideal.com.br\/index.php\/2023\/09\/18\/em-ny-haddad-cita-boa-receptividade-de-investidores-a-titulos-verdes-e-fala-em-neoindustrializar-o-brasil-economia-g1\/","title":{"rendered":"Em NY, Haddad cita boa receptividade de investidores a &#039;t\u00edtulos verdes&#039; e fala em &#039;neoindustrializar&#039; o Brasil | Economia | G1"},"content":{"rendered":"\n<p> O ministro da Fazenda, <a class href=\"https:\/\/g1.globo.com\/politica\/politico\/fernando-haddad\/\">Fernando Haddad<\/a>, afirmou nesta segunda-feira (18), em Nova York, que houve uma &quot;extraordin\u00e1ria receptividade&quot; dos investidores estrangeiros aos t\u00edtulos verdes brasileiros que ser\u00e3o lan\u00e7ados nas pr\u00f3ximas semanas. <\/p>\n<p> Haddad acrescentou ainda que \u00e9 poss\u00edvel &quot;neoindustrializar&quot; o pa\u00eds para produzir e exportar produtos com boas pr\u00e1ticas ambientais. <\/p>\n<p> As declara\u00e7\u00f5es foram durante evento produzido pela Confedera\u00e7\u00e3o Nacional da Ind\u00fastria (CNI) e pela Federa\u00e7\u00e3o das Ind\u00fastrias do Estado de S\u00e3o Paulo (Fiesp) na Bolsa de Valores de Nova York, com o tema: &quot;Brasil em foco: mais verde e comprometido com o desenvolvimento sustent\u00e1vel&quot;. Autoridades de outros poderes tamb\u00e9m estavam presentes. <\/p>\n<p> <strong>LEIA TAMB\u00c9M:<\/strong> <\/p>\n<ul>\n<li><a class href=\"https:\/\/g1.globo.com\/economia\/blog\/ana-flor\/post\/2023\/09\/18\/em-reuniao-com-biden-lula-vai-reclamar-de-subsidios-previstos-em-pacote-verde-dos-eua.ghtml\">Em reuni\u00e3o com Biden, Lula vai reclamar de subs\u00eddios previstos em pacote verde dos EUA<\/a><\/li>\n<\/ul>\n<p> Segundo o ministro, a equipe do Tesouro Nacional j\u00e1 apresentou o formato dos t\u00edtulos verdes brasileiros a mais de 60 fundos internacionais, alguns trilion\u00e1rios, com boa receptividade. <\/p>\n<p> Entre as regras desses t\u00edtulos, <a class href=\"https:\/\/g1.globo.com\/economia\/noticia\/2023\/09\/05\/governo-emitira-titulos-verdes-no-exterior-para-financiar-controle-do-desmatamento-diz-tesouro.ghtml\">est\u00e1 definido que os recursos captados de investidores do exterior dever\u00e3o ser necessariamente direcionados para projetos ambientais. <\/a> <\/p>\n<p>&quot;N\u00e3o existe div\u00f3rcio entre sustentabilidade e desenvolvimento. Isso \u00e9 coisa do passado, dos equ\u00edvocos do passado. O futuro \u00e9 do desenvolvimento sustent\u00e1vel e o Brasil pode ter um papel proeminente nisso. Sabendo lidar com nossas parcerias, oxal\u00e1 o acordo Mercosul-Uni\u00e3o Europeia seja aprovado no segundo semestre, mas tamb\u00e9m com os investidores americanos&quot;, afirmou Haddad.<\/p>\n<p>                   <img loading=\"lazy\" decoding=\"async\" class=\"aligncenter size-full wp-image-52994\" src=\"https:\/\/blog.corretoraideal.com.br\/wp-content\/uploads\/2023\/09\/imagem18-09-2023-19-09-35.jpeg\" alt=\"imagem18-09-2023-19-09-35\" width=\"800\" height=\"400\" \/>      <\/p>\n<p> &#8216;N\u00f3s queremos transformar a Amaz\u00f4nia num centro de desenvolvimento verde&#8217;, diz Lula <\/p>\n<p> De acordo com o ministro, <a class href=\"https:\/\/g1.globo.com\/jornal-nacional\/noticia\/2023\/06\/29\/plano-safra-governo-disponibiliza-quase-r-436-bilhoes-para-financiar-produtores-rurais.ghtml\">o novo Plano Safra do governo<\/a> contempla iniciativas de agricultura de baixo carbono. Na vis\u00e3o dele, a agropecu\u00e1ria brasileira tem investido muito em tecnologias voltadas para novas formas de produ\u00e7\u00e3o, e vem garantindo, com isso, espa\u00e7o no mercado internacional. <\/p>\n<p> &quot;O agro \u00e9 o primeiro a saber que se essa agenda n\u00e3o for endere\u00e7ada, vai acabar perdendo mercado internacional. Nossa pecu\u00e1ria tem muito que evoluir, temos condi\u00e7\u00e3o de fazer um grande trabalho no campo&quot;, afirmou o ministro. <\/p>\n<p> Ele disse tamb\u00e9m que h\u00e1 hoje uma janela de oportunidade a ser aproveitada no cen\u00e1rio internacional, pois o Brasil sofreu menos do que outras na\u00e7\u00f5es os efeitos da crise financeira de 2008, da pandemia da Covid-19 e, tamb\u00e9m, da guerra na Ucr\u00e2nia \u2013 al\u00e9m de estar voltado \u00e0 economia de baixo carbono e combate aos desequil\u00edbrios ambientais. <\/p>\n<p> Para que o Brasil continue crescendo de forma sustent\u00e1vel, Haddad citou a necessidade de <a class href=\"https:\/\/g1.globo.com\/politica\/noticia\/2023\/07\/07\/camara-aprova-texto-da-reforma-tributaria-em-2o-turno.ghtml\">terminar a reforma tribut\u00e1ria sobre o consumo, que j\u00e1 passou pela C\u00e2mara<\/a> dos Deputados e tramita no Senado, al\u00e9m de avan\u00e7ar na agenda ambiental, e na agenda para baratear o cr\u00e9dito (com aprova\u00e7\u00e3o do marco de garantias), entre outras iniciativas. <\/p>\n<p> &quot;Essa combina\u00e7\u00e3o virtuosa permite relan\u00e7ar um plano de desenvolvimento. O Brasil vai crescer, mas podemos crescer com base no potencial estimado de 2% a 2,5% ao ano. Tem gente que acha que \u00e9 menos do que isso o crescimento potencial do pa\u00eds, eu n\u00e3o fa\u00e7o parte desse time. Mas a oportunidade que se abre vai se agregar ao que seria uma taxa potencial de crescimento, de 2 a 2,5%, quanto a reforma tribut\u00e1ria e o plano de transforma\u00e7\u00e3o ecol\u00f3gica v\u00e3o acrescentar quanto a isso&quot;, disse. <\/p>\n<ul>\n<li> <a href=\"https:\/\/g1.globo.com\/politica\/politico\/fernando-haddad\/\" class=\"entities__list-itemLink\" data-track-click=\"Fernando Haddad\"> Fernando Haddad <\/a> <\/li>\n<\/ul>\n","protected":false},"excerpt":{"rendered":"<p>O ministro da Fazenda, Fernando Haddad, afirmou nesta segunda-feira (18), em Nova York, que houve uma &quot;extraordin\u00e1ria receptividade&quot; dos investidores estrangeiros aos t\u00edtulos verdes brasileiros que ser\u00e3o lan\u00e7ados nas pr\u00f3ximas semanas. Haddad acrescentou ainda que \u00e9 poss\u00edvel &quot;neoindustrializar&quot; o pa\u00eds para produzir e exportar produtos com boas pr\u00e1ticas ambientais. As declara\u00e7\u00f5es foram durante evento produzido [&hellip;]<\/p>\n","protected":false},"author":1,"featured_media":0,"comment_status":"closed","ping_status":"closed","sticky":false,"template":"","format":"standard","meta":{"footnotes":""},"categories":[],"tags":[],"class_list":["post-52992","post","type-post","status-publish","format-standard","hentry"],"_links":{"self":[{"href":"https:\/\/blog.corretoraideal.com.br\/index.php\/wp-json\/wp\/v2\/posts\/52992","targetHints":{"allow":["GET"]}}],"collection":[{"href":"https:\/\/blog.corretoraideal.com.br\/index.php\/wp-json\/wp\/v2\/posts"}],"about":[{"href":"https:\/\/blog.corretoraideal.com.br\/index.php\/wp-json\/wp\/v2\/types\/post"}],"author":[{"embeddable":true,"href":"https:\/\/blog.corretoraideal.com.br\/index.php\/wp-json\/wp\/v2\/users\/1"}],"replies":[{"embeddable":true,"href":"https:\/\/blog.corretoraideal.com.br\/index.php\/wp-json\/wp\/v2\/comments?post=52992"}],"version-history":[{"count":1,"href":"https:\/\/blog.corretoraideal.com.br\/index.php\/wp-json\/wp\/v2\/posts\/52992\/revisions"}],"predecessor-version":[{"id":52995,"href":"https:\/\/blog.corretoraideal.com.br\/index.php\/wp-json\/wp\/v2\/posts\/52992\/revisions\/52995"}],"wp:attachment":[{"href":"https:\/\/blog.corretoraideal.com.br\/index.php\/wp-json\/wp\/v2\/media?parent=52992"}],"wp:term":[{"taxonomy":"category","embeddable":true,"href":"https:\/\/blog.corretoraideal.com.br\/index.php\/wp-json\/wp\/v2\/categories?post=52992"},{"taxonomy":"post_tag","embeddable":true,"href":"https:\/\/blog.corretoraideal.com.br\/index.php\/wp-json\/wp\/v2\/tags?post=52992"}],"curies":[{"name":"wp","href":"https:\/\/api.w.org\/{rel}","templated":true}]}}