{"id":52996,"date":"2023-09-18T20:29:38","date_gmt":"2023-09-18T20:29:38","guid":{"rendered":"https:\/\/blog.corretoraideal.com.br\/?p=52996"},"modified":"2023-09-18T20:29:38","modified_gmt":"2023-09-18T20:29:38","slug":"ios-17-como-criar-um-poster-de-contato-no-iphone-recurso-que-mostra-a-sua-foto-em-ligacoes-tecnologia-g1","status":"publish","type":"post","link":"https:\/\/blog.corretoraideal.com.br\/index.php\/2023\/09\/18\/ios-17-como-criar-um-poster-de-contato-no-iphone-recurso-que-mostra-a-sua-foto-em-ligacoes-tecnologia-g1\/","title":{"rendered":"iOS 17: Como criar um p\u00f4ster de contato no iPhone, recurso que mostra a sua foto em liga\u00e7\u00f5es | Tecnologia | G1"},"content":{"rendered":"<p>      1 de 2&#013;iOS 17 \u2014 Foto: Reprodu\u00e7\u00e3o\/Apple    <\/p>\n<p> iOS 17 \u2014 Foto: Reprodu\u00e7\u00e3o\/Apple <\/p>\n<p> O p\u00f4ster de contato \u00e9 <a class href=\"https:\/\/g1.globo.com\/tecnologia\/noticia\/2023\/09\/18\/ios-17-e-liberado-nesta-segunda-veja-as-novidades-e-como-atualizar-o-iphone.ghtml\">uma das novidades do iOS 17<\/a>, a vers\u00e3o mais recente do sistema operacional (software) dos iPhones <a class href=\"https:\/\/g1.globo.com\/tecnologia\/noticia\/2023\/09\/18\/como-criar-um-poster-de-contato-no-iphone.ghtml#modelos\">(veja os modelos compat\u00edveis)<\/a>. <\/p>\n<ul>\n<li><a class href=\"https:\/\/g1.globo.com\/tecnologia\/noticia\/2023\/09\/18\/ios-17-e-liberado-nesta-segunda-veja-as-novidades-e-como-atualizar-o-iphone.ghtml\">Como atualizar o iPhone para o iOS 17<\/a><\/li>\n<\/ul>\n<p> O recurso, que foi apresentado em junho,<a class href=\"https:\/\/g1.globo.com\/tecnologia\/noticia\/2023\/06\/05\/apple-apresenta-novo-ios-17.ghtml\"> durante a WWDC 2023<\/a>, mostra a <strong>sua foto e seu nome com um estilo personalizado para as pessoas que receberem uma liga\u00e7\u00e3o sua<\/strong>. <\/p>\n<p> Por ser exclusivo da <a class href=\"https:\/\/g1.globo.com\/tudo-sobre\/apple\/\">Apple<\/a>, o p\u00f4ster de contato s\u00f3 funciona de iPhone para iPhone. <\/p>\n<p><h2>Como criar e configurar seu p\u00f4ster de contato<\/h2>\n<\/p>\n<p> O sistema deixa criar m\u00faltiplos p\u00f4steres de contato, mas s\u00f3 \u00e9 poss\u00edvel ativar um deles. Veja como criar e configurar: <\/p>\n<li>Abra o aplicativo <strong>&quot;Telefone&quot; <\/strong>e, depois, <strong>&quot;Contatos&quot;<\/strong>;<\/li>\n<li>Toque em <strong>&quot;Foto e P\u00f4ster do Contato&quot;<\/strong>; <\/li>\n<li>Comece a personalizar colocando nome e sobrenome e, depois, toque em <strong>&quot;Editar&quot;<\/strong>;<\/li>\n<li>Ao tocar em<strong> &quot;Personalizar&quot; <\/strong>e<strong> &quot;P\u00f4ster&quot;<\/strong>,<strong> <\/strong>\u00e9 poss\u00edvel colocar uma <strong>foto <\/strong>sua, seu avatar personalizado da Apple <strong>(memoji) <\/strong>e<strong> <\/strong>alterar a fonte do seu nome ao clicar em<strong> &quot;monograma&quot;<\/strong>.<strong> <\/strong><\/li>\n<li>Ap\u00f3s escolher a foto ou memoji, voc\u00ea pode adicionar um filtro e mudar a cor de fundo do p\u00f4ster; <\/li>\n<li>Depois, toque em<strong> &quot;Continuar&quot;<\/strong> e, se desejar, altere a<strong> &quot;Foto de contato&quot; <\/strong>e, ent\u00e3o, toque em<strong> &quot;Continuar&quot; <\/strong>de novo;<\/li>\n<li>Pronto! O p\u00f4ster de contato est\u00e1 criado. <\/li>\n<p>         2 de 2&#013;Como ativar o P\u00f4ster de Contato do iPhone \u2014 Foto: Arte\/g1    <\/p>\n<p> Como ativar o P\u00f4ster de Contato do iPhone \u2014 Foto: Arte\/g1 <\/p>\n<p><h2>Quais iPhones rodam o iOS 17<\/h2>\n<\/p>\n<ul>\n<li>iPhone 15, 15 Plus, 15 Pro e 15 Pro Max (2023);<\/li>\n<li>iPhone 14, 14 Plus, 14 Pro e 14 Pro Max (2022);<\/li>\n<li>iPhone 13, 13 mini, 13 Pro e 13 Pro Max (2021);<\/li>\n<li>iPhone 12, 12 mini, 12 Pro, 12 Pro Max (2020);<\/li>\n<li>iPhone 11, 11 Pro e 11 Pro Max (2019);<\/li>\n<li>iPhone XS e XS Max (2018);<\/li>\n<li>iPhone XR (2018);<\/li>\n<li>iPhone SE (2020 e 2022).<\/li>\n<\/ul>\n<p> <strong>LEIA TAMB\u00c9M:<\/strong> <\/p>\n<ul>\n<li><a class href=\"https:\/\/g1.globo.com\/tecnologia\/noticia\/2023\/09\/14\/live-npc-nova-tendencia-faz-influenciadores-viralizarem-no-tiktok-e-ganharem-milhares-de-reais-em-poucos-minutos.ghtml#G1-TECNOLOGIA-FEED-user,rec-top,87a3ac30-3780-4871-a9bb-11ea4a6e7d9a\">Live NPC: nova tend\u00eancia faz influenciadores viralizarem no TikTok e ganharem milhares de reais<\/a><\/li>\n<li><a class href=\"https:\/\/g1.globo.com\/tecnologia\/noticia\/2023\/09\/13\/whatsapp-lanca-recurso-canais-igual-ao-do-telegram-com-numero-ilimitado-de-participantes.ghtml#G1-TECNOLOGIA-FEED-user,rec-top,87a3ac30-3780-4871-a9bb-11ea4a6e7d9a\">WhatsApp lan\u00e7a recurso &#x27;Canais&#x27; igual ao do Telegram, com n\u00famero ilimitado de participantes<\/a><\/li>\n<li><a class href=\"https:\/\/g1.globo.com\/tecnologia\/noticia\/2023\/09\/12\/o-que-e-usb-c-padrao-de-conexao-que-o-iphone-passa-a-adotar-depois-de-pressao-sobre-a-apple.ghtml#G1-TECNOLOGIA-FEED-user,rec-top,87a3ac30-3780-4871-a9bb-11ea4a6e7d9a\">O que \u00e9 USB-C, padr\u00e3o de conex\u00e3o que o iPhone passa a adotar<\/a><\/li>\n<\/ul>\n<p><h2>Apple anuncia o lan\u00e7amento do iPhone 15 e outras novidades<\/h2>\n<\/p>\n<p>                   <img loading=\"lazy\" decoding=\"async\" class=\"aligncenter size-full wp-image-52998\" src=\"https:\/\/blog.corretoraideal.com.br\/wp-content\/uploads\/2023\/09\/apple-anuncia-o-lancamento-do-iphone-15-e-outras-novidades-6.jpeg\" alt=\"Apple anuncia o lan\u00e7amento do iPhone 15 e outras novidades\" width=\"800\" height=\"400\" \/>      <\/p>\n<p> Apple anuncia o lan\u00e7amento do iPhone 15 e outras novidades <\/p>\n<p><h2>Threads x Twitter: Tudo o que voc\u00ea tem que saber sobre essa treta das gigantes<\/h2>\n<\/p>\n<p>                   <img loading=\"lazy\" decoding=\"async\" class=\"aligncenter size-full wp-image-52999\" src=\"https:\/\/blog.corretoraideal.com.br\/wp-content\/uploads\/2023\/09\/threads-x-twitter-tudo-o-que-voce-tem-que-saber-sobre-essa-treta-das-gigantes-1.jpeg\" alt=\"Threads x Twitter: Tudo o que voc\u00ea tem que saber sobre essa treta das gigantes\" width=\"800\" height=\"400\" \/>      <\/p>\n<p> Threads x Twitter: Tudo o que voc\u00ea tem que saber sobre essa treta das gigantes <\/p>\n<p><h2>Twitter ganha nova identidade visual com um grande &quot;X&quot;<\/h2>\n<\/p>\n<p>                   <img loading=\"lazy\" decoding=\"async\" class=\"aligncenter size-full wp-image-53000\" src=\"https:\/\/blog.corretoraideal.com.br\/wp-content\/uploads\/2023\/09\/twitter-ganha-nova-identidade-visual-com-um-grande-x-3.jpeg\" alt=\"Twitter ganha nova identidade visual com um grande &#034;X&#034;\" width=\"800\" height=\"400\" \/>      <\/p>\n<p> Twitter ganha nova identidade visual com um grande &#8220;X&#8221; <\/p>\n<ul>\n<li> <a href=\"https:\/\/g1.globo.com\/tudo-sobre\/apple\/\" class=\"entities__list-itemLink\" data-track-click=\"Apple\"> Apple <\/a> <\/li>\n<\/ul>\n","protected":false},"excerpt":{"rendered":"<p>1 de 2&#013;iOS 17 \u2014 Foto: Reprodu\u00e7\u00e3o\/Apple iOS 17 \u2014 Foto: Reprodu\u00e7\u00e3o\/Apple O p\u00f4ster de contato \u00e9 uma das novidades do iOS 17, a vers\u00e3o mais recente do sistema operacional (software) dos iPhones (veja os modelos compat\u00edveis). Como atualizar o iPhone para o iOS 17 O recurso, que foi apresentado em junho, durante a WWDC [&hellip;]<\/p>\n","protected":false},"author":1,"featured_media":0,"comment_status":"closed","ping_status":"closed","sticky":false,"template":"","format":"standard","meta":{"footnotes":""},"categories":[],"tags":[],"class_list":["post-52996","post","type-post","status-publish","format-standard","hentry"],"_links":{"self":[{"href":"https:\/\/blog.corretoraideal.com.br\/index.php\/wp-json\/wp\/v2\/posts\/52996","targetHints":{"allow":["GET"]}}],"collection":[{"href":"https:\/\/blog.corretoraideal.com.br\/index.php\/wp-json\/wp\/v2\/posts"}],"about":[{"href":"https:\/\/blog.corretoraideal.com.br\/index.php\/wp-json\/wp\/v2\/types\/post"}],"author":[{"embeddable":true,"href":"https:\/\/blog.corretoraideal.com.br\/index.php\/wp-json\/wp\/v2\/users\/1"}],"replies":[{"embeddable":true,"href":"https:\/\/blog.corretoraideal.com.br\/index.php\/wp-json\/wp\/v2\/comments?post=52996"}],"version-history":[{"count":1,"href":"https:\/\/blog.corretoraideal.com.br\/index.php\/wp-json\/wp\/v2\/posts\/52996\/revisions"}],"predecessor-version":[{"id":53001,"href":"https:\/\/blog.corretoraideal.com.br\/index.php\/wp-json\/wp\/v2\/posts\/52996\/revisions\/53001"}],"wp:attachment":[{"href":"https:\/\/blog.corretoraideal.com.br\/index.php\/wp-json\/wp\/v2\/media?parent=52996"}],"wp:term":[{"taxonomy":"category","embeddable":true,"href":"https:\/\/blog.corretoraideal.com.br\/index.php\/wp-json\/wp\/v2\/categories?post=52996"},{"taxonomy":"post_tag","embeddable":true,"href":"https:\/\/blog.corretoraideal.com.br\/index.php\/wp-json\/wp\/v2\/tags?post=52996"}],"curies":[{"name":"wp","href":"https:\/\/api.w.org\/{rel}","templated":true}]}}