{"id":53005,"date":"2023-09-19T00:29:35","date_gmt":"2023-09-19T00:29:35","guid":{"rendered":"https:\/\/blog.corretoraideal.com.br\/?p=53005"},"modified":"2023-09-19T00:29:35","modified_gmt":"2023-09-19T00:29:35","slug":"governo-planeja-comprar-energia-solar-para-residencias-do-minha-casa-minha-vida-diz-ministro-das-cidades-economia-g1","status":"publish","type":"post","link":"https:\/\/blog.corretoraideal.com.br\/index.php\/2023\/09\/19\/governo-planeja-comprar-energia-solar-para-residencias-do-minha-casa-minha-vida-diz-ministro-das-cidades-economia-g1\/","title":{"rendered":"Governo planeja comprar energia solar para resid\u00eancias do Minha Casa, Minha Vida, diz ministro das Cidades | Economia | G1"},"content":{"rendered":"\n<ul>\n<li>\n<p> Ministro Jader Filho, das Cidades, deu entrevista coletiva em Nova York nesta segunda-feira (18). <\/p>\n<\/li>\n<li>\n<p> At\u00e9 ent\u00e3o, algumas resid\u00eancia eram feitas com painel solar, mas estrat\u00e9gia vai ser revista. <\/p>\n<\/li>\n<li>\n<p> Governo entende que energia solar pode ser melhor aplicada se for comprada e distribu\u00edda para essas casas. <\/p>\n<\/li>\n<\/ul>\n<p> Ministro Jader Filho, das Cidades, deu entrevista coletiva em Nova York nesta segunda-feira (18). <\/p>\n<p> At\u00e9 ent\u00e3o, algumas resid\u00eancia eram feitas com painel solar, mas estrat\u00e9gia vai ser revista. <\/p>\n<p> Governo entende que energia solar pode ser melhor aplicada se for comprada e distribu\u00edda para essas casas. <\/p>\n<p> O ministro das Cidades, Jader Filho, afirmou nesta segunda-feira (18) que o governo pretende enviar ao Congresso um projeto para comprar energia renov\u00e1vel para as resid\u00eancias do <a class href=\"https:\/\/g1.globo.com\/tudo-sobre\/minha-casa-minha-vida\/\">programa Minha Casa, Minha Vida<\/a>. <\/p>\n<p> A ideia \u00e9 substituir a instala\u00e7\u00e3o de placas solares nas resid\u00eancias do programa pela compra de energia solar de produtores. Essa energia seria fornecida para as casas populares. <\/p>\n<p> &quot;Chegamos \u00e0 conclus\u00e3o de que era melhor fazer a compra da energia a partir das pessoas que produzem energia solar, das fazendas que hoje temos em diversos exemplos pelo pa\u00eds. Ent\u00e3o, o mesmo valor que seria investido na aquisi\u00e7\u00e3o dessas placas solares ser\u00e1 feito para aquisi\u00e7\u00e3o da energia a partir disso&quot;, disse o ministro em evento da Confedera\u00e7\u00e3o Nacional da Ind\u00fastria (CNI), em Nova York. <\/p>\n<p> O ministro afirmou que, pela experi\u00eancia nas edi\u00e7\u00f5es anteriores do programa, os pain\u00e9is solares acabavam sendo vendidos ou n\u00e3o tinham manuten\u00e7\u00e3o, o que dificultava a continuidade da pol\u00edtica p\u00fablica. <\/p>\n<p> &quot;Desde que o presidente Lula criou o programa l\u00e1 em 2009, ficou percept\u00edvel que, em alguns estados, quando voc\u00ea aplicava placa solar no telhado das casas, aquilo muitas das vezes era vendido ou n\u00e3o tinha manuten\u00e7\u00e3o para poder dar sequ\u00eancia nisso&quot;, declarou. <\/p>\n<p>                   <img loading=\"lazy\" decoding=\"async\" class=\"aligncenter size-full wp-image-53007\" src=\"https:\/\/blog.corretoraideal.com.br\/wp-content\/uploads\/2023\/09\/eespecialista-explica-como-participar-do-programa-minha-casa-minha-vida.jpeg\" alt=\"Eespecialista explica como participar do programa Minha Casa, Minha Vida\" width=\"800\" height=\"400\" \/>      <\/p>\n<p> Eespecialista explica como participar do programa Minha Casa, Minha Vida <\/p>\n<p><h2>Veto de Lula a trecho sobre pain\u00e9is solares<\/h2>\n<\/p>\n<p> Em julho, o presidente Luiz In\u00e1cio Lula da Silva (PT) vetou um trecho sobre pain\u00e9is solares da lei que recriou o programa Minha Casa, Minha Vida. <\/p>\n<p> O trecho havia sido inclu\u00eddo no Congresso e obrigava as distribuidoras a comprar o excedente de energia produzida pelos pain\u00e9is solares instalados nas casas populares. <\/p>\n<p> Na ocasi\u00e3o, Jader Filho afirmou que o governo iria iniciar um processo de discuss\u00e3o com o Congresso e o setor privado sobre o tema. <\/p>\n<p> &quot;Pactuamos que far\u00edamos o veto disso, mas n\u00e3o estamos desconsiderando, muito pelo contr\u00e1rio, queremos que a quest\u00e3o da energia solar esteja dentro do programa da Minha Casa, Minha Vida&quot;, afirmou em julho. <\/p>\n<p> Ao aprovar a medida provis\u00f3ria que recria o programa, o Congresso acrescentou o trecho que obrigava as distribuidoras a comprar o excedente de energia produzido pelas placas solares instaladas nas casas populares. <\/p>\n<p> A instala\u00e7\u00e3o dessas placas foi proposta pelo governo na medida, como uma forma de baratear a energia consumida. <\/p>\n<p> A produ\u00e7\u00e3o de energia pelo pr\u00f3prio consumidor, principalmente a partir desses pain\u00e9is, \u00e9 chamada de &quot;gera\u00e7\u00e3o distribu\u00edda&quot;. Funciona da seguinte forma: <\/p>\n<ul>\n<li>O consumidor est\u00e1 conectado ao sistema de distribui\u00e7\u00e3o, mesmo que tenha placas solares instaladas;<\/li>\n<li>Ele injeta a energia produzida na rede e a distribuidora faz um c\u00e1lculo da quantidade de energia que \u201centrou\u201d no sistema e que foi consumida;<\/li>\n<li>Como a gera\u00e7\u00e3o de energia solar \u00e9 inconsistente, porque depende do clima, \u00e9 poss\u00edvel que em um m\u00eas o consumidor produza mais energia do que consome; <\/li>\n<li>Esse excedente vira cr\u00e9dito, que pode ser descontado em um outro m\u00eas em que ele consome mais do que produz.<\/li>\n<\/ul>\n<p> Com as mudan\u00e7as do Congresso, no lugar de conceder cr\u00e9dito, a distribuidora teria que comprar a energia que teria &quot;sobrado&quot;. Esse trecho foi criticado por entidades do setor por causa de um eventual impacto na conta de luz daqueles que n\u00e3o t\u00eam pain\u00e9is em suas resid\u00eancias. <\/p>\n<ul>\n<li> <a href=\"https:\/\/g1.globo.com\/tudo-sobre\/minha-casa-minha-vida\/\" class=\"entities__list-itemLink\" data-track-click=\"Minha Casa, Minha Vida\"> Minha Casa, Minha Vida <\/a> <\/li>\n<\/ul>\n","protected":false},"excerpt":{"rendered":"<p>Ministro Jader Filho, das Cidades, deu entrevista coletiva em Nova York nesta segunda-feira (18). At\u00e9 ent\u00e3o, algumas resid\u00eancia eram feitas com painel solar, mas estrat\u00e9gia vai ser revista. Governo entende que energia solar pode ser melhor aplicada se for comprada e distribu\u00edda para essas casas. Ministro Jader Filho, das Cidades, deu entrevista coletiva em Nova [&hellip;]<\/p>\n","protected":false},"author":1,"featured_media":0,"comment_status":"closed","ping_status":"closed","sticky":false,"template":"","format":"standard","meta":{"footnotes":""},"categories":[],"tags":[],"class_list":["post-53005","post","type-post","status-publish","format-standard","hentry"],"_links":{"self":[{"href":"https:\/\/blog.corretoraideal.com.br\/index.php\/wp-json\/wp\/v2\/posts\/53005","targetHints":{"allow":["GET"]}}],"collection":[{"href":"https:\/\/blog.corretoraideal.com.br\/index.php\/wp-json\/wp\/v2\/posts"}],"about":[{"href":"https:\/\/blog.corretoraideal.com.br\/index.php\/wp-json\/wp\/v2\/types\/post"}],"author":[{"embeddable":true,"href":"https:\/\/blog.corretoraideal.com.br\/index.php\/wp-json\/wp\/v2\/users\/1"}],"replies":[{"embeddable":true,"href":"https:\/\/blog.corretoraideal.com.br\/index.php\/wp-json\/wp\/v2\/comments?post=53005"}],"version-history":[{"count":1,"href":"https:\/\/blog.corretoraideal.com.br\/index.php\/wp-json\/wp\/v2\/posts\/53005\/revisions"}],"predecessor-version":[{"id":53008,"href":"https:\/\/blog.corretoraideal.com.br\/index.php\/wp-json\/wp\/v2\/posts\/53005\/revisions\/53008"}],"wp:attachment":[{"href":"https:\/\/blog.corretoraideal.com.br\/index.php\/wp-json\/wp\/v2\/media?parent=53005"}],"wp:term":[{"taxonomy":"category","embeddable":true,"href":"https:\/\/blog.corretoraideal.com.br\/index.php\/wp-json\/wp\/v2\/categories?post=53005"},{"taxonomy":"post_tag","embeddable":true,"href":"https:\/\/blog.corretoraideal.com.br\/index.php\/wp-json\/wp\/v2\/tags?post=53005"}],"curies":[{"name":"wp","href":"https:\/\/api.w.org\/{rel}","templated":true}]}}