{"id":53013,"date":"2023-09-19T03:29:37","date_gmt":"2023-09-19T03:29:37","guid":{"rendered":"https:\/\/blog.corretoraideal.com.br\/?p=53013"},"modified":"2023-09-19T03:29:37","modified_gmt":"2023-09-19T03:29:37","slug":"campos-cadastra-estudantes-para-programa-de-transporte-universitario-gratuito-norte-fluminense-g1","status":"publish","type":"post","link":"https:\/\/blog.corretoraideal.com.br\/index.php\/2023\/09\/19\/campos-cadastra-estudantes-para-programa-de-transporte-universitario-gratuito-norte-fluminense-g1\/","title":{"rendered":"Campos cadastra estudantes para Programa de Transporte Universit\u00e1rio gratuito | Norte Fluminense | G1"},"content":{"rendered":"<p>      1 de 2&#013;\u00d4nibus foram adesivados para atender grupos de estudantes que moram em \u00e1reas mais afastadas do Centro de Campos \u2014 Foto: C\u00e9sar Ferreira\/Prefeitura de Campos    <\/p>\n<p> \u00d4nibus foram adesivados para atender grupos de estudantes que moram em \u00e1reas mais afastadas do Centro de Campos \u2014 Foto: C\u00e9sar Ferreira\/Prefeitura de Campos <\/p>\n<p> <a class href=\"https:\/\/g1.globo.com\/rj\/norte-fluminense\/cidade\/campos-dos-goytacazes\/\">Campos dos Goytacazes<\/a>, no Norte Fluminense, lan\u00e7ou o Programa Municipal de Transporte Universit\u00e1rio e abriu, nesta segunda-feira (18), o cadastramento para estudantes que precisam do transporte para se deslocar at\u00e9 a institui\u00e7\u00e3o de ensino. <\/p>\n<p> Podem se inscrever universit\u00e1rios, p\u00f3s-graduandos, alunos de cursos t\u00e9cnicos e profissionalizantes, al\u00e9m de estudantes da Educa\u00e7\u00e3o de Jovens e Adultos (EJA) da rede municipal de ensino que moram no interior da cidade de Campos e t\u00eam dificuldades de arcar com os custos do transporte para estudar. <\/p>\n<p> As inscri\u00e7\u00f5es podem ser feitas at\u00e9 o dia 28 de setembro pela internet,<a class href=\"http:\/\/seduct.campos.rj.gov.br\/transporte\/\" target=\"_blank\" rel=\"noopener noreferrer\"> em link disponibilizado pela Prefeitura<\/a>, exceto alunos da EJA, que est\u00e3o se cadastrando diretamente nas unidades onde estudam, com o apoio dos gestores. No site tamb\u00e9m \u00e9 poss\u00edvel acessar o regulamento do programa. <\/p>\n<p>         2 de 2&#013;\u00d4nibus foram adesivados para atender grupos de estudantes que moram em \u00e1reas mais afastadas do Centro de Campos &#8211; Foto C\u00e9sar Ferreira \u2014 Foto: C\u00e9sar Ferreira\/Prefeitura de Campos    <\/p>\n<p> \u00d4nibus foram adesivados para atender grupos de estudantes que moram em \u00e1reas mais afastadas do Centro de Campos &#8211; Foto C\u00e9sar Ferreira \u2014 Foto: C\u00e9sar Ferreira\/Prefeitura de Campos <\/p>\n<p> A frota de \u00f4nibus que prestar\u00e1 o servi\u00e7o j\u00e1 foi adesivada. Segundo a Prefeitura, o atendimento vai come\u00e7ar assim que a fase do cadastramento dos alunos estiver conclu\u00edda. <\/p>\n<p> O Programa Municipal de Transporte Universit\u00e1rio foi lan\u00e7ado no come\u00e7o do m\u00eas por meio da Secretaria Municipal de Educa\u00e7\u00e3o, Ci\u00eancia e Tecnologia. <\/p>\n<p> A pedido do prefeito, Wladimir Garotinho, um Grupo de Trabalho (GT) envolvendo representantes das universidades, dos diret\u00f3rios acad\u00eamicos e das escolas municipais, foi criado visando \u00e0 constru\u00e7\u00e3o coletiva de propostas para viabilizar as regras e crit\u00e9rios do cadastramento. <\/p>\n<p> O objetivo \u00e9 atender, gratuitamente, alunos dos distritos e bairros mais afastados do Centro da cidade. <\/p>\n<p> \u201cChamamos esse grupo para nos ajudarem a construir essa etapa do processo, de forma coletiva, apresentando sugest\u00f5es e propostas. O transporte vai funcionar com um sistema de quilometragem livre e ficar\u00e1 \u00e0 disposi\u00e7\u00e3o dos estudantes de segunda a sexta-feira. Mas tamb\u00e9m poderemos atend\u00ea-los nos finais de semana e em eventos como congressos, cursos, semin\u00e1rios, mediante comunica\u00e7\u00e3o pr\u00e9via\u201d, informou o prefeito. <\/p>\n<p> A medida faz parte das a\u00e7\u00f5es previstas pelo Programa de Aprendizagem Eficiente (PAE) da Secretaria Municipal de Educa\u00e7\u00e3o, Ci\u00eancia e Tecnologia. <\/p>\n<p> O contrato prev\u00ea dois grupos de transportes: um com 10 rotas para os estudantes universit\u00e1rios e outro com 10 rotas para os alunos da EJA. <\/p>\n<p> Cerca de 60 localidades ser\u00e3o atendidas com o transporte da EJA, contemplando moradores dos bairros e localidades mais distantes do Centro da cidade, como Ribeiro do Amaro, Guandu, Nova Cana\u00e3, Farol de S\u00e3o Tom\u00e9, Dores de Macabu, entre outras. <\/p>\n<p> \u201cApoiar a EJA e os estudantes universit\u00e1rios \u00e9 um compromisso que deve ser cumprido com a Educa\u00e7\u00e3o. No caso da EJA, o pa\u00eds tem uma d\u00edvida com essas pessoas que n\u00e3o conseguiram concluir seus estudos no tempo ideal. E a gente sabe da import\u00e2ncia de trabalhar com a EJA, oferecendo o melhor para esses alunos e ainda associando a perspectiva ocupacional e a qualifica\u00e7\u00e3o profissional\u201d, disse o secret\u00e1rio. \u201cEstamos, com isso, ajudando a eliminar as barreiras do aprendizado\u201d, completou Marcelo Feres, secret\u00e1rio municipal de Educa\u00e7\u00e3o, Ci\u00eancia e Tecnologia. <\/p>\n<p> O subsecret\u00e1rio de Gest\u00e3o Operacional, Nilo Manh\u00e3es, explicou que, ap\u00f3s o cadastro on-line, haver\u00e1 valida\u00e7\u00e3o dos dados informados junto \u00e0s universidades. <\/p>\n<p> \u201cA partir desses dados e da demanda que ser\u00e1 apresentada no cadastramento, faremos as rotas dos \u00f4nibus. Esse \u00e9 mais um passo importante da Prefeitura, visando melhorar a qualidade do ensino em Campos\u201d, disse o subsecret\u00e1rio. <\/p>\n<ul>\n<li> <a href=\"https:\/\/g1.globo.com\/rj\/norte-fluminense\/cidade\/campos-dos-goytacazes\/\" class=\"entities__list-itemLink\" data-track-click=\"Campos dos Goytacazes\"> Campos dos Goytacazes <\/a> <\/li>\n<\/ul>\n","protected":false},"excerpt":{"rendered":"<p>1 de 2&#013;\u00d4nibus foram adesivados para atender grupos de estudantes que moram em \u00e1reas mais afastadas do Centro de Campos \u2014 Foto: C\u00e9sar Ferreira\/Prefeitura de Campos \u00d4nibus foram adesivados para atender grupos de estudantes que moram em \u00e1reas mais afastadas do Centro de Campos \u2014 Foto: C\u00e9sar Ferreira\/Prefeitura de Campos Campos dos Goytacazes, no Norte [&hellip;]<\/p>\n","protected":false},"author":1,"featured_media":0,"comment_status":"closed","ping_status":"closed","sticky":false,"template":"","format":"standard","meta":{"footnotes":""},"categories":[],"tags":[],"class_list":["post-53013","post","type-post","status-publish","format-standard","hentry"],"_links":{"self":[{"href":"https:\/\/blog.corretoraideal.com.br\/index.php\/wp-json\/wp\/v2\/posts\/53013","targetHints":{"allow":["GET"]}}],"collection":[{"href":"https:\/\/blog.corretoraideal.com.br\/index.php\/wp-json\/wp\/v2\/posts"}],"about":[{"href":"https:\/\/blog.corretoraideal.com.br\/index.php\/wp-json\/wp\/v2\/types\/post"}],"author":[{"embeddable":true,"href":"https:\/\/blog.corretoraideal.com.br\/index.php\/wp-json\/wp\/v2\/users\/1"}],"replies":[{"embeddable":true,"href":"https:\/\/blog.corretoraideal.com.br\/index.php\/wp-json\/wp\/v2\/comments?post=53013"}],"version-history":[{"count":1,"href":"https:\/\/blog.corretoraideal.com.br\/index.php\/wp-json\/wp\/v2\/posts\/53013\/revisions"}],"predecessor-version":[{"id":53015,"href":"https:\/\/blog.corretoraideal.com.br\/index.php\/wp-json\/wp\/v2\/posts\/53013\/revisions\/53015"}],"wp:attachment":[{"href":"https:\/\/blog.corretoraideal.com.br\/index.php\/wp-json\/wp\/v2\/media?parent=53013"}],"wp:term":[{"taxonomy":"category","embeddable":true,"href":"https:\/\/blog.corretoraideal.com.br\/index.php\/wp-json\/wp\/v2\/categories?post=53013"},{"taxonomy":"post_tag","embeddable":true,"href":"https:\/\/blog.corretoraideal.com.br\/index.php\/wp-json\/wp\/v2\/tags?post=53013"}],"curies":[{"name":"wp","href":"https:\/\/api.w.org\/{rel}","templated":true}]}}