{"id":53019,"date":"2023-09-19T05:29:34","date_gmt":"2023-09-19T05:29:34","guid":{"rendered":"https:\/\/blog.corretoraideal.com.br\/?p=53019"},"modified":"2023-09-19T05:29:34","modified_gmt":"2023-09-19T05:29:34","slug":"haddad-faz-reuniao-bilateral-a-portas-fechadas-com-representante-especial-dos-eua-para-o-clima-economia-g1","status":"publish","type":"post","link":"https:\/\/blog.corretoraideal.com.br\/index.php\/2023\/09\/19\/haddad-faz-reuniao-bilateral-a-portas-fechadas-com-representante-especial-dos-eua-para-o-clima-economia-g1\/","title":{"rendered":"Haddad faz reuni\u00e3o bilateral a portas fechadas com representante especial dos EUA para o clima | Economia | G1"},"content":{"rendered":"<p>                <img loading=\"lazy\" decoding=\"async\" class=\"aligncenter size-full wp-image-53021\" src=\"https:\/\/blog.corretoraideal.com.br\/wp-content\/uploads\/2023\/09\/haddad-faz-reuniao-bilateral-a-portas-fechadas-com-representante-especial-dos-eua-para-o-clima-1.jpeg\" alt=\"Haddad faz reuni\u00e3o bilateral a portas fechadas com representante especial dos EUA para o clima\" width=\"800\" height=\"400\" \/>      <\/p>\n<p> Haddad faz reuni\u00e3o bilateral a portas fechadas com representante especial dos EUA para o clima <\/p>\n<p> Na tarde desta segunda-feira (18), o ministro da Fazenda, <a class href=\"https:\/\/g1.globo.com\/politica\/politico\/fernando-haddad\/\">Fernando Haddad<\/a> fez uma reuni\u00e3o bilateral a portas fechadas com o representante especial dos <a class href=\"https:\/\/g1.globo.com\/tudo-sobre\/estados-unidos\/\">Estados Unidos<\/a> para o clima, John Kerry. Segundo o ministro, o encontro teve o objetivo de promover &quot;mais parcerias&quot;. <\/p>\n<p> Haddad disse que enfatizou a necessidade de criar oportunidades para as empresas brasileiras estabelecerem parcerias mais abrangentes com os Estados Unidos. <\/p>\n<p>\u201cO que eu conversei com John Kerry foi que n\u00f3s t\u00ednhamos que abrir espa\u00e7o para que as nossas empresas pudessem fazer mais parcerias, porque nem tudo interessa produzir nos Estados Unidos. Ent\u00e3o, o aspecto crucial \u00e9 que n\u00f3s possamos explorar mais possibilidades sem as amarras t\u00edpicas dos acordos bilaterais e multilaterais\u201d, afirmou o ministro da Fazenda, Fernando Haddad.<\/p>\n<p>         1 de 3&#013;Haddad faz reuni\u00e3o bilateral a portas fechadas com representante especial dos EUA para o clima \u2014 Foto: Reprodu\u00e7\u00e3o\/TV Globo    <\/p>\n<p> Haddad faz reuni\u00e3o bilateral a portas fechadas com representante especial dos EUA para o clima \u2014 Foto: Reprodu\u00e7\u00e3o\/TV Globo <\/p>\n<p> Ap\u00f3s o encontro, os dois participaram de um evento que abordou o desenvolvimento sustent\u00e1vel do <a class href=\"https:\/\/g1.globo.com\/tudo-sobre\/brasil\/\">Brasil<\/a>, com foco especial na preserva\u00e7\u00e3o da Amaz\u00f4nia. <\/p>\n<p> Ao final do evento, John Kerry afirmou que as pessoas est\u00e3o descobrindo agora que h\u00e1 formas inteligentes de ganhar dinheiro com investimentos que ajudam a proteger pessoas e florestas. <\/p>\n<p>         2 de 3&#013;Haddad e representante especial dos EUA para o clima em evento sobre desenvolvimento sustent\u00e1vel do Brasil \u2014 Foto: Reprodu\u00e7\u00e3o\/TV Globo    <\/p>\n<p> Haddad e representante especial dos EUA para o clima em evento sobre desenvolvimento sustent\u00e1vel do Brasil \u2014 Foto: Reprodu\u00e7\u00e3o\/TV Globo <\/p>\n<p><h2><strong>Brasil lan\u00e7a &#x27;t\u00edtulos verdes&#x27; na bolsa de NY<\/strong><\/h2>\n<\/p>\n<p> Ainda nesta segunda-feira (18), o governo brasileiro <a class href=\"https:\/\/g1.globo.com\/jornal-nacional\/noticia\/2023\/09\/18\/titulos-verdes-governo-lanca-forma-inedita-de-financiamento-de-protecao-do-meio-ambiente.ghtml\">lan\u00e7ou uma forma in\u00e9dita de financiamento de prote\u00e7\u00e3o do meio ambiente<\/a>. Pela <strong>primeira vez<\/strong>, o governo brasileiro vai oferecer no mercado financeiro internacional t\u00edtulos da d\u00edvida externa com crit\u00e9rios sustent\u00e1veis: s\u00e3o os chamados <strong>t\u00edtulos verdes<\/strong>. <\/p>\n<p> S\u00f3 nos Estados Unidos, a previs\u00e3o \u00e9 captar at\u00e9 US$ 2 bilh\u00f5es, equivalente a cerca de R$ 10 bilh\u00f5es, com a venda desses pap\u00e9is. O valor ser\u00e1 usado exclusivamente para financiar a\u00e7\u00f5es sustent\u00e1veis, como adaptar a ind\u00fastria brasileira a essa nova realidade de combate \u00e0s mudan\u00e7as clim\u00e1ticas. O governo brasileiro promete divulgar dois relat\u00f3rios anuais para mostrar onde o dinheiro est\u00e1 sendo investido. Os t\u00edtulos verdes dever\u00e3o estar dispon\u00edveis at\u00e9 outubro. <\/p>\n<p>         3 de 3&#013;Haddad faz reuni\u00e3o bilateral a portas fechadas com representante especial dos EUA para o clima \u2014 Foto: Reprodu\u00e7\u00e3o\/TV Globo    <\/p>\n<p> Haddad faz reuni\u00e3o bilateral a portas fechadas com representante especial dos EUA para o clima \u2014 Foto: Reprodu\u00e7\u00e3o\/TV Globo <\/p>\n<p><h2>Veja a reportagem completa, abaixo:<\/h2>\n<\/p>\n<p>                   <img loading=\"lazy\" decoding=\"async\" class=\"aligncenter size-full wp-image-53022\" src=\"https:\/\/blog.corretoraideal.com.br\/wp-content\/uploads\/2023\/09\/titulos-verdes-governo-lanca-forma-inedita-de-financiamento-de-protecao-do-meio-ambiente.jpeg\" alt=\"T\u00edtulos verdes: governo lan\u00e7a forma in\u00e9dita de financiamento de prote\u00e7\u00e3o do meio ambiente\" width=\"800\" height=\"400\" \/>      <\/p>\n<p> T\u00edtulos verdes: governo lan\u00e7a forma in\u00e9dita de financiamento de prote\u00e7\u00e3o do meio ambiente <\/p>\n<p> <strong>LEIA TAMB\u00c9M<\/strong> <\/p>\n<ul>\n<li><a class href=\"https:\/\/g1.globo.com\/economia\/noticia\/2023\/09\/18\/em-ny-haddad-cita-boa-receptividade-de-investidores-a-titulos-verdes-e-fala-em-neoindustrializar-o-brasil.ghtml\"><strong>Em NY, Haddad cita boa receptividade de investidores a &#x27;t\u00edtulos verdes&#x27; e fala em &#x27;neoindustrializar&#x27; o Brasil<\/strong><\/a><\/li>\n<\/ul>\n<ul>\n<li> <a href=\"https:\/\/g1.globo.com\/politica\/politico\/arthur-lira\/\" class=\"entities__list-itemLink\" data-track-click=\"Arthur Lira\"> Arthur Lira <\/a> <\/li>\n<li> <a href=\"https:\/\/g1.globo.com\/tudo-sobre\/brasil\/\" class=\"entities__list-itemLink\" data-track-click=\"Brasil\"> Brasil <\/a> <\/li>\n<li> <a href=\"https:\/\/g1.globo.com\/tudo-sobre\/camara-dos-deputados\/\" class=\"entities__list-itemLink\" data-track-click=\"C\u00e2mara dos Deputados\"> C\u00e2mara dos Deputados <\/a> <\/li>\n<li> <a href=\"https:\/\/g1.globo.com\/tudo-sobre\/estados-unidos\/\" class=\"entities__list-itemLink\" data-track-click=\"Estados Unidos\"> Estados Unidos <\/a> <\/li>\n<li> <a href=\"https:\/\/g1.globo.com\/politica\/politico\/fernando-haddad\/\" class=\"entities__list-itemLink\" data-track-click=\"Fernando Haddad\"> Fernando Haddad <\/a> <\/li>\n<li> <a href=\"https:\/\/g1.globo.com\/politica\/politico\/marina-silva\/\" class=\"entities__list-itemLink\" data-track-click=\"Marina Silva\"> Marina Silva <\/a> <\/li>\n<li> <a href=\"https:\/\/g1.globo.com\/mundo\/estados-unidos\/cidade\/nova-york.html\" class=\"entities__list-itemLink\" data-track-click=\"Nova York\"> Nova York <\/a> <\/li>\n<li> <a href=\"https:\/\/g1.globo.com\/politica\/politico\/rodrigo-otavio-soares-pacheco\/\" class=\"entities__list-itemLink\" data-track-click=\"Rodrigo Pacheco\"> Rodrigo Pacheco <\/a> <\/li>\n<li> <a href=\"https:\/\/g1.globo.com\/tudo-sobre\/senado-federal\/\" class=\"entities__list-itemLink\" data-track-click=\"Senado\"> Senado <\/a> <\/li>\n<\/ul>\n","protected":false},"excerpt":{"rendered":"<p>Haddad faz reuni\u00e3o bilateral a portas fechadas com representante especial dos EUA para o clima Na tarde desta segunda-feira (18), o ministro da Fazenda, Fernando Haddad fez uma reuni\u00e3o bilateral a portas fechadas com o representante especial dos Estados Unidos para o clima, John Kerry. Segundo o ministro, o encontro teve o objetivo de promover [&hellip;]<\/p>\n","protected":false},"author":1,"featured_media":0,"comment_status":"closed","ping_status":"closed","sticky":false,"template":"","format":"standard","meta":{"footnotes":""},"categories":[],"tags":[],"class_list":["post-53019","post","type-post","status-publish","format-standard","hentry"],"_links":{"self":[{"href":"https:\/\/blog.corretoraideal.com.br\/index.php\/wp-json\/wp\/v2\/posts\/53019","targetHints":{"allow":["GET"]}}],"collection":[{"href":"https:\/\/blog.corretoraideal.com.br\/index.php\/wp-json\/wp\/v2\/posts"}],"about":[{"href":"https:\/\/blog.corretoraideal.com.br\/index.php\/wp-json\/wp\/v2\/types\/post"}],"author":[{"embeddable":true,"href":"https:\/\/blog.corretoraideal.com.br\/index.php\/wp-json\/wp\/v2\/users\/1"}],"replies":[{"embeddable":true,"href":"https:\/\/blog.corretoraideal.com.br\/index.php\/wp-json\/wp\/v2\/comments?post=53019"}],"version-history":[{"count":1,"href":"https:\/\/blog.corretoraideal.com.br\/index.php\/wp-json\/wp\/v2\/posts\/53019\/revisions"}],"predecessor-version":[{"id":53023,"href":"https:\/\/blog.corretoraideal.com.br\/index.php\/wp-json\/wp\/v2\/posts\/53019\/revisions\/53023"}],"wp:attachment":[{"href":"https:\/\/blog.corretoraideal.com.br\/index.php\/wp-json\/wp\/v2\/media?parent=53019"}],"wp:term":[{"taxonomy":"category","embeddable":true,"href":"https:\/\/blog.corretoraideal.com.br\/index.php\/wp-json\/wp\/v2\/categories?post=53019"},{"taxonomy":"post_tag","embeddable":true,"href":"https:\/\/blog.corretoraideal.com.br\/index.php\/wp-json\/wp\/v2\/tags?post=53019"}],"curies":[{"name":"wp","href":"https:\/\/api.w.org\/{rel}","templated":true}]}}