{"id":53034,"date":"2023-09-19T15:29:35","date_gmt":"2023-09-19T15:29:35","guid":{"rendered":"https:\/\/blog.corretoraideal.com.br\/?p=53034"},"modified":"2023-09-19T15:29:35","modified_gmt":"2023-09-19T15:29:35","slug":"dolar-e-ibovespa-operam-com-volatilidade-em-mais-um-dia-de-espera-por-decisoes-de-juros-no-brasil-e-nos-eua-economia-g1","status":"publish","type":"post","link":"https:\/\/blog.corretoraideal.com.br\/index.php\/2023\/09\/19\/dolar-e-ibovespa-operam-com-volatilidade-em-mais-um-dia-de-espera-por-decisoes-de-juros-no-brasil-e-nos-eua-economia-g1\/","title":{"rendered":"D\u00f3lar e Ibovespa operam com volatilidade, em mais um dia de espera por decis\u00f5es de juros no Brasil e nos EUA | Economia | G1"},"content":{"rendered":"<p>      1 de 1&#013;D\u00f3lar opera em baixa \u2014 Foto: Pixabay    <\/p>\n<p> D\u00f3lar opera em baixa \u2014 Foto: Pixabay <\/p>\n<p> O d\u00f3lar e o Ibovespa, principal \u00edndice acion\u00e1rio da Bolsa de Valores de S\u00e3o Paulo, a B3, operam com volatilidade nesta ter\u00e7a-feira (19), oscilando entre altas e baixas, em mais um dia marcado pelas expectativas por decis\u00f5es importantes de pol\u00edtica monet\u00e1ria. <\/p>\n<p> Hoje come\u00e7am as reuni\u00f5es do Comit\u00ea de Pol\u00edtica Monet\u00e1ria (<a class href=\"https:\/\/g1.globo.com\/tudo-sobre\/copom\/\">Copom<\/a>) do <a class href=\"https:\/\/g1.globo.com\/tudo-sobre\/banco-central-do-brasil\/\">Banco Central do Brasil<\/a> (BC) e do Federal Reserve (<a class href=\"https:\/\/g1.globo.com\/tudo-sobre\/fed\/\">Fed<\/a>, o banco central americano). <\/p>\n<p> \u00c0s 11h40, a moeda norte-americana subia 0,08%, cotada a R$ 4,8595, enquanto o Ibovespa tinha queda de 0,04%, aos 118.238 pontos. <a class href=\"https:\/\/valor.globo.com\/valor-data\/\">Veja mais cota\u00e7\u00f5es.<\/a> <\/p>\n<p> No dia anterior, o d\u00f3lar fechou com baixa de 0,31%, vendido a R$ 4,8556, no menor patamar do m\u00eas at\u00e9 agora. Com o resultado, a moeda passou a acumular <strong>quedas de<\/strong>:  <\/p>\n<ul>\n<li><strong>0,31% na semana;<\/strong><\/li>\n<li><strong>1,91% no m\u00eas;<\/strong><\/li>\n<li><strong>e de 8,00% no ano.<\/strong><\/li>\n<\/ul>\n<p> J\u00e1 no mercado acion\u00e1rio, o Ibovespa fechou em queda de 0,40%, aos 118.288 pontos, e passou a acumular: <\/p>\n<ul>\n<li><strong>queda de 0,31% na semana;<\/strong><\/li>\n<li><strong>avan\u00e7o de 2,20% no m\u00eas; <\/strong><\/li>\n<li><strong>e alta de 7,80% no ano.<\/strong><\/li>\n<\/ul>\n<ul>\n<li><strong>COMERCIAL X TURISMO: <\/strong><a class href=\"https:\/\/g1.globo.com\/economia\/noticia\/2022\/04\/25\/dolar-comercial-x-turismo-qual-a-diferenca-e-por-que-o-turismo-e-mais-caro.ghtml\">qual a diferen\u00e7a entre a cota\u00e7\u00e3o de moedas estrangeiras e por que o turismo \u00e9 mais caro?<\/a><\/li>\n<li><strong>DINHEIRO OU CART\u00c3O? <\/strong><a class href=\"https:\/\/g1.globo.com\/economia\/noticia\/2022\/03\/26\/dinheiro-ou-cartao-qual-a-melhor-forma-de-levar-dolares-em-viagens.ghtml\">Qual a melhor forma de levar d\u00f3lares em viagens?<\/a><\/li>\n<li><strong>D\u00d3LAR: <\/strong><a class href=\"https:\/\/g1.globo.com\/economia\/noticia\/2022\/04\/05\/dolar-qual-o-melhor-momento-para-comprar.ghtml\">Qual o melhor momento para comprar a moeda? <\/a><\/li>\n<\/ul>\n<p><h2>O que est\u00e1 mexendo com os mercados?<\/h2>\n<\/p>\n<p> O dia n\u00e3o conta com divulga\u00e7\u00f5es muito importantes na agenda econ\u00f4mica global, mas o preg\u00e3o segue marcado pela tens\u00e3o que antecede as decis\u00f5es de pol\u00edtica monet\u00e1ria, principalmente nos <a class href=\"https:\/\/g1.globo.com\/tudo-sobre\/estados-unidos\/\">Estados Unidos<\/a>. <\/p>\n<p> A maioria do mercado espera que o <a class href=\"https:\/\/g1.globo.com\/tudo-sobre\/fed\/\">Fed<\/a> mantenha as taxas de juros do pa\u00eds, hoje entre 5,25% e 5,50% ao ano, inalteradas, depois de dados da infla\u00e7\u00e3o de agosto na \u00faltima semana virem em linha com o que era esperado. <\/p>\n<p> No entanto, a continuidade do avan\u00e7o no pre\u00e7o das commodities, sobretudo o petr\u00f3leo adiciona uma preocupa\u00e7\u00e3o aos investidores e especialistas, porque essa alta pode acabar gerando, uma vez mais, a choques inflacion\u00e1rios. <\/p>\n<p> Tamb\u00e9m come\u00e7a hoje a reuni\u00e3o do <a class href=\"https:\/\/g1.globo.com\/tudo-sobre\/copom\/\">Copom<\/a>, e a expectativa geral \u00e9 que o comit\u00ea promova mais um corte na Selic, taxa b\u00e1sica de juros, hoje em 13,25% ao ano. A maior parte das proje\u00e7\u00f5es apontam para uma queda de 0,50 ponto percentual nos juros, assim como ocorreu na \u00faltima reuni\u00e3o da institui\u00e7\u00e3o, mas h\u00e1 quem acredite na possibilidade de um corte de at\u00e9 0,75 ponto percentual. <\/p>\n<p> Al\u00e9m da decis\u00e3o sobre a taxa Selic em si, o mercado tamb\u00e9m aguarda ansioso pelo comunicado do <a class href=\"https:\/\/g1.globo.com\/tudo-sobre\/copom\/\">Copom<\/a>, que traz mais informa\u00e7\u00f5es sobre como o comit\u00ea est\u00e1 enxergando as din\u00e2micas da economia brasileira e sinaliza quais devem ser os pr\u00f3ximos passos do BC em rela\u00e7\u00e3o aos juros. <\/p>\n<ul>\n<li><a class href=\"https:\/\/g1.globo.com\/economia\/noticia\/2023\/09\/19\/taxa-selic-entenda-os-pontos-mais-importantes-para-a-decisao-de-juros-do-banco-central.ghtml\">Taxa Selic: entenda os pontos mais importantes para a decis\u00e3o de juros do Banco Central<\/a><\/li>\n<\/ul>\n<p> No fim do dia, ap\u00f3s \u00e0s 22h, o Banco Popular da China tamb\u00e9m deve anunciar novas decis\u00f5es de pol\u00edtica monet\u00e1ria. A situa\u00e7\u00e3o da economia chinesa \u00e9 diferente do Brasil e <a class href=\"https:\/\/g1.globo.com\/tudo-sobre\/estados-unidos\/\">Estados Unidos<\/a>, porque l\u00e1 o problema n\u00e3o \u00e9 o avan\u00e7o da infla\u00e7\u00e3o, mas sim o enfraquecimento da atividade econ\u00f4mica. <\/p>\n<p> Por isso, \u00e9 esperado que o banco promova uma redu\u00e7\u00e3o nos juros, de forma a estimular a economia. Se as expectativas se concretizarem, os impactos positivos podem ser sentidos, inclusive, no mercado brasileiro, j\u00e1 que a China \u00e9 o principal parceiro comercial do Brasil e, com os est\u00edmulos econ\u00f4micos no pa\u00eds, as exporta\u00e7\u00f5es nacionais podem aumentar. <\/p>\n<p> Na agenda interna, o destaque fica com a divulga\u00e7\u00e3o do <a class href=\"https:\/\/g1.globo.com\/economia\/noticia\/2023\/09\/19\/previa-do-pib-do-banco-central-indica-expansao-de-044percent-na-economia-em-julho.ghtml\">\u00cdndice de Atividade Econ\u00f4mica (IBC-BR) do BC, considerado a &quot;pr\u00e9via&quot; do Produto Interno Bruto (PIB), que registrou expans\u00e3o de 0,44% em julho<\/a>, na compara\u00e7\u00e3o com o m\u00eas anterior. <\/p>\n<p> Na compara\u00e7\u00e3o com julho do ano passado, o indicador subiu 0,66%. J\u00e1 no acumulado dos sete primeiros meses deste ano, o IBC-Br avan\u00e7ou 3,21% e, em doze meses at\u00e9 abril, apresentou crescimento de 3,12%. <\/p>\n<p>                       <img loading=\"lazy\" decoding=\"async\" class=\"aligncenter size-full wp-image-53036\" src=\"https:\/\/blog.corretoraideal.com.br\/wp-content\/uploads\/2023\/09\/entenda-o-que-faz-o-dolar-subir-ou-descer-3.jpeg\" alt=\"Entenda o que faz o d\u00f3lar subir ou descer\" width=\"800\" height=\"400\" \/>      <\/p>\n<p> Entenda o que faz o d\u00f3lar subir ou descer <\/p>\n<ul>\n<li> <a href=\"https:\/\/g1.globo.com\/tudo-sobre\/bc-europeu\/\" class=\"entities__list-itemLink\" data-track-click=\"Banco Central Europeu\"> Banco Central Europeu <\/a> <\/li>\n<li> <a href=\"https:\/\/g1.globo.com\/tudo-sobre\/banco-central-do-brasil\/\" class=\"entities__list-itemLink\" data-track-click=\"Banco Central do Brasil\"> Banco Central do Brasil <\/a> <\/li>\n<li> <a href=\"https:\/\/g1.globo.com\/tudo-sobre\/copom\/\" class=\"entities__list-itemLink\" data-track-click=\"Copom\"> Copom <\/a> <\/li>\n<li> <a href=\"https:\/\/g1.globo.com\/tudo-sobre\/estados-unidos\/\" class=\"entities__list-itemLink\" data-track-click=\"Estados Unidos\"> Estados Unidos <\/a> <\/li>\n<li> <a href=\"https:\/\/g1.globo.com\/tudo-sobre\/fed\/\" class=\"entities__list-itemLink\" data-track-click=\"FED\"> FED <\/a> <\/li>\n<li> <a href=\"https:\/\/g1.globo.com\/tudo-sobre\/ibge\/\" class=\"entities__list-itemLink\" data-track-click=\"IBGE\"> IBGE <\/a> <\/li>\n<li> <a href=\"https:\/\/g1.globo.com\/tudo-sobre\/ministerio-da-fazenda\/\" class=\"entities__list-itemLink\" data-track-click=\"Minist\u00e9rio da Fazenda\"> Minist\u00e9rio da Fazenda <\/a> <\/li>\n<\/ul>\n","protected":false},"excerpt":{"rendered":"<p>1 de 1&#013;D\u00f3lar opera em baixa \u2014 Foto: Pixabay D\u00f3lar opera em baixa \u2014 Foto: Pixabay O d\u00f3lar e o Ibovespa, principal \u00edndice acion\u00e1rio da Bolsa de Valores de S\u00e3o Paulo, a B3, operam com volatilidade nesta ter\u00e7a-feira (19), oscilando entre altas e baixas, em mais um dia marcado pelas expectativas por decis\u00f5es importantes de [&hellip;]<\/p>\n","protected":false},"author":1,"featured_media":0,"comment_status":"closed","ping_status":"closed","sticky":false,"template":"","format":"standard","meta":{"footnotes":""},"categories":[],"tags":[],"class_list":["post-53034","post","type-post","status-publish","format-standard","hentry"],"_links":{"self":[{"href":"https:\/\/blog.corretoraideal.com.br\/index.php\/wp-json\/wp\/v2\/posts\/53034","targetHints":{"allow":["GET"]}}],"collection":[{"href":"https:\/\/blog.corretoraideal.com.br\/index.php\/wp-json\/wp\/v2\/posts"}],"about":[{"href":"https:\/\/blog.corretoraideal.com.br\/index.php\/wp-json\/wp\/v2\/types\/post"}],"author":[{"embeddable":true,"href":"https:\/\/blog.corretoraideal.com.br\/index.php\/wp-json\/wp\/v2\/users\/1"}],"replies":[{"embeddable":true,"href":"https:\/\/blog.corretoraideal.com.br\/index.php\/wp-json\/wp\/v2\/comments?post=53034"}],"version-history":[{"count":1,"href":"https:\/\/blog.corretoraideal.com.br\/index.php\/wp-json\/wp\/v2\/posts\/53034\/revisions"}],"predecessor-version":[{"id":53037,"href":"https:\/\/blog.corretoraideal.com.br\/index.php\/wp-json\/wp\/v2\/posts\/53034\/revisions\/53037"}],"wp:attachment":[{"href":"https:\/\/blog.corretoraideal.com.br\/index.php\/wp-json\/wp\/v2\/media?parent=53034"}],"wp:term":[{"taxonomy":"category","embeddable":true,"href":"https:\/\/blog.corretoraideal.com.br\/index.php\/wp-json\/wp\/v2\/categories?post=53034"},{"taxonomy":"post_tag","embeddable":true,"href":"https:\/\/blog.corretoraideal.com.br\/index.php\/wp-json\/wp\/v2\/tags?post=53034"}],"curies":[{"name":"wp","href":"https:\/\/api.w.org\/{rel}","templated":true}]}}