{"id":53044,"date":"2023-09-19T18:29:34","date_gmt":"2023-09-19T18:29:34","guid":{"rendered":"https:\/\/blog.corretoraideal.com.br\/?p=53044"},"modified":"2023-09-19T18:29:34","modified_gmt":"2023-09-19T18:29:34","slug":"maratona-de-inovacao-online-recebe-inscricoes-ate-esta-quarta-no-norte-fluminense-norte-fluminense-g1","status":"publish","type":"post","link":"https:\/\/blog.corretoraideal.com.br\/index.php\/2023\/09\/19\/maratona-de-inovacao-online-recebe-inscricoes-ate-esta-quarta-no-norte-fluminense-norte-fluminense-g1\/","title":{"rendered":"Maratona de Inova\u00e7\u00e3o Online recebe inscri\u00e7\u00f5es at\u00e9 esta quarta no Norte Fluminense | Norte Fluminense | G1"},"content":{"rendered":"\n<p> A Maratona de Inova\u00e7\u00e3o Online, o Inova Norte, est\u00e1 recebendo inscri\u00e7\u00f5es at\u00e9 esta quarta-feira (20). Podem se inscrever pessoas que gostam de inova\u00e7\u00e3o e desejam contribuir com o desenvolvimento de <a class href=\"https:\/\/g1.globo.com\/rj\/regiao-dos-lagos\/cidade\/macae\/\">Maca\u00e9<\/a> e demais cidades do Norte Fluminense. <\/p>\n<p> As inscri\u00e7\u00f5es podem ser feitas <a class href=\"https:\/\/desafioinovanorte.com.br\/\" target=\"_blank\" rel=\"noopener noreferrer\">no site do evento.<\/a> E os desafios come\u00e7am na pr\u00f3xima sexta-feira (22) e v\u00e3o at\u00e9 domingo (24). <\/p>\n<p> O objetivo do Inova Norte \u00e9 reunir ideias que ajudem a fomentar o desenvolvimento dos munic\u00edpios que fazem parte do Norte Fluminense, sendo assim, os participantes poder\u00e3o criar solu\u00e7\u00f5es para melhorar os setores: Educa\u00e7\u00e3o; Log\u00edstica e Mobilidade; Servi\u00e7os; Agro; e Ind\u00fastria. <\/p>\n<p> O momento \u00e9 importante para aprender, se conectar, inovar na pr\u00e1tica e criar solu\u00e7\u00f5es de impacto para toda comunidade estudantil e acad\u00eamica. Por isso, cada equipe precisa conter pelo menos um estudante, seja ele do ensino b\u00e1sico, m\u00e9dio, t\u00e9cnico ou superior. <\/p>\n<p> Haver\u00e1 premia\u00e7\u00e3o para os dez primeiros colocados com: smart TV, tablet, bicicleta, mentoria, cursos de educa\u00e7\u00e3o empreendedora, consultorias tem\u00e1ticas, entre outros. A maratona de solu\u00e7\u00f5es \u00e9 organizada pela UENF, IFF, e o L\u00edder Norte Fluminense, que tem o apoio da Prefeitura Municipal de Maca\u00e9 atrav\u00e9s de gestores p\u00fablicos que integram a equipe. <\/p>\n<p><h2>Cronograma:<\/h2>\n<\/p>\n<ul>\n<li><strong>20\/09\/23 e 21\/09\/23<\/strong> &#8211; Lives dos desafios<\/li>\n<li><strong>22\/09\/23 <\/strong>&#8211; Montagem dos times;<\/li>\n<li><strong>22\/09\/23 a 24\/09\/23<\/strong> &#8211; Maratona online;<\/li>\n<li><strong>25\/09\/23 a 01\/10\/23 <\/strong>&#8211; Avalia\u00e7\u00e3o dos projetos e vota\u00e7\u00e3o jurados;<\/li>\n<li><strong>04\/10\/23<\/strong> &#8211; Live com resultado dos vencedores.<\/li>\n<\/ul>\n<ul>\n<li> <a href=\"https:\/\/g1.globo.com\/rj\/regiao-dos-lagos\/cidade\/macae\/\" class=\"entities__list-itemLink\" data-track-click=\"Maca\u00e9\"> Maca\u00e9 <\/a> <\/li>\n<\/ul>\n","protected":false},"excerpt":{"rendered":"<p>A Maratona de Inova\u00e7\u00e3o Online, o Inova Norte, est\u00e1 recebendo inscri\u00e7\u00f5es at\u00e9 esta quarta-feira (20). Podem se inscrever pessoas que gostam de inova\u00e7\u00e3o e desejam contribuir com o desenvolvimento de Maca\u00e9 e demais cidades do Norte Fluminense. As inscri\u00e7\u00f5es podem ser feitas no site do evento. E os desafios come\u00e7am na pr\u00f3xima sexta-feira (22) e [&hellip;]<\/p>\n","protected":false},"author":1,"featured_media":0,"comment_status":"closed","ping_status":"closed","sticky":false,"template":"","format":"standard","meta":{"footnotes":""},"categories":[],"tags":[],"class_list":["post-53044","post","type-post","status-publish","format-standard","hentry"],"_links":{"self":[{"href":"https:\/\/blog.corretoraideal.com.br\/index.php\/wp-json\/wp\/v2\/posts\/53044","targetHints":{"allow":["GET"]}}],"collection":[{"href":"https:\/\/blog.corretoraideal.com.br\/index.php\/wp-json\/wp\/v2\/posts"}],"about":[{"href":"https:\/\/blog.corretoraideal.com.br\/index.php\/wp-json\/wp\/v2\/types\/post"}],"author":[{"embeddable":true,"href":"https:\/\/blog.corretoraideal.com.br\/index.php\/wp-json\/wp\/v2\/users\/1"}],"replies":[{"embeddable":true,"href":"https:\/\/blog.corretoraideal.com.br\/index.php\/wp-json\/wp\/v2\/comments?post=53044"}],"version-history":[{"count":1,"href":"https:\/\/blog.corretoraideal.com.br\/index.php\/wp-json\/wp\/v2\/posts\/53044\/revisions"}],"predecessor-version":[{"id":53046,"href":"https:\/\/blog.corretoraideal.com.br\/index.php\/wp-json\/wp\/v2\/posts\/53044\/revisions\/53046"}],"wp:attachment":[{"href":"https:\/\/blog.corretoraideal.com.br\/index.php\/wp-json\/wp\/v2\/media?parent=53044"}],"wp:term":[{"taxonomy":"category","embeddable":true,"href":"https:\/\/blog.corretoraideal.com.br\/index.php\/wp-json\/wp\/v2\/categories?post=53044"},{"taxonomy":"post_tag","embeddable":true,"href":"https:\/\/blog.corretoraideal.com.br\/index.php\/wp-json\/wp\/v2\/tags?post=53044"}],"curies":[{"name":"wp","href":"https:\/\/api.w.org\/{rel}","templated":true}]}}