{"id":53047,"date":"2023-09-19T20:29:35","date_gmt":"2023-09-19T20:29:35","guid":{"rendered":"https:\/\/blog.corretoraideal.com.br\/?p=53047"},"modified":"2023-09-19T20:29:35","modified_gmt":"2023-09-19T20:29:35","slug":"petrobras-anuncia-1a-plataforma-eletrica-de-exploracao-de-petroleo-do-brasil-espirito-santo-g1","status":"publish","type":"post","link":"https:\/\/blog.corretoraideal.com.br\/index.php\/2023\/09\/19\/petrobras-anuncia-1a-plataforma-eletrica-de-exploracao-de-petroleo-do-brasil-espirito-santo-g1\/","title":{"rendered":"Petrobras anuncia 1\u00aa plataforma el\u00e9trica de explora\u00e7\u00e3o de petr\u00f3leo do Brasil | Esp\u00edrito Santo | G1"},"content":{"rendered":"<p>      1 de 2&#013;Petroleiro da Petrobras durante viagem inaugural \u2014 Foto: MARCO MARI-BLOG DO PLANALTO via BBC    <\/p>\n<p> Petroleiro da Petrobras durante viagem inaugural \u2014 Foto: MARCO MARI-BLOG DO PLANALTO via BBC <\/p>\n<p> A <a class href=\"https:\/\/g1.globo.com\/tudo-sobre\/petrobras\/\">Petrobras<\/a> anunciou que vai investir R$ 22 bilh\u00f5es no Esp\u00edrito Santo nos pr\u00f3ximos quatro anos em atividades de explora\u00e7\u00e3o e produ\u00e7\u00e3o de petr\u00f3leo e g\u00e1s. Os investimentos incluem o in\u00edcio da opera\u00e7\u00e3o do navio-plataforma Maria Quit\u00e9ria, o primeiro totalmente el\u00e9trico da estatal em todo o Brasil. A previs\u00e3o \u00e9 iniciar a retirada do primeiro \u00f3leo em 2025. <\/p>\n<ul>\n<li><a class href=\"https:\/\/api.whatsapp.com\/send?text=https:\/\/g1.globo.com\/es\/espirito-santo\/noticia\/2023\/09\/19\/petrobras-anuncia-1a-plataforma-eletrica-de-exploracao-de-petroleo-do-brasil.ghtml?utm_source%3Dwhatsapp%26utm_medium%3Dshare-engagement%26utm_campaign%3Dte-materias\" target=\"_blank\" rel=\"noopener noreferrer\"><strong>Compartilhe no WhatsApp<\/strong><\/a><\/li>\n<li><a class href=\"https:\/\/telegram.me\/share\/url?url=https:\/\/g1.globo.com\/es\/espirito-santo\/noticia\/2023\/09\/19\/petrobras-anuncia-1a-plataforma-eletrica-de-exploracao-de-petroleo-do-brasil.ghtml?utm_source%3Dtelegram%26utm_medium%3Dshare-engagement%26utm_campaign%3Dte-materias\" target=\"_blank\" rel=\"noopener noreferrer\"><strong>Compartilhe no Telegram<\/strong><\/a><\/li>\n<\/ul>\n<p> A lista de projetos para o estado abrange ainda recursos para o pr\u00e9dio da companhia em <a class href=\"https:\/\/g1.globo.com\/es\/espirito-santo\/cidade\/vitoria\/\">Vit\u00f3ria<\/a>, o Edivit, que vai integrar o plano de fortalecimentos das sedes regionais da estatal. <\/p>\n<p> O an\u00fancio foi feito pelo presidente da empresa, Jean Paul Prates, que foi ao Esp\u00edrito Santo para comemorar os 15 anos do in\u00edcio da explora\u00e7\u00e3o do pr\u00e9-sal no pa\u00eds, e que come\u00e7ou em solo capixaba. <\/p>\n<p> <a class href=\"https:\/\/chat.whatsapp.com\/LNKMKO4F2fw30x4S3gleVx\" target=\"_blank\" rel=\"noopener noreferrer\"><strong>? Entre para a comunidade do g1 ES no WhatsApp e receba nossas not\u00edcias <\/strong><\/a> <\/p>\n<p>&quot;A extra\u00e7\u00e3o do primeiro \u00f3leo foi no Esp\u00edrito Santo, o que traz o Estado para frente na vis\u00e3o do investidor. O efeito pr\u00e1tico dessa atividade \u00e9 que passou a gerar empregos, a criar expectativa de forma\u00e7\u00e3o t\u00e9cnica, al\u00e9m de ser uma inspira\u00e7\u00e3o para jovens de outras localidades querem vir trabalhar aqui&quot;, comentou.<\/p>\n<p><h2>Petrobras ser\u00e1 levada a outro n\u00edvel, diz presidente<\/h2>\n<\/p>\n<p> Prates ressaltou que a plataforma Maria Quit\u00e9ria vai ser el\u00e9trica, primeira da companhia nesse modelo, o que vai levar o petr\u00f3leo produzido pela Petrobras a outro patamar, com mais valor agregado. <\/p>\n<p>         2 de 2&#013;Presidente da Petrobras, Jean Paul Prates \u2014 Foto: Fernando Madeira\/Rede Gazeta    <\/p>\n<p> Presidente da Petrobras, Jean Paul Prates \u2014 Foto: Fernando Madeira\/Rede Gazeta <\/p>\n<p> O navio-plataforma ser\u00e1 do tipo FPSO (sistema flutuante de produ\u00e7\u00e3o, armazenamento e transfer\u00eancia de petr\u00f3leo) e vai operar no pr\u00e9-sal do campo Jubarte, que faz parte da Bacia de Campos, com capacidade de produ\u00e7\u00e3o de 100 mil barris de petr\u00f3leo por dia. <\/p>\n<p> O sistema vai resultar em uma menor emiss\u00e3o de gases de efeito estufa. A expectativa \u00e9 que, durante o ciclo de produ\u00e7\u00e3o e a utiliza\u00e7\u00e3o da tecnologia, deixem de ser emitidos mais de 5 milh\u00f5es de toneladas de g\u00e1s carb\u00f4nico. <\/p>\n<p> Durante a passagem pelo Estado, Jean Paul Prates aproveitou para descartar a possibilidade de a Petrobras abrir m\u00e3o de sua sede capixaba, que funciona na Reta da Penha, em Vit\u00f3ria. O local conta com o trabalho de 10 mil profissionais, dos quais sete mil atuam embarcados. <\/p>\n<p> <a class href=\"https:\/\/g1.globo.com\/es\/espirito-santo\/concursos-e-emprego\/\"><strong>? Em busca de emprego ou concurso? Veja as oportunidades <\/strong><\/a> <\/p>\n<p>&quot;Esta \u00e9 uma sede extremamente confort\u00e1vel e moderna e que a Petrobras n\u00e3o pode abrir m\u00e3o de jeito nenhum, como pensou em fazer. Houve per\u00edodos em que havia planos de alienar essa sede, justamente por achar que n\u00e3o era mais necess\u00e1ria&quot;, ressaltou.<\/p>\n<p> Prates lembrou ainda que a sede do estado administra a revitaliza\u00e7\u00e3o de alguns campos de petr\u00f3leo, como o de Albacora. Ele salienta que nesse &quot;revit&quot;, como chama, de campos tradicionais da Bacia de Campos, h\u00e1 a substitui\u00e7\u00e3o de plataformas antigas por outras mais novas e mais eficientes. <\/p>\n<p>&quot;Na verdade, a moderniza\u00e7\u00e3o da estrutura, aplicada \u00e0 tecnologia, permite que aquele campo volte a produzir um pouco do que j\u00e1 produziu no auge. A revitaliza\u00e7\u00e3o dessas unidades s\u00e3o importantes porque o mundo nos exige cada vez mais um petr\u00f3leo menos carbonizado&quot;, observou.<\/p>\n<p><h2><strong>V\u00eddeos: tudo sobre o Esp\u00edrito Santo<\/strong><\/h2>\n<\/p>\n<p>   <a href=\"https:\/\/g1.globo.com\/es\/espirito-santo\/edicao\/2021\/01\/29\/videos-tudo-sobre-o-es.ghtml\">    50 v\u00eddeos      <\/a>       <\/p>\n<ul>\n<li><a class href=\"http:\/\/g1.globo.com\/espirito-santo\/ultimas-noticias.html\"><strong>Veja o plant\u00e3o de \u00faltimas not\u00edcias do g1 Esp\u00edrito Santo<\/strong><\/a><\/li>\n<\/ul>\n<ul>\n<li> <a href=\"https:\/\/g1.globo.com\/topico\/espirito-santo\" class=\"entities__list-itemLink\" data-track-click=\"Esp\u00edrito Santo\"> Esp\u00edrito Santo <\/a> <\/li>\n<li> <a href=\"https:\/\/g1.globo.com\/tudo-sobre\/petrobras\/\" class=\"entities__list-itemLink\" data-track-click=\"Petrobras\"> Petrobras <\/a> <\/li>\n<li> <a href=\"https:\/\/g1.globo.com\/es\/espirito-santo\/cidade\/vitoria\/\" class=\"entities__list-itemLink\" data-track-click=\"Vit\u00f3ria\"> Vit\u00f3ria <\/a> <\/li>\n<\/ul>\n","protected":false},"excerpt":{"rendered":"<p>1 de 2&#013;Petroleiro da Petrobras durante viagem inaugural \u2014 Foto: MARCO MARI-BLOG DO PLANALTO via BBC Petroleiro da Petrobras durante viagem inaugural \u2014 Foto: MARCO MARI-BLOG DO PLANALTO via BBC A Petrobras anunciou que vai investir R$ 22 bilh\u00f5es no Esp\u00edrito Santo nos pr\u00f3ximos quatro anos em atividades de explora\u00e7\u00e3o e produ\u00e7\u00e3o de petr\u00f3leo e [&hellip;]<\/p>\n","protected":false},"author":1,"featured_media":0,"comment_status":"closed","ping_status":"closed","sticky":false,"template":"","format":"standard","meta":{"footnotes":""},"categories":[],"tags":[],"class_list":["post-53047","post","type-post","status-publish","format-standard","hentry"],"_links":{"self":[{"href":"https:\/\/blog.corretoraideal.com.br\/index.php\/wp-json\/wp\/v2\/posts\/53047","targetHints":{"allow":["GET"]}}],"collection":[{"href":"https:\/\/blog.corretoraideal.com.br\/index.php\/wp-json\/wp\/v2\/posts"}],"about":[{"href":"https:\/\/blog.corretoraideal.com.br\/index.php\/wp-json\/wp\/v2\/types\/post"}],"author":[{"embeddable":true,"href":"https:\/\/blog.corretoraideal.com.br\/index.php\/wp-json\/wp\/v2\/users\/1"}],"replies":[{"embeddable":true,"href":"https:\/\/blog.corretoraideal.com.br\/index.php\/wp-json\/wp\/v2\/comments?post=53047"}],"version-history":[{"count":1,"href":"https:\/\/blog.corretoraideal.com.br\/index.php\/wp-json\/wp\/v2\/posts\/53047\/revisions"}],"predecessor-version":[{"id":53049,"href":"https:\/\/blog.corretoraideal.com.br\/index.php\/wp-json\/wp\/v2\/posts\/53047\/revisions\/53049"}],"wp:attachment":[{"href":"https:\/\/blog.corretoraideal.com.br\/index.php\/wp-json\/wp\/v2\/media?parent=53047"}],"wp:term":[{"taxonomy":"category","embeddable":true,"href":"https:\/\/blog.corretoraideal.com.br\/index.php\/wp-json\/wp\/v2\/categories?post=53047"},{"taxonomy":"post_tag","embeddable":true,"href":"https:\/\/blog.corretoraideal.com.br\/index.php\/wp-json\/wp\/v2\/tags?post=53047"}],"curies":[{"name":"wp","href":"https:\/\/api.w.org\/{rel}","templated":true}]}}