{"id":53050,"date":"2023-09-19T21:29:38","date_gmt":"2023-09-19T21:29:38","guid":{"rendered":"https:\/\/blog.corretoraideal.com.br\/?p=53050"},"modified":"2023-09-19T21:29:38","modified_gmt":"2023-09-19T21:29:38","slug":"por-que-musk-quer-que-plataforma-x-passe-a-ser-paga-tecnologia-g1","status":"publish","type":"post","link":"https:\/\/blog.corretoraideal.com.br\/index.php\/2023\/09\/19\/por-que-musk-quer-que-plataforma-x-passe-a-ser-paga-tecnologia-g1\/","title":{"rendered":"Por que Musk quer que plataforma X passe a ser paga | Tecnologia | G1"},"content":{"rendered":"<p>      1 de 2&#013;Elon Musk \u2014 Foto: GETTY IMAGES    <\/p>\n<p> Elon Musk \u2014 Foto: GETTY IMAGES <\/p>\n<p> O empres\u00e1rio <a class href=\"https:\/\/g1.globo.com\/tudo-sobre\/elon-musk\/\">Elon Musk<\/a> sugeriu que todos os usu\u00e1rios do X (o antigo <a class href=\"https:\/\/g1.globo.com\/tudo-sobre\/twitter\/\">Twitter<\/a>), precisar\u00e3o pagar para ter acesso \u00e0 plataforma. <\/p>\n<p> Numa conversa com o primeiro-ministro de Israel, Benjamin Netanyahu, o bilion\u00e1rio disse que um sistema de pagamento era a \u00fanica forma de combater os rob\u00f4s e as contas falsas. <\/p>\n<p> \u201cEstamos caminhando para ter um pequeno pagamento mensal pelo uso da plataforma&quot;, declarou o empres\u00e1rio, que tamb\u00e9m \u00e9 dono da Tesla e da SpaceX. <\/p>\n<p> A BBC entrou em contato com a X para obter mais detalhes, mas ainda n\u00e3o recebeu uma declara\u00e7\u00e3o oficial da empresa. <\/p>\n<p> N\u00e3o est\u00e1 claro se este foi apenas um coment\u00e1rio improvisado ou um sinal de planos mais firmes, que ainda n\u00e3o foram anunciados. <\/p>\n<p> Musk h\u00e1 muito diz que a solu\u00e7\u00e3o para se livrar de rob\u00f4s e contas falsas na plataforma de m\u00eddia social \u00e9 cobrar pelos selos de verifica\u00e7\u00e3o. <\/p>\n<p> Desde que assumiu o <a class href=\"https:\/\/g1.globo.com\/tudo-sobre\/twitter\/\">Twitter<\/a> no ano passado, ele tem procurado incentivar os usu\u00e1rios a pagar por um servi\u00e7o especial oferecido pela plataforma, que agora se chama X Premium. <\/p>\n<p> A vers\u00e3o paga atual d\u00e1 aos assinantes mais recursos, como postagens mais longas e maior visibilidade. <\/p>\n<p> No entanto, os usu\u00e1rios que n\u00e3o desejam ter uma conta premium ainda podem usar o X de forma gratuita. <\/p>\n<p> Embora exista um claro interesse financeiro de a empresa cobrar dos usu\u00e1rios, Musk insistiu que fazer com que as pessoas paguem pelo servi\u00e7o tem como objetivo combater os rob\u00f4s. <\/p>\n<p> \u201cUm bot [rob\u00f4] custa uma fra\u00e7\u00e3o de centavo\u201d para ser feito, disse ele. \u201cMas, se algu\u00e9m tiver que pagar alguns d\u00f3lares ou algo assim, o custo efetivo para [fazer] os bots fica muito alto.\u201d <\/p>\n<p> O X Premium custa atualmente R$ 60 por m\u00eas no Brasil (h\u00e1 valores diferentes, de acordo com a plataforma utilizada e a forma de pagamento). O pre\u00e7o tamb\u00e9m varia segundo o pa\u00eds em que o assinante se encontra. <\/p>\n<p> Musk, pessoa mais rica do mundo, disse que agora procura op\u00e7\u00f5es mais baratas para os usu\u00e1rios. <\/p>\n<p> \u201cNa verdade, vamos propor um pre\u00e7o mais baixo. Queremos que seja apenas uma pequena quantia\u201d, disse ele. <\/p>\n<p> &quot;Essa \u00e9 uma longa discuss\u00e3o, mas, em minha opini\u00e3o, essa \u00e9 a \u00fanica defesa que temos contra os ex\u00e9rcitos de bots&quot;, acrescentou Musk. <\/p>\n<p> Ao condicionar o acesso ao X a um acesso pago, no entanto, h\u00e1 o medo de que a plataforma possa perder uma grande parte de seus usu\u00e1rios. Isso, por sua vez, reduziria as receitas de publicidade, que atualmente representam a principal fatia de ganhos da empresa. <\/p>\n<p>         2 de 2&#013;A rede social comandada por Musk j\u00e1 cobra um valor mensal para usu\u00e1rios que querem acesso a recursos premium \u2014 Foto: REUTERS    <\/p>\n<p> A rede social comandada por Musk j\u00e1 cobra um valor mensal para usu\u00e1rios que querem acesso a recursos premium \u2014 Foto: REUTERS <\/p>\n<p> Na conversa com o primeiro-ministro israelense, Musk tamb\u00e9m abordou o antissemitismo no X. <\/p>\n<p> A plataforma foi acusada pelo grupo Liga Antidifama\u00e7\u00e3o (ADL) de n\u00e3o fazer o suficiente para impedir a divulga\u00e7\u00e3o de conte\u00fado antissemita. <\/p>\n<p> Num comunicado, o grupo afirmou que Musk estava \u201cse engajando e dando proemin\u00eancia\u201d aos antissemitas. <\/p>\n<p> No in\u00edcio deste m\u00eas, o empres\u00e1rio disse que X iria processar a ADL para \u201climpar o nome da nossa plataforma\u201d. <\/p>\n<p> Na conversa com Netanyahu, Musk reiterou que \u00e9 \u201ccontra o antissemitismo\u201d. <\/p>\n<p> Netanyahu ponderou que o equil\u00edbrio entre liberdade de express\u00e3o e modera\u00e7\u00e3o de conte\u00fado era um desafio, mas instou Musk a buscar esse meio termo. <\/p>\n<p> \u201cEspero que voc\u00ea encontre, dentro dos limites, a capacidade de parar n\u00e3o apenas com o antissemitismo, mas com qualquer \u00f3dio coletivo \u00e0s pessoas que o antissemitismo representa\u201d, disse ele. <\/p>\n<p> \u201cSei que voc\u00ea est\u00e1 comprometido com isso\u201d, completou Netanyahu. <\/p>\n<p> <strong>-Este texto foi publicado em <\/strong><a class href=\"https:\/\/www.bbc.com\/portuguese\/articles\/cz98z727695o\" target=\"_blank\" rel=\"noopener noreferrer\"><strong>https:\/\/www.bbc.com\/portuguese\/articles\/cz98z727695o<\/strong><\/a> <\/p>\n<p> <strong>LEIA TAMB\u00c9M:<\/strong> <\/p>\n<ul>\n<li><a class href=\"https:\/\/g1.globo.com\/tecnologia\/noticia\/2023\/09\/19\/bard-o-chatgpt-do-google-vai-se-integrar-com-gmail-docs-e-outros-entenda-como-vai-funcionar.ghtml\">Bard, o &#x27;ChatGPT do Google&#x27;, vai se integrar com Gmail, Docs e outros<\/a><\/li>\n<li><a class href=\"https:\/\/g1.globo.com\/tecnologia\/noticia\/2023\/09\/18\/como-criar-um-poster-de-contato-no-iphone.ghtml\">Como criar um p\u00f4ster de contato no iPhone, recurso que mostra a sua foto em liga\u00e7\u00f5es<\/a><\/li>\n<li><a class href=\"https:\/\/g1.globo.com\/tecnologia\/noticia\/2023\/09\/15\/marmota-gritando-nomes-meme-com-milhoes-de-visualizacoes-faz-brasileiros-ganharem-dinheiro.ghtml\">Marmota gritando nomes: meme com milh\u00f5es de visualiza\u00e7\u00f5es faz brasileiros ganharem dinheiro<\/a><\/li>\n<\/ul>\n<p><h2><a class href=\"https:\/\/g1.globo.com\/tudo-sobre\/twitter\/\">Twitter<\/a> ganha nova identidade visual com um grande &quot;X&quot;<\/h2>\n<\/p>\n<p>                   <img loading=\"lazy\" decoding=\"async\" class=\"aligncenter size-full wp-image-53052\" src=\"https:\/\/blog.corretoraideal.com.br\/wp-content\/uploads\/2023\/09\/twitter-ganha-nova-identidade-visual-com-um-grande-x-4.jpeg\" alt=\"Twitter ganha nova identidade visual com um grande &#034;X&#034;\" width=\"800\" height=\"400\" \/>      <\/p>\n<p> Twitter ganha nova identidade visual com um grande &#8220;X&#8221; <\/p>\n<p><h2>Threads x <a class href=\"https:\/\/g1.globo.com\/tudo-sobre\/twitter\/\">Twitter<\/a>: Tudo o que voc\u00ea tem que saber <\/h2>\n<\/p>\n<p>                   <img loading=\"lazy\" decoding=\"async\" class=\"aligncenter size-full wp-image-53053\" src=\"https:\/\/blog.corretoraideal.com.br\/wp-content\/uploads\/2023\/09\/threads-x-twitter-tudo-o-que-voce-tem-que-saber-sobre-essa-treta-das-gigantes-2.jpeg\" alt=\"Threads x Twitter: Tudo o que voc\u00ea tem que saber sobre essa treta das gigantes\" width=\"800\" height=\"400\" \/>      <\/p>\n<p> Threads x Twitter: Tudo o que voc\u00ea tem que saber sobre essa treta das gigantes <\/p>\n<p><h2>Como denunciar postagens no Instagram, TikTok e Kwai e em outras redes sociais<\/h2>\n<\/p>\n<p>                   <img loading=\"lazy\" decoding=\"async\" class=\"aligncenter size-full wp-image-53054\" src=\"https:\/\/blog.corretoraideal.com.br\/wp-content\/uploads\/2023\/09\/como-denunciar-postagens-no-instagram-tiktok-e-kwai-e-em-outras-redes-sociais-1.jpeg\" alt=\"Como denunciar postagens no Instagram, TikTok e Kwai e em outras redes sociais\" width=\"800\" height=\"400\" \/>      <\/p>\n<p> Como denunciar postagens no Instagram, TikTok e Kwai e em outras redes sociais <\/p>\n<ul>\n<li> <a href=\"https:\/\/g1.globo.com\/tudo-sobre\/elon-musk\/\" class=\"entities__list-itemLink\" data-track-click=\"Elon Musk\"> Elon Musk <\/a> <\/li>\n<li> <a href=\"https:\/\/g1.globo.com\/tudo-sobre\/twitter\/\" class=\"entities__list-itemLink\" data-track-click=\"Twitter\"> Twitter <\/a> <\/li>\n<\/ul>\n","protected":false},"excerpt":{"rendered":"<p>1 de 2&#013;Elon Musk \u2014 Foto: GETTY IMAGES Elon Musk \u2014 Foto: GETTY IMAGES O empres\u00e1rio Elon Musk sugeriu que todos os usu\u00e1rios do X (o antigo Twitter), precisar\u00e3o pagar para ter acesso \u00e0 plataforma. Numa conversa com o primeiro-ministro de Israel, Benjamin Netanyahu, o bilion\u00e1rio disse que um sistema de pagamento era a \u00fanica [&hellip;]<\/p>\n","protected":false},"author":1,"featured_media":0,"comment_status":"closed","ping_status":"closed","sticky":false,"template":"","format":"standard","meta":{"footnotes":""},"categories":[],"tags":[],"class_list":["post-53050","post","type-post","status-publish","format-standard","hentry"],"_links":{"self":[{"href":"https:\/\/blog.corretoraideal.com.br\/index.php\/wp-json\/wp\/v2\/posts\/53050","targetHints":{"allow":["GET"]}}],"collection":[{"href":"https:\/\/blog.corretoraideal.com.br\/index.php\/wp-json\/wp\/v2\/posts"}],"about":[{"href":"https:\/\/blog.corretoraideal.com.br\/index.php\/wp-json\/wp\/v2\/types\/post"}],"author":[{"embeddable":true,"href":"https:\/\/blog.corretoraideal.com.br\/index.php\/wp-json\/wp\/v2\/users\/1"}],"replies":[{"embeddable":true,"href":"https:\/\/blog.corretoraideal.com.br\/index.php\/wp-json\/wp\/v2\/comments?post=53050"}],"version-history":[{"count":1,"href":"https:\/\/blog.corretoraideal.com.br\/index.php\/wp-json\/wp\/v2\/posts\/53050\/revisions"}],"predecessor-version":[{"id":53055,"href":"https:\/\/blog.corretoraideal.com.br\/index.php\/wp-json\/wp\/v2\/posts\/53050\/revisions\/53055"}],"wp:attachment":[{"href":"https:\/\/blog.corretoraideal.com.br\/index.php\/wp-json\/wp\/v2\/media?parent=53050"}],"wp:term":[{"taxonomy":"category","embeddable":true,"href":"https:\/\/blog.corretoraideal.com.br\/index.php\/wp-json\/wp\/v2\/categories?post=53050"},{"taxonomy":"post_tag","embeddable":true,"href":"https:\/\/blog.corretoraideal.com.br\/index.php\/wp-json\/wp\/v2\/tags?post=53050"}],"curies":[{"name":"wp","href":"https:\/\/api.w.org\/{rel}","templated":true}]}}