{"id":53056,"date":"2023-09-19T23:29:34","date_gmt":"2023-09-19T23:29:34","guid":{"rendered":"https:\/\/blog.corretoraideal.com.br\/?p=53056"},"modified":"2023-09-19T23:29:34","modified_gmt":"2023-09-19T23:29:34","slug":"quissama-promove-acoes-na-semana-nacional-do-transito-norte-fluminense-g1","status":"publish","type":"post","link":"https:\/\/blog.corretoraideal.com.br\/index.php\/2023\/09\/19\/quissama-promove-acoes-na-semana-nacional-do-transito-norte-fluminense-g1\/","title":{"rendered":"Quissam\u00e3 promove a\u00e7\u00f5es na Semana Nacional do Tr\u00e2nsito | Norte Fluminense | G1"},"content":{"rendered":"<p>      1 de 1&#013;Blitz Educativa na Avenida Bar\u00e3o de Vila Franca \u2014 Foto: Prefeitura de Quissam\u00e3    <\/p>\n<p> Blitz Educativa na Avenida Bar\u00e3o de Vila Franca \u2014 Foto: Prefeitura de Quissam\u00e3 <\/p>\n<p> O munic\u00edpio de <a class href=\"https:\/\/g1.globo.com\/rj\/norte-fluminense\/cidade\/quissama\/\">Quissam\u00e3<\/a>, no Norte Fluminense, iniciou nesta segunda-feira (18) as a\u00e7\u00f5es de conscientiza\u00e7\u00e3o no tr\u00e2nsito. As atividades fazem parte da campanha educativa para alertar sobre a Semana Nacional de Tr\u00e2nsito, que acontece entre 18 e 25 de setembro. O objetivo \u00e9 mobilizar a sociedade em busca de uma cultura de seguran\u00e7a no tr\u00e2nsito. <\/p>\n<p> Com o tema &quot;Minha escolha faz a diferen\u00e7a no tr\u00e2nsito&quot;, abordagens educativas est\u00e3o acontecendo em diversos pontos da cidade. <\/p>\n<p> Nesta segunda-feira (18), os agentes de tr\u00e2nsito da Guarda Municipal promoveram abordagem de motociclistas e motoristas na sa\u00edda da Escola Municipal T\u00e2nia Regina Paula, realizando a distribui\u00e7\u00e3o de panfletos e orientando. <\/p>\n<p> J\u00e1 no per\u00edodo da tarde, a Guarda Mirim junto com os agentes de tr\u00e2nsito realizaram uma Blitz Educativa na Avenida Bar\u00e3o de Vila Franca, pr\u00f3ximo a prefeitura da cidade. <\/p>\n<p> O coordenador de Tr\u00e2nsito, GM Pessanha, explicou que a Semana Nacional Tr\u00e2nsito existe para difundir informa\u00e7\u00f5es e conscientizar a popula\u00e7\u00e3o sobre acidentes de tr\u00e2nsito e a import\u00e2ncia da seguran\u00e7a no tr\u00e2nsito. \u201cVamos realizar diversas blitze educativas durante a semana, procurando informar toda a popula\u00e7\u00e3o e envolv\u00ea-la na campanha\u201d, disse. <\/p>\n<p> A campanha educativa \u00e9 liderada pela Secretaria de Seguran\u00e7a P\u00fablica e Tr\u00e2nsito, juntamente com a Guarda Civil Municipal e a Guarda Mirim da Prefeitura. <\/p>\n<ul>\n<li> <a href=\"https:\/\/g1.globo.com\/rj\/norte-fluminense\/cidade\/quissama\/\" class=\"entities__list-itemLink\" data-track-click=\"Quissam\u00e3\"> Quissam\u00e3 <\/a> <\/li>\n<\/ul>\n","protected":false},"excerpt":{"rendered":"<p>1 de 1&#013;Blitz Educativa na Avenida Bar\u00e3o de Vila Franca \u2014 Foto: Prefeitura de Quissam\u00e3 Blitz Educativa na Avenida Bar\u00e3o de Vila Franca \u2014 Foto: Prefeitura de Quissam\u00e3 O munic\u00edpio de Quissam\u00e3, no Norte Fluminense, iniciou nesta segunda-feira (18) as a\u00e7\u00f5es de conscientiza\u00e7\u00e3o no tr\u00e2nsito. As atividades fazem parte da campanha educativa para alertar sobre [&hellip;]<\/p>\n","protected":false},"author":1,"featured_media":0,"comment_status":"closed","ping_status":"closed","sticky":false,"template":"","format":"standard","meta":{"footnotes":""},"categories":[],"tags":[],"class_list":["post-53056","post","type-post","status-publish","format-standard","hentry"],"_links":{"self":[{"href":"https:\/\/blog.corretoraideal.com.br\/index.php\/wp-json\/wp\/v2\/posts\/53056","targetHints":{"allow":["GET"]}}],"collection":[{"href":"https:\/\/blog.corretoraideal.com.br\/index.php\/wp-json\/wp\/v2\/posts"}],"about":[{"href":"https:\/\/blog.corretoraideal.com.br\/index.php\/wp-json\/wp\/v2\/types\/post"}],"author":[{"embeddable":true,"href":"https:\/\/blog.corretoraideal.com.br\/index.php\/wp-json\/wp\/v2\/users\/1"}],"replies":[{"embeddable":true,"href":"https:\/\/blog.corretoraideal.com.br\/index.php\/wp-json\/wp\/v2\/comments?post=53056"}],"version-history":[{"count":1,"href":"https:\/\/blog.corretoraideal.com.br\/index.php\/wp-json\/wp\/v2\/posts\/53056\/revisions"}],"predecessor-version":[{"id":53058,"href":"https:\/\/blog.corretoraideal.com.br\/index.php\/wp-json\/wp\/v2\/posts\/53056\/revisions\/53058"}],"wp:attachment":[{"href":"https:\/\/blog.corretoraideal.com.br\/index.php\/wp-json\/wp\/v2\/media?parent=53056"}],"wp:term":[{"taxonomy":"category","embeddable":true,"href":"https:\/\/blog.corretoraideal.com.br\/index.php\/wp-json\/wp\/v2\/categories?post=53056"},{"taxonomy":"post_tag","embeddable":true,"href":"https:\/\/blog.corretoraideal.com.br\/index.php\/wp-json\/wp\/v2\/tags?post=53056"}],"curies":[{"name":"wp","href":"https:\/\/api.w.org\/{rel}","templated":true}]}}