{"id":53068,"date":"2023-09-20T06:29:34","date_gmt":"2023-09-20T06:29:34","guid":{"rendered":"https:\/\/blog.corretoraideal.com.br\/?p=53068"},"modified":"2023-09-20T06:29:34","modified_gmt":"2023-09-20T06:29:34","slug":"copom-deve-baixar-juro-basico-da-economia-para-1275-ao-ano-nesta-quarta-menor-nivel-em-16-meses-economia-g1","status":"publish","type":"post","link":"https:\/\/blog.corretoraideal.com.br\/index.php\/2023\/09\/20\/copom-deve-baixar-juro-basico-da-economia-para-1275-ao-ano-nesta-quarta-menor-nivel-em-16-meses-economia-g1\/","title":{"rendered":"Copom deve baixar juro b\u00e1sico da economia para 12,75% ao ano nesta quarta, menor n\u00edvel em 16 meses | Economia | G1"},"content":{"rendered":"\n<ul>\n<li>\n<p> Banco Central deve reduzir taxa b\u00e1sica de juros, a Selic. <\/p>\n<\/li>\n<li>\n<p> Estimativa de economistas de institui\u00e7\u00f5es financeiras \u00e9 de que corte seja de 0,5 ponto percentual. <\/p>\n<\/li>\n<li>\n<p> Diante dessa proje\u00e7\u00e3o, o juro deve cair para 12,75% ao ano. <\/p>\n<\/li>\n<li>\n<p> Ap\u00f3s meses de juros elevados, Copom come\u00e7ou a baixar a Selic na \u00faltima reuni\u00e3o, em agosto. <\/p>\n<\/li>\n<li>\n<p> Cen\u00e1rio de infla\u00e7\u00e3o controlada favorece os cortes. <\/p>\n<\/li>\n<\/ul>\n<p> Banco Central deve reduzir taxa b\u00e1sica de juros, a Selic. <\/p>\n<p> Estimativa de economistas de institui\u00e7\u00f5es financeiras \u00e9 de que corte seja de 0,5 ponto percentual. <\/p>\n<p> Diante dessa proje\u00e7\u00e3o, o juro deve cair para 12,75% ao ano. <\/p>\n<p> Ap\u00f3s meses de juros elevados, Copom come\u00e7ou a baixar a Selic na \u00faltima reuni\u00e3o, em agosto. <\/p>\n<p> Cen\u00e1rio de infla\u00e7\u00e3o controlada favorece os cortes. <\/p>\n<p> O Comit\u00ea de Pol\u00edtica Monet\u00e1ria (Copom) do Banco Central se re\u00fane nesta quarta-feira (20) e deve reduzir a taxa b\u00e1sica de juros da economia de 13,25% para 12,75% ao ano, de acordo com estimativa dos economistas das institui\u00e7\u00f5es financeiras. A decis\u00e3o ser\u00e1 anunciada por volta das 18h30. <\/p>\n<ul>\n<li>\u2705<a class href=\"https:\/\/www.whatsapp.com\/channel\/0029Va2ll12AInPbyd8p933r\" target=\"_blank\" rel=\"noopener noreferrer\"><strong>Clique aqui para seguir o novo canal do g1 no WhatsApp.<\/strong><\/a><\/li>\n<li>\u26a0O grupo antigo ser\u00e1 desativado. Mesmo que voc\u00ea j\u00e1 fa\u00e7a parte da nossa comunidade, \u00e9 preciso se inscrever novamente.<\/li>\n<\/ul>\n<p> Se confirmado, esse ser\u00e1 o <strong>segundo corte seguido na taxa Selic,<\/strong> <a class href=\"https:\/\/g1.globo.com\/economia\/noticia\/2023\/08\/02\/copom-corta-taxa-basica-de-juros-selic-cai-de-1375percent-para-1325percent.ghtml\">que come\u00e7ou a recuar em agosto deste ano. <\/a>Em 12,75% ao ano, a taxa cairia ao menor patamar desde maio de 2022 &#8212; quando estava em 11,75% ao ano. <strong>Ou seja, seria a menor taxa em 16 meses. <\/strong> <\/p>\n<p> A aposta do mercado financeiro de que o juro vai cair para 12,75% ao ano tem por base indica\u00e7\u00f5es do pr\u00f3prio Banco Central. No comunicado de sua \u00faltima reuni\u00e3o, quando a taxa recuou 0,5 ponto percentual, o Copom informou que poderia continuar promovendo &quot;redu\u00e7\u00e3o da mesma magnitude&quot; \u00e0 adotada naquele momento. <\/p>\n<p>                   <img loading=\"lazy\" decoding=\"async\" class=\"aligncenter size-full wp-image-53070\" src=\"https:\/\/blog.corretoraideal.com.br\/wp-content\/uploads\/2023\/09\/ata-do-copom-sinaliza-para-novos-cortes-na-selic-na-ordem-de-05-pontos.jpeg\" alt=\"Ata do Copom sinaliza para novos cortes na Selic na ordem de 0,5 pontos\" width=\"800\" height=\"400\" \/>      <\/p>\n<p> Ata do Copom sinaliza para novos cortes na Selic na ordem de 0,5 pontos <\/p>\n<p> A proje\u00e7\u00e3o dos analistas do mercado financeiro \u00e9 de que a <a class href=\"https:\/\/g1.globo.com\/google\/amp\/economia\/noticia\/2023\/09\/18\/mercado-baixa-estimativa-de-inflacao-e-ve-alta-maior-do-pib-em-2023-e-2024.ghtml\">taxa continuar\u00e1 recuando nos pr\u00f3ximos meses, terminando o ano de 2023 em 11,75% ao ano.<\/a> Para o fim de 2024, a proje\u00e7\u00e3o \u00e9 de que Selic caia para 9% ao ano. <\/p>\n<p><h2>Metas de infla\u00e7\u00e3o<\/h2>\n<\/p>\n<p> Para definir a taxa b\u00e1sica de juros e tentar conter a alta dos pre\u00e7os, o BC j\u00e1 est\u00e1 mirando, neste momento, na meta do ano que vem e no objetivo, em 12 meses, para o in\u00edcio de 2025. <\/p>\n<ul>\n<li>A meta de infla\u00e7\u00e3o do pr\u00f3ximo ano, definida pelo Conselho Monet\u00e1rio Nacional (CMN), \u00e9 de 3% e ser\u00e1 considerada cumprida se oscilar entre 1,5% e 4,5%.<\/li>\n<li>Na semana passada, os economistas do mercado financeiro reduziram a estimativa de infla\u00e7\u00e3o deste ano, de 4,93% para 4,86%, e <a class href=\"https:\/\/g1.globo.com\/google\/amp\/economia\/noticia\/2023\/09\/18\/mercado-baixa-estimativa-de-inflacao-e-ve-alta-maior-do-pib-em-2023-e-2024.ghtml\">passaram a projetar uma infla\u00e7\u00e3o de 3,98% para 2024.<\/a><\/li>\n<\/ul>\n<p> Taxa b\u00e1sica de juros da economia, a Selic \u00e9 o principal instrumento de pol\u00edtica monet\u00e1ria utilizado pelo Banco Central para controlar a infla\u00e7\u00e3o. <\/p>\n<p> Quanto maior a infla\u00e7\u00e3o, menor \u00e9 o poder de compra das pessoas, principalmente das que recebem sal\u00e1rios menores. Isso, porque os pre\u00e7os dos produtos aumentam, sem que o sal\u00e1rio acompanhe esse crescimento. <\/p>\n<p> Apesar do <a class href=\"https:\/\/g1.globo.com\/economia\/noticia\/2023\/09\/12\/ipca-sobe-023percent-em-agosto.ghtml\">aumento da infla\u00e7\u00e3o em agosto deste ano, que somou 4,61% em doze meses<\/a>, analistas avaliam que isso j\u00e1 era projetado. Al\u00e9m disso, pontuam que os dados da infla\u00e7\u00e3o subiram menos que o esperado. &quot;Ent\u00e3o, ainda h\u00e1 ind\u00edcios t\u00e9cnicos para haver esta redu\u00e7\u00e3o [dos juros]&quot;, disse Dierson Richetti, s\u00f3cio da GT Capital. <\/p>\n<p><h2>Consequ\u00eancias de juros menores<\/h2>\n<\/p>\n<p> De acordo com especialistas, a redu\u00e7\u00e3o da taxa de juros no Brasil ter\u00e1 v\u00e1rias consequ\u00eancias para a economia. Veja abaixo algumas delas: <\/p>\n<ul>\n<li><strong>Redu\u00e7\u00e3o das taxas banc\u00e1rias<\/strong>: a tend\u00eancia \u00e9 que os cortes de juros sejam repassados aos clientes. Em junho, antes mesmo do in\u00edcio do ciclo de corte da Selic pelo BC brasileiro,<a class href=\"https:\/\/g1.globo.com\/economia\/noticia\/2023\/07\/27\/juros-bancarios-medios-tem-1a-queda-do-ano-em-junho-para-446percent-ao-ano.ghtml\"> os juros m\u00e9dios dos bancos j\u00e1 come\u00e7aram a recuar.<\/a> Foi a primeira queda neste ano. <a class href=\"https:\/\/g1.globo.com\/economia\/noticia\/2023\/08\/28\/taxa-media-de-juros-para-emprestimos-soma-443percent-ao-ano-em-julho-diz-bc.ghtml\">Em julho, \u00faltimo dado divulgado, recuaram novamente. <\/a><\/li>\n<li><strong>Crescimento da economia<\/strong>: com juros mais baixos, a expectativa \u00e9 de que comece a haver um comportamento melhor do consumo da popula\u00e7\u00e3o e, tamb\u00e9m, melhora dos investimentos produtivos, impactando positivamente o Produto Interno Bruto (PIB), o emprego e a renda. <a class href=\"https:\/\/g1.globo.com\/economia\/noticia\/2023\/09\/01\/pib-do-brasil-cresce-09percent-no-2-trimestre-de-2023-diz-ibge.ghtml\">Os dados de atividade t\u00eam surpreendido positivamente neste ano. <\/a><\/li>\n<li><strong>Melhora das contas p\u00fablicas<\/strong>: as redu\u00e7\u00f5es de juros tamb\u00e9m favorecem as contas p\u00fablicas, pois diminuem as despesas com juros da d\u00edvida p\u00fablica. Em 2022, a despesa com juros somou R$ 586 bilh\u00f5es. Na porcentagem do PIB (5,96%), foi o maior patamar desde 2017. <a class href=\"https:\/\/g1.globo.com\/economia\/noticia\/2023\/08\/04\/cortes-de-juros-podem-gerar-economia-de-ate-r-100-bilhoes-em-2024-nos-gastos-do-governo-estimam-economistas.ghtml\">Analistas estimaram que a redu\u00e7\u00e3o dos juros pode gerar economia de R$ 100 bilh\u00f5es em 2024.<\/a><\/li>\n<li><strong>Impacto nas aplica\u00e7\u00f5es financeiras<\/strong>: investimentos em renda fixa, como no Tesouro Direto e em deb\u00eantures, por\u00e9m, tendem a ter um rendimento menor, com o passar do tempo, do que teriam com juros mais elevados. &quot;Para a renda fixa, continuamos com vis\u00e3o construtiva, dadas as taxas de juros ainda elevadas, mas com prefer\u00eancia para t\u00edtulos atrelados ao IPCA&quot;, avaliou a XP, em comunicado. <\/li>\n<\/ul>\n<p><h2>Avalia\u00e7\u00e3o de economistas<\/h2>\n<\/p>\n<p> Na avalia\u00e7\u00e3o do economista da empresa de investimentos Suno, Rafael Perez, o PIB de 2023 est\u00e1 mostrando resultados melhores do que o esperado, mas n\u00e3o deve causar impacto na infla\u00e7\u00e3o. No entanto, como a alta na atividade econ\u00f4mica pode elevar os pre\u00e7os, o economista acredita que os cortes na taxa de juros n\u00e3o ter\u00e3o surpresas nas reuni\u00f5es at\u00e9 o fim do ano. <\/p>\n<p>&quot;Portanto, para 2023 n\u00e3o acreditamos em mudan\u00e7a na trajet\u00f3ria de queda dos juros, dado que o desempenho mais forte do PIB n\u00e3o deve trazer altera\u00e7\u00f5es relevantes sobre infla\u00e7\u00e3o e o fato do Banco Central j\u00e1 ter sinalizado cortes de 50 ponto percentual nos juros para este ano. Contudo, esse resultado do PIB pode limitar o espa\u00e7o para quedas al\u00e9m do que j\u00e1 foi contratado.&quot;<\/p>\n<p> Ainda h\u00e1 outras duas reuni\u00f5es do Copom previstas at\u00e9 o fim do ano: em 1\u00ba de novembro e em 13 de dezembro. <\/p>\n<p> O CEO da Loara Cr\u00e9dito, Adilson Seixas, lista alguns fatores para justificar a previs\u00e3o de queda dos juros nesta reuni\u00e3o do Copom e nas pr\u00f3ximas. Entre os pontos listados, est\u00e3o uma desacelera\u00e7\u00e3o da economia esperada para o ano que vem e a melhora do risco fiscal do pa\u00eds. <\/p>\n<p>&quot;No mercado interno, tamb\u00e9m podemos enfrentar nos pr\u00f3ximos meses uma desacelera\u00e7\u00e3o da economia, devido aos resultados dos juros altos que se estenderam por um longo per\u00edodo, al\u00e9m da melhora da percep\u00e7\u00e3o de risco pol\u00edtico-fiscal no pa\u00eds&quot;, afirmou. &quot;Esses cen\u00e1rios s\u00e3o alguns pontos de aten\u00e7\u00e3o para o Banco Central seguir reduzindo a taxa Selic ao longo de suas pr\u00f3ximas reuni\u00f5es&quot;,\u00a0completou.<\/p>\n<p> Para o economista-chefe da Nova Futura Investimentos, Nicolas Borsoi, apesar da possibilidade de o Copom acelerar os cortes para 0,75 ponto percentual no fim de 2023, o cen\u00e1rio mais favor\u00e1vel, na vis\u00e3o dele, \u00e9 de que esses cortes sejam de 0,50 ponto percentual em todas as reuni\u00f5es deste ano. <\/p>\n<p>\u201cAinda vemos o Copom com uma mensagem de cautela e parcim\u00f4nia. Portanto, esperamos um corte de 0,50% na quarta-feira. Para os anos fechados, esperamos que a Selic termine 2023 em 11,75%, com o ciclo se estendendo no pr\u00f3ximo ano, com a taxa Selic fechando 2024 em 9,50%\u201d, sugere. <\/p>\n<ul> <\/ul>\n","protected":false},"excerpt":{"rendered":"<p>Banco Central deve reduzir taxa b\u00e1sica de juros, a Selic. Estimativa de economistas de institui\u00e7\u00f5es financeiras \u00e9 de que corte seja de 0,5 ponto percentual. Diante dessa proje\u00e7\u00e3o, o juro deve cair para 12,75% ao ano. Ap\u00f3s meses de juros elevados, Copom come\u00e7ou a baixar a Selic na \u00faltima reuni\u00e3o, em agosto. Cen\u00e1rio de infla\u00e7\u00e3o [&hellip;]<\/p>\n","protected":false},"author":1,"featured_media":0,"comment_status":"closed","ping_status":"closed","sticky":false,"template":"","format":"standard","meta":{"footnotes":""},"categories":[],"tags":[],"class_list":["post-53068","post","type-post","status-publish","format-standard","hentry"],"_links":{"self":[{"href":"https:\/\/blog.corretoraideal.com.br\/index.php\/wp-json\/wp\/v2\/posts\/53068","targetHints":{"allow":["GET"]}}],"collection":[{"href":"https:\/\/blog.corretoraideal.com.br\/index.php\/wp-json\/wp\/v2\/posts"}],"about":[{"href":"https:\/\/blog.corretoraideal.com.br\/index.php\/wp-json\/wp\/v2\/types\/post"}],"author":[{"embeddable":true,"href":"https:\/\/blog.corretoraideal.com.br\/index.php\/wp-json\/wp\/v2\/users\/1"}],"replies":[{"embeddable":true,"href":"https:\/\/blog.corretoraideal.com.br\/index.php\/wp-json\/wp\/v2\/comments?post=53068"}],"version-history":[{"count":1,"href":"https:\/\/blog.corretoraideal.com.br\/index.php\/wp-json\/wp\/v2\/posts\/53068\/revisions"}],"predecessor-version":[{"id":53071,"href":"https:\/\/blog.corretoraideal.com.br\/index.php\/wp-json\/wp\/v2\/posts\/53068\/revisions\/53071"}],"wp:attachment":[{"href":"https:\/\/blog.corretoraideal.com.br\/index.php\/wp-json\/wp\/v2\/media?parent=53068"}],"wp:term":[{"taxonomy":"category","embeddable":true,"href":"https:\/\/blog.corretoraideal.com.br\/index.php\/wp-json\/wp\/v2\/categories?post=53068"},{"taxonomy":"post_tag","embeddable":true,"href":"https:\/\/blog.corretoraideal.com.br\/index.php\/wp-json\/wp\/v2\/tags?post=53068"}],"curies":[{"name":"wp","href":"https:\/\/api.w.org\/{rel}","templated":true}]}}